{"id":613,"date":"2015-07-08T11:19:06","date_gmt":"2015-07-08T10:19:06","guid":{"rendered":"https:\/\/www.asevegarches.fr\/blog\/?p=613"},"modified":"2015-10-01T10:08:11","modified_gmt":"2015-10-01T09:08:11","slug":"vous-avez-un-message","status":"publish","type":"post","link":"https:\/\/www.asevegarches.fr\/blog\/2015\/07\/08\/vous-avez-un-message\/","title":{"rendered":"Vous avez un message"},"content":{"rendered":"<p>La derni\u00e8re lettre de l&rsquo;ASEVE vient de para\u00eetre dans laquelle vous retrouverez des informations, des prises de position et des rendez-vous \u00e0 ne pas manquer. Le d\u00e9veloppement durable, c&rsquo;est l&rsquo;affaire de tous !<\/p>\n<h3><a href=\"https:\/\/www.asevegarches.fr\/blog\/wp-content\/uploads\/2015\/07\/1er-page-transition.jpg\"><img loading=\"lazy\" decoding=\"async\" style=\"border: 6px solid green; margin-left: 10px; margin-right: 15px;\" alt=\"Page 1\" src=\"https:\/\/www.asevegarches.fr\/blog\/wp-content\/uploads\/2015\/07\/1er-page-transition-217x300.jpg\" width=\"217\" height=\"300\" \/><\/a><a href=\"https:\/\/www.dropbox.com\/s\/7018jaind5vvbjy\/2%20page%20letrre%20juin%2015.jpg?dl=0\"><img loading=\"lazy\" decoding=\"async\" style=\"border: 6px solid green; margin-left: 10px; margin-right: 15px;\" alt=\"Page 2\" src=\"https:\/\/www.asevegarches.fr\/blog\/wp-content\/uploads\/2015\/07\/2-page-letrre-juin-15-216x300.jpg\" width=\"216\" height=\"300\" \/><\/a><\/h3>\n","protected":false},"excerpt":{"rendered":"<p>La derni\u00e8re lettre de l&rsquo;ASEVE vient de para\u00eetre dans laquelle vous retrouverez des informations, des prises de position et des rendez-vous \u00e0 ne pas manquer. Le d\u00e9veloppement durable, c&rsquo;est l&rsquo;affaire de tous !<\/p>\n","protected":false},"author":1,"featured_media":0,"comment_status":"closed","ping_status":"open","sticky":false,"template":"","format":"standard","meta":{"_jetpack_newsletter_access":"","_jetpack_dont_email_post_to_subs":false,"_jetpack_newsletter_tier_id":0,"_jetpack_memberships_contains_paywalled_content":false,"_jetpack_memberships_contains_paid_content":false,"footnotes":""},"categories":[35],"tags":[],"class_list":["post-613","post","type-post","status-publish","format-standard","hentry","category-newsletter"],"yoast_head":"<!-- This site is optimized with the Yoast SEO plugin v28.4 - https:\/\/yoast.com\/product\/yoast-seo-wordpress\/ -->\n<title>Vous avez un message - ASEVE GARCHES<\/title>\n<meta name=\"robots\" content=\"index, follow, max-snippet:-1, max-image-preview:large, max-video-preview:-1\" \/>\n<link rel=\"canonical\" href=\"http:\/\/www.asevegarches.fr\/blog\/2015\/07\/08\/vous-avez-un-message\/\" \/>\n<meta property=\"og:locale\" content=\"fr_FR\" \/>\n<meta property=\"og:type\" content=\"article\" \/>\n<meta property=\"og:title\" content=\"Vous avez un message - ASEVE GARCHES\" \/>\n<meta property=\"og:description\" content=\"La derni\u00e8re lettre de l&rsquo;ASEVE vient de para\u00eetre dans laquelle vous retrouverez des informations, des prises de position et des rendez-vous \u00e0 ne pas manquer. Le d\u00e9veloppement durable, c&rsquo;est l&rsquo;affaire de tous !\" \/>\n<meta property=\"og:url\" content=\"http:\/\/www.asevegarches.fr\/blog\/2015\/07\/08\/vous-avez-un-message\/\" \/>\n<meta property=\"og:site_name\" content=\"ASEVE GARCHES\" \/>\n<meta property=\"article:published_time\" content=\"2015-07-08T10:19:06+00:00\" \/>\n<meta property=\"article:modified_time\" content=\"2015-10-01T09:08:11+00:00\" \/>\n<meta property=\"og:image\" content=\"https:\/\/www.asevegarches.fr\/blog\/wp-content\/uploads\/2015\/07\/1er-page-transition-217x300.jpg\" \/>\n<meta name=\"author\" content=\"aseve\" \/>\n<meta name=\"twitter:card\" content=\"summary_large_image\" \/>\n<meta name=\"twitter:label1\" content=\"\u00c9crit par\" \/>\n\t<meta name=\"twitter:data1\" content=\"aseve\" \/>\n<script type=\"application\/ld+json\" class=\"yoast-schema-graph\">{\"@context\":\"https:\\\/\\\/schema.org\",\"@graph\":[{\"@type\":\"Article\",\"@id\":\"http:\\\/\\\/www.asevegarches.fr\\\/blog\\\/2015\\\/07\\\/08\\\/vous-avez-un-message\\\/#article\",\"isPartOf\":{\"@id\":\"http:\\\/\\\/www.asevegarches.fr\\\/blog\\\/2015\\\/07\\\/08\\\/vous-avez-un-message\\\/\"},\"author\":{\"name\":\"aseve\",\"@id\":\"https:\\\/\\\/www.asevegarches.fr\\\/blog\\\/#\\\/schema\\\/person\\\/428c8c0bdd5ce55a52d81a86ee606c15\"},\"headline\":\"Vous avez un message\",\"datePublished\":\"2015-07-08T10:19:06+00:00\",\"dateModified\":\"2015-10-01T09:08:11+00:00\",\"mainEntityOfPage\":{\"@id\":\"http:\\\/\\\/www.asevegarches.fr\\\/blog\\\/2015\\\/07\\\/08\\\/vous-avez-un-message\\\/\"},\"wordCount\":38,\"publisher\":{\"@id\":\"https:\\\/\\\/www.asevegarches.fr\\\/blog\\\/#organization\"},\"image\":{\"@id\":\"http:\\\/\\\/www.asevegarches.fr\\\/blog\\\/2015\\\/07\\\/08\\\/vous-avez-un-message\\\/#primaryimage\"},\"thumbnailUrl\":\"https:\\\/\\\/www.asevegarches.fr\\\/blog\\\/wp-content\\\/uploads\\\/2015\\\/07\\\/1er-page-transition-217x300.jpg\",\"articleSection\":[\"Newsletter\"],\"inLanguage\":\"fr-FR\"},{\"@type\":\"WebPage\",\"@id\":\"http:\\\/\\\/www.asevegarches.fr\\\/blog\\\/2015\\\/07\\\/08\\\/vous-avez-un-message\\\/\",\"url\":\"http:\\\/\\\/www.asevegarches.fr\\\/blog\\\/2015\\\/07\\\/08\\\/vous-avez-un-message\\\/\",\"name\":\"Vous avez un message - ASEVE GARCHES\",\"isPartOf\":{\"@id\":\"https:\\\/\\\/www.asevegarches.fr\\\/blog\\\/#website\"},\"primaryImageOfPage\":{\"@id\":\"http:\\\/\\\/www.asevegarches.fr\\\/blog\\\/2015\\\/07\\\/08\\\/vous-avez-un-message\\\/#primaryimage\"},\"image\":{\"@id\":\"http:\\\/\\\/www.asevegarches.fr\\\/blog\\\/2015\\\/07\\\/08\\\/vous-avez-un-message\\\/#primaryimage\"},\"thumbnailUrl\":\"https:\\\/\\\/www.asevegarches.fr\\\/blog\\\/wp-content\\\/uploads\\\/2015\\\/07\\\/1er-page-transition-217x300.jpg\",\"datePublished\":\"2015-07-08T10:19:06+00:00\",\"dateModified\":\"2015-10-01T09:08:11+00:00\",\"breadcrumb\":{\"@id\":\"http:\\\/\\\/www.asevegarches.fr\\\/blog\\\/2015\\\/07\\\/08\\\/vous-avez-un-message\\\/#breadcrumb\"},\"inLanguage\":\"fr-FR\",\"potentialAction\":[{\"@type\":\"ReadAction\",\"target\":[\"http:\\\/\\\/www.asevegarches.fr\\\/blog\\\/2015\\\/07\\\/08\\\/vous-avez-un-message\\\/\"]}]},{\"@type\":\"ImageObject\",\"inLanguage\":\"fr-FR\",\"@id\":\"http:\\\/\\\/www.asevegarches.fr\\\/blog\\\/2015\\\/07\\\/08\\\/vous-avez-un-message\\\/#primaryimage\",\"url\":\"https:\\\/\\\/www.asevegarches.fr\\\/blog\\\/wp-content\\\/uploads\\\/2015\\\/07\\\/1er-page-transition.jpg\",\"contentUrl\":\"https:\\\/\\\/www.asevegarches.fr\\\/blog\\\/wp-content\\\/uploads\\\/2015\\\/07\\\/1er-page-transition.jpg\",\"width\":1240,\"height\":1712},{\"@type\":\"BreadcrumbList\",\"@id\":\"http:\\\/\\\/www.asevegarches.fr\\\/blog\\\/2015\\\/07\\\/08\\\/vous-avez-un-message\\\/#breadcrumb\",\"itemListElement\":[{\"@type\":\"ListItem\",\"position\":1,\"name\":\"Accueil\",\"item\":\"https:\\\/\\\/www.asevegarches.fr\\\/blog\\\/\"},{\"@type\":\"ListItem\",\"position\":2,\"name\":\"Vous avez un message\"}]},{\"@type\":\"WebSite\",\"@id\":\"https:\\\/\\\/www.asevegarches.fr\\\/blog\\\/#website\",\"url\":\"https:\\\/\\\/www.asevegarches.fr\\\/blog\\\/\",\"name\":\"ASEVE GARCHES\",\"description\":\"\",\"publisher\":{\"@id\":\"https:\\\/\\\/www.asevegarches.fr\\\/blog\\\/#organization\"},\"potentialAction\":[{\"@type\":\"SearchAction\",\"target\":{\"@type\":\"EntryPoint\",\"urlTemplate\":\"https:\\\/\\\/www.asevegarches.fr\\\/blog\\\/?s={search_term_string}\"},\"query-input\":{\"@type\":\"PropertyValueSpecification\",\"valueRequired\":true,\"valueName\":\"search_term_string\"}}],\"inLanguage\":\"fr-FR\"},{\"@type\":\"Organization\",\"@id\":\"https:\\\/\\\/www.asevegarches.fr\\\/blog\\\/#organization\",\"name\":\"Association de Sauvegarde des Espaces Verts et de l'Environnement\",\"alternateName\":\"ASEVE\",\"url\":\"https:\\\/\\\/www.asevegarches.fr\\\/blog\\\/\",\"logo\":{\"@type\":\"ImageObject\",\"inLanguage\":\"fr-FR\",\"@id\":\"https:\\\/\\\/www.asevegarches.fr\\\/blog\\\/#\\\/schema\\\/logo\\\/image\\\/\",\"url\":\"https:\\\/\\\/i0.wp.com\\\/www.asevegarches.fr\\\/blog\\\/wp-content\\\/uploads\\\/2022\\\/10\\\/LOGO_logo-facebook.jpg?fit=1501%2C1501\",\"contentUrl\":\"https:\\\/\\\/i0.wp.com\\\/www.asevegarches.fr\\\/blog\\\/wp-content\\\/uploads\\\/2022\\\/10\\\/LOGO_logo-facebook.jpg?fit=1501%2C1501\",\"width\":1501,\"height\":1501,\"caption\":\"Association de Sauvegarde des Espaces Verts et de l'Environnement\"},\"image\":{\"@id\":\"https:\\\/\\\/www.asevegarches.fr\\\/blog\\\/#\\\/schema\\\/logo\\\/image\\\/\"}},{\"@type\":\"Person\",\"@id\":\"https:\\\/\\\/www.asevegarches.fr\\\/blog\\\/#\\\/schema\\\/person\\\/428c8c0bdd5ce55a52d81a86ee606c15\",\"name\":\"aseve\",\"image\":{\"@type\":\"ImageObject\",\"inLanguage\":\"fr-FR\",\"@id\":\"https:\\\/\\\/secure.gravatar.com\\\/avatar\\\/ecef828e21d04ee42984b2273fa699b5c50be14dac440c25fd3edc29fb334f7b?s=96&d=mm&r=g\",\"url\":\"https:\\\/\\\/secure.gravatar.com\\\/avatar\\\/ecef828e21d04ee42984b2273fa699b5c50be14dac440c25fd3edc29fb334f7b?s=96&d=mm&r=g\",\"contentUrl\":\"https:\\\/\\\/secure.gravatar.com\\\/avatar\\\/ecef828e21d04ee42984b2273fa699b5c50be14dac440c25fd3edc29fb334f7b?s=96&d=mm&r=g\",\"caption\":\"aseve\"},\"url\":\"https:\\\/\\\/www.asevegarches.fr\\\/blog\\\/author\\\/admin\\\/\"}]}<\/script>\n<!-- \/ Yoast SEO plugin. -->","yoast_head_json":{"title":"Vous avez un message - ASEVE GARCHES","robots":{"index":"index","follow":"follow","max-snippet":"max-snippet:-1","max-image-preview":"max-image-preview:large","max-video-preview":"max-video-preview:-1"},"canonical":"http:\/\/www.asevegarches.fr\/blog\/2015\/07\/08\/vous-avez-un-message\/","og_locale":"fr_FR","og_type":"article","og_title":"Vous avez un message - ASEVE GARCHES","og_description":"La derni\u00e8re lettre de l&rsquo;ASEVE vient de para\u00eetre dans laquelle vous retrouverez des informations, des prises de position et des rendez-vous \u00e0 ne pas manquer. Le d\u00e9veloppement durable, c&rsquo;est l&rsquo;affaire de tous !","og_url":"http:\/\/www.asevegarches.fr\/blog\/2015\/07\/08\/vous-avez-un-message\/","og_site_name":"ASEVE GARCHES","article_published_time":"2015-07-08T10:19:06+00:00","article_modified_time":"2015-10-01T09:08:11+00:00","og_image":[{"url":"https:\/\/www.asevegarches.fr\/blog\/wp-content\/uploads\/2015\/07\/1er-page-transition-217x300.jpg","type":"","width":"","height":""}],"author":"aseve","twitter_card":"summary_large_image","twitter_misc":{"\u00c9crit par":"aseve"},"schema":{"@context":"https:\/\/schema.org","@graph":[{"@type":"Article","@id":"http:\/\/www.asevegarches.fr\/blog\/2015\/07\/08\/vous-avez-un-message\/#article","isPartOf":{"@id":"http:\/\/www.asevegarches.fr\/blog\/2015\/07\/08\/vous-avez-un-message\/"},"author":{"name":"aseve","@id":"https:\/\/www.asevegarches.fr\/blog\/#\/schema\/person\/428c8c0bdd5ce55a52d81a86ee606c15"},"headline":"Vous avez un message","datePublished":"2015-07-08T10:19:06+00:00","dateModified":"2015-10-01T09:08:11+00:00","mainEntityOfPage":{"@id":"http:\/\/www.asevegarches.fr\/blog\/2015\/07\/08\/vous-avez-un-message\/"},"wordCount":38,"publisher":{"@id":"https:\/\/www.asevegarches.fr\/blog\/#organization"},"image":{"@id":"http:\/\/www.asevegarches.fr\/blog\/2015\/07\/08\/vous-avez-un-message\/#primaryimage"},"thumbnailUrl":"https:\/\/www.asevegarches.fr\/blog\/wp-content\/uploads\/2015\/07\/1er-page-transition-217x300.jpg","articleSection":["Newsletter"],"inLanguage":"fr-FR"},{"@type":"WebPage","@id":"http:\/\/www.asevegarches.fr\/blog\/2015\/07\/08\/vous-avez-un-message\/","url":"http:\/\/www.asevegarches.fr\/blog\/2015\/07\/08\/vous-avez-un-message\/","name":"Vous avez un message - ASEVE GARCHES","isPartOf":{"@id":"https:\/\/www.asevegarches.fr\/blog\/#website"},"primaryImageOfPage":{"@id":"http:\/\/www.asevegarches.fr\/blog\/2015\/07\/08\/vous-avez-un-message\/#primaryimage"},"image":{"@id":"http:\/\/www.asevegarches.fr\/blog\/2015\/07\/08\/vous-avez-un-message\/#primaryimage"},"thumbnailUrl":"https:\/\/www.asevegarches.fr\/blog\/wp-content\/uploads\/2015\/07\/1er-page-transition-217x300.jpg","datePublished":"2015-07-08T10:19:06+00:00","dateModified":"2015-10-01T09:08:11+00:00","breadcrumb":{"@id":"http:\/\/www.asevegarches.fr\/blog\/2015\/07\/08\/vous-avez-un-message\/#breadcrumb"},"inLanguage":"fr-FR","potentialAction":[{"@type":"ReadAction","target":["http:\/\/www.asevegarches.fr\/blog\/2015\/07\/08\/vous-avez-un-message\/"]}]},{"@type":"ImageObject","inLanguage":"fr-FR","@id":"http:\/\/www.asevegarches.fr\/blog\/2015\/07\/08\/vous-avez-un-message\/#primaryimage","url":"https:\/\/www.asevegarches.fr\/blog\/wp-content\/uploads\/2015\/07\/1er-page-transition.jpg","contentUrl":"https:\/\/www.asevegarches.fr\/blog\/wp-content\/uploads\/2015\/07\/1er-page-transition.jpg","width":1240,"height":1712},{"@type":"BreadcrumbList","@id":"http:\/\/www.asevegarches.fr\/blog\/2015\/07\/08\/vous-avez-un-message\/#breadcrumb","itemListElement":[{"@type":"ListItem","position":1,"name":"Accueil","item":"https:\/\/www.asevegarches.fr\/blog\/"},{"@type":"ListItem","position":2,"name":"Vous avez un message"}]},{"@type":"WebSite","@id":"https:\/\/www.asevegarches.fr\/blog\/#website","url":"https:\/\/www.asevegarches.fr\/blog\/","name":"ASEVE GARCHES","description":"","publisher":{"@id":"https:\/\/www.asevegarches.fr\/blog\/#organization"},"potentialAction":[{"@type":"SearchAction","target":{"@type":"EntryPoint","urlTemplate":"https:\/\/www.asevegarches.fr\/blog\/?s={search_term_string}"},"query-input":{"@type":"PropertyValueSpecification","valueRequired":true,"valueName":"search_term_string"}}],"inLanguage":"fr-FR"},{"@type":"Organization","@id":"https:\/\/www.asevegarches.fr\/blog\/#organization","name":"Association de Sauvegarde des Espaces Verts et de l'Environnement","alternateName":"ASEVE","url":"https:\/\/www.asevegarches.fr\/blog\/","logo":{"@type":"ImageObject","inLanguage":"fr-FR","@id":"https:\/\/www.asevegarches.fr\/blog\/#\/schema\/logo\/image\/","url":"https:\/\/i0.wp.com\/www.asevegarches.fr\/blog\/wp-content\/uploads\/2022\/10\/LOGO_logo-facebook.jpg?fit=1501%2C1501","contentUrl":"https:\/\/i0.wp.com\/www.asevegarches.fr\/blog\/wp-content\/uploads\/2022\/10\/LOGO_logo-facebook.jpg?fit=1501%2C1501","width":1501,"height":1501,"caption":"Association de Sauvegarde des Espaces Verts et de l'Environnement"},"image":{"@id":"https:\/\/www.asevegarches.fr\/blog\/#\/schema\/logo\/image\/"}},{"@type":"Person","@id":"https:\/\/www.asevegarches.fr\/blog\/#\/schema\/person\/428c8c0bdd5ce55a52d81a86ee606c15","name":"aseve","image":{"@type":"ImageObject","inLanguage":"fr-FR","@id":"https:\/\/secure.gravatar.com\/avatar\/ecef828e21d04ee42984b2273fa699b5c50be14dac440c25fd3edc29fb334f7b?s=96&d=mm&r=g","url":"https:\/\/secure.gravatar.com\/avatar\/ecef828e21d04ee42984b2273fa699b5c50be14dac440c25fd3edc29fb334f7b?s=96&d=mm&r=g","contentUrl":"https:\/\/secure.gravatar.com\/avatar\/ecef828e21d04ee42984b2273fa699b5c50be14dac440c25fd3edc29fb334f7b?s=96&d=mm&r=g","caption":"aseve"},"url":"https:\/\/www.asevegarches.fr\/blog\/author\/admin\/"}]}},"jetpack_sharing_enabled":true,"jetpack_shortlink":"https:\/\/wp.me\/p6YGVC-9T","jetpack-related-posts":[{"id":2363,"url":"https:\/\/www.asevegarches.fr\/blog\/2016\/08\/30\/forum-des-associations\/","url_meta":{"origin":613,"position":0},"title":"Forum des associations","author":"aseve","date":"30 ao\u00fbt 2016","format":false,"excerpt":"A l'instar des \u00e9coliers, l'ASEVE fera sa rentr\u00e9e \u00e0 l'occasion du Forum des Associations de Garches. Vous avez des questions, des id\u00e9es, des suggestions, vous souhaitez rejoindre l'association, ou tout simplement, vous \u00eates curieux, venez nous retrouver : dimanche 6 septembre 2016 Gymnase les Meuries de 10h \u00e0 18h Nous\u2026","rel":"","context":"Dans &quot;Actualit\u00e9s&quot;","block_context":{"text":"Actualit\u00e9s","link":"https:\/\/www.asevegarches.fr\/blog\/category\/actualites\/"},"img":{"alt_text":"ardoise","src":"https:\/\/i0.wp.com\/www.asevegarches.fr\/blog\/wp-content\/uploads\/2016\/08\/ardoise-300x211.jpg?resize=350%2C200&ssl=1","width":350,"height":200},"classes":[]},{"id":2736,"url":"https:\/\/www.asevegarches.fr\/blog\/2019\/12\/16\/choisir-sapin-de-noel\/","url_meta":{"origin":613,"position":1},"title":"COMMENT CHOISIR SON SAPIN DE NO\u00cbL ?","author":"aseve","date":"16 d\u00e9cembre 2019","format":false,"excerpt":"16\/12\/2019 No\u00ebl approche et vous vous demandez peut-\u00eatre comment choisir un sapin qui aurait moins d\u2019impact sur la plan\u00e8te\u00a0? Plusieurs options sont possibles\u00a0: Un vrai sapin\u00a0: Il est naturel, sent bon et il est biod\u00e9gradable. Choisissez-le fran\u00e7ais (il aura parcouru moins de kms), bio (il aura pouss\u00e9 sans engrais et\u2026","rel":"","context":"Dans &quot;Actualit\u00e9s&quot;","block_context":{"text":"Actualit\u00e9s","link":"https:\/\/www.asevegarches.fr\/blog\/category\/actualites\/"},"img":{"alt_text":"","src":"https:\/\/i0.wp.com\/www.asevegarches.fr\/blog\/wp-content\/uploads\/2019\/12\/Sans-titre-234x300.png?resize=350%2C200&ssl=1","width":350,"height":200},"classes":[]},{"id":2933,"url":"https:\/\/www.asevegarches.fr\/blog\/2020\/01\/31\/partants-laseve-2020\/","url_meta":{"origin":613,"position":2},"title":"PARTANTS AVEC l&rsquo;ASEVE EN 2020 ?","author":"aseve","date":"31 janvier 2020","format":false,"excerpt":"31\/01\/2020 Toute l'\u00e9quipe de l'ASEVE est heureuse de vous souhaiter une bonne et heureuse ann\u00e9e 2020. Cette nouvelle ann\u00e9e marquera les 50 ans d'activit\u00e9 de l'ASEVE dans la protection de l'environnement de Garches et de ses environs. Nous vous remercions de votre fid\u00e9lit\u00e9 et de votre soutien \u00e0 notre association\u2026","rel":"","context":"Dans &quot;Actualit\u00e9s&quot;","block_context":{"text":"Actualit\u00e9s","link":"https:\/\/www.asevegarches.fr\/blog\/category\/actualites\/"},"img":{"alt_text":"","src":"https:\/\/i0.wp.com\/www.asevegarches.fr\/blog\/wp-content\/uploads\/2020\/01\/the-road-815297_1920-300x200.jpg?resize=350%2C200&ssl=1","width":350,"height":200},"classes":[]},{"id":3188,"url":"https:\/\/www.asevegarches.fr\/blog\/2021\/11\/07\/repair-cafe\/","url_meta":{"origin":613,"position":3},"title":"REPAIR CAFE","author":"Contact","date":"7 novembre 2021","format":false,"excerpt":"Samedi 20 novembre \u00a0de 14h \u00e0 17h Espace coworking\u00a0 \u00a02 Place Saint Louis \u00e0 Garche Organis\u00e9 par l\u2019association ASEVE, avec le soutien de la Mairie de \u00a0 Garches, cet \u00e9v\u00e8nement, participatif et convivial, est une initiative citoyenne contre le gaspillage permettant de r\u00e9duire les d\u00e9chets et favoriser le d\u00e9veloppement durable.\u2026","rel":"","context":"Dans &quot;Actualit\u00e9s&quot;","block_context":{"text":"Actualit\u00e9s","link":"https:\/\/www.asevegarches.fr\/blog\/category\/actualites\/"},"img":{"alt_text":"","src":"https:\/\/i0.wp.com\/www.asevegarches.fr\/blog\/wp-content\/uploads\/2021\/11\/Image1-300x60.png?resize=350%2C200&ssl=1","width":350,"height":200},"classes":[]},{"id":188,"url":"https:\/\/www.asevegarches.fr\/blog\/2015\/03\/06\/la-nouvelle-lettre-est-arrivee\/","url_meta":{"origin":613,"position":4},"title":"Nouvelles de Garches","author":"aseve","date":"6 mars 2015","format":false,"excerpt":"La derni\u00e8re lettre de l\u2019ASEVE vient de para\u00eetre dans laquelle vous retrouverez des informations, des prises de position et des rendez-vous \u00e0 ne pas manquer.","rel":"","context":"Dans &quot;Newsletter&quot;","block_context":{"text":"Newsletter","link":"https:\/\/www.asevegarches.fr\/blog\/category\/newsletter\/"},"img":{"alt_text":"","src":"https:\/\/i0.wp.com\/4.bp.blogspot.com\/-nwXqRs15Sps\/VJBP_kgcy4I\/AAAAAAAAAgc\/123awuJuE-Y\/s1600\/lettre%2B12%2B14%2Bpage.JPG?resize=350%2C200","width":350,"height":200},"classes":[]},{"id":3118,"url":"https:\/\/www.asevegarches.fr\/blog\/2021\/02\/18\/laseve-mobilise-devenir-de-foret-domaniale-de-rueil-malmaisonbois-de-saint-cucufa\/","url_meta":{"origin":613,"position":5},"title":"L\u2019ASEVE mobilis\u00e9 sur le devenir de la For\u00eat Domaniale de Rueil Malmaison\/Bois de Saint Cucufa.","author":"Contact","date":"18 f\u00e9vrier 2021","format":false,"excerpt":"Depuis plusieurs semaines, via notre page Facebook, nous vous avons tenu inform\u00e9 sur la situation de la For\u00eat Domaniale de Rueil Malmaison qui subit des coupes importantes de ch\u00e2taigniers et de ch\u00eanes effectu\u00e9s par l\u2019ONF, Les riverains ont manifest\u00e9 leur incompr\u00e9hension, leur \u00e9motion et leur col\u00e8re face \u00e0 la destruction\u2026","rel":"","context":"Dans &quot;Actualit\u00e9s&quot;","block_context":{"text":"Actualit\u00e9s","link":"https:\/\/www.asevegarches.fr\/blog\/category\/actualites\/"},"img":{"alt_text":"","src":"https:\/\/i0.wp.com\/www.asevegarches.fr\/blog\/wp-content\/uploads\/2020\/05\/aseve4-219x300.jpg?resize=350%2C200&ssl=1","width":350,"height":200},"classes":[]}],"jetpack_featured_media_url":"","_links":{"self":[{"href":"https:\/\/www.asevegarches.fr\/blog\/wp-json\/wp\/v2\/posts\/613","targetHints":{"allow":["GET"]}}],"collection":[{"href":"https:\/\/www.asevegarches.fr\/blog\/wp-json\/wp\/v2\/posts"}],"about":[{"href":"https:\/\/www.asevegarches.fr\/blog\/wp-json\/wp\/v2\/types\/post"}],"author":[{"embeddable":true,"href":"https:\/\/www.asevegarches.fr\/blog\/wp-json\/wp\/v2\/users\/1"}],"replies":[{"embeddable":true,"href":"https:\/\/www.asevegarches.fr\/blog\/wp-json\/wp\/v2\/comments?post=613"}],"version-history":[{"count":23,"href":"https:\/\/www.asevegarches.fr\/blog\/wp-json\/wp\/v2\/posts\/613\/revisions"}],"predecessor-version":[{"id":1230,"href":"https:\/\/www.asevegarches.fr\/blog\/wp-json\/wp\/v2\/posts\/613\/revisions\/1230"}],"wp:attachment":[{"href":"https:\/\/www.asevegarches.fr\/blog\/wp-json\/wp\/v2\/media?parent=613"}],"wp:term":[{"taxonomy":"category","embeddable":true,"href":"https:\/\/www.asevegarches.fr\/blog\/wp-json\/wp\/v2\/categories?post=613"},{"taxonomy":"post_tag","embeddable":true,"href":"https:\/\/www.asevegarches.fr\/blog\/wp-json\/wp\/v2\/tags?post=613"}],"curies":[{"name":"wp","href":"https:\/\/api.w.org\/{rel}","templated":true}]}}