{"id":439,"date":"2015-06-13T10:50:18","date_gmt":"2015-06-13T09:50:18","guid":{"rendered":"https:\/\/www.asevegarches.fr\/blog\/?p=439"},"modified":"2015-10-01T10:08:31","modified_gmt":"2015-10-01T09:08:31","slug":"le-plu-de-garches","status":"publish","type":"post","link":"https:\/\/www.asevegarches.fr\/blog\/2015\/06\/13\/le-plu-de-garches\/","title":{"rendered":"PLU de Garches"},"content":{"rendered":"<p><a href=\"https:\/\/www.asevegarches.fr\/blog\/wp-content\/uploads\/2015\/06\/PLU_Mairie.jpg\"><img loading=\"lazy\" decoding=\"async\" class=\"alignleft\" style=\"margin-right: 15px;\" alt=\"PLU Mairie\" src=\"https:\/\/www.asevegarches.fr\/blog\/wp-content\/uploads\/2015\/06\/PLU_Mairie-197x300.jpg\" width=\"182\" height=\"278\" \/><\/a>En novembre 2014, nous vous avions inform\u00e9s de l&rsquo;\u00e9tude men\u00e9e par la ville pour l&rsquo;\u00e9tablissement d&rsquo;un nouveau PLU (Plan Local d&rsquo;Urbanisme) pour la commune de Garches, qui remplacera l&rsquo;ancien POS (Plan d&rsquo;Occupation des Sols). Ce PLU permettra de d\u00e9finir l&rsquo;avenir de votre cadre de vie.<\/p>\n<p>Diff\u00e9rentes \u00e9tapes ont \u00e9t\u00e9 franchies :<\/p>\n<p><span style=\"color: #ff0000;\"><strong>\u2022<\/strong><\/span> une \u00e9tude sur la biodiversit\u00e9 de notre commune,<\/p>\n<p><span style=\"color: #ff0000;\"><strong>\u2022<\/strong><\/span> l\u2019\u00e9tablissement d&rsquo;un PADD (Projet d&rsquo;Am\u00e9nagement et de D\u00e9veloppement Durable).<\/p>\n<p>L&rsquo;\u00e9tude est maintenant termin\u00e9e et la Mairie vous propose une\u00a0exposition dans ses locaux pendant le mois de juin 2015.<\/p>\n<p>Ce plan d\u00e9terminera l&rsquo;aspect de notre commune, son environnement, la densit\u00e9 de ses constructions, la r\u00e9partition de son habitat, etc. pour les prochaines d\u00e9cennies.<\/p>\n<p style=\"text-align: center;\"><span style=\"color: #ff0000;\"><strong>Nous sommes tous concern\u00e9s !<\/strong><\/span><\/p>\n<p>L&rsquo;ASEVE vous recommande de visiter cette exposition et de donner votre avis sur ce plan\u00a0avant\u00a0son adoption d\u00e9finitive \u00e0 l&rsquo;automne.<\/p>\n","protected":false},"excerpt":{"rendered":"<p>En novembre 2014, nous vous avions inform\u00e9s de l&rsquo;\u00e9tude men\u00e9e par la ville pour l&rsquo;\u00e9tablissement d&rsquo;un nouveau PLU (Plan Local d&rsquo;Urbanisme) pour la commune de Garches, qui remplacera l&rsquo;ancien POS (Plan d&rsquo;Occupation des Sols). Ce PLU permettra de d\u00e9finir l&rsquo;avenir<\/p>\n","protected":false},"author":1,"featured_media":0,"comment_status":"closed","ping_status":"open","sticky":false,"template":"","format":"standard","meta":{"_jetpack_newsletter_access":"","_jetpack_dont_email_post_to_subs":false,"_jetpack_newsletter_tier_id":0,"_jetpack_memberships_contains_paywalled_content":false,"_jetpack_memberships_contains_paid_content":false,"footnotes":""},"categories":[7,16],"tags":[33],"class_list":["post-439","post","type-post","status-publish","format-standard","hentry","category-actualites","category-environnement-2","tag-plu"],"yoast_head":"<!-- This site is optimized with the Yoast SEO plugin v27.5 - https:\/\/yoast.com\/product\/yoast-seo-wordpress\/ -->\n<title>PLU de Garches - ASEVE GARCHES<\/title>\n<meta name=\"robots\" content=\"index, follow, max-snippet:-1, max-image-preview:large, max-video-preview:-1\" \/>\n<link rel=\"canonical\" href=\"https:\/\/www.asevegarches.fr\/blog\/2015\/06\/13\/le-plu-de-garches\/\" \/>\n<meta property=\"og:locale\" content=\"fr_FR\" \/>\n<meta property=\"og:type\" content=\"article\" \/>\n<meta property=\"og:title\" content=\"PLU de Garches - ASEVE GARCHES\" \/>\n<meta property=\"og:description\" content=\"En novembre 2014, nous vous avions inform\u00e9s de l&rsquo;\u00e9tude men\u00e9e par la ville pour l&rsquo;\u00e9tablissement d&rsquo;un nouveau PLU (Plan Local d&rsquo;Urbanisme) pour la commune de Garches, qui remplacera l&rsquo;ancien POS (Plan d&rsquo;Occupation des Sols). Ce PLU permettra de d\u00e9finir l&rsquo;avenir\" \/>\n<meta property=\"og:url\" content=\"https:\/\/www.asevegarches.fr\/blog\/2015\/06\/13\/le-plu-de-garches\/\" \/>\n<meta property=\"og:site_name\" content=\"ASEVE GARCHES\" \/>\n<meta property=\"article:published_time\" content=\"2015-06-13T09:50:18+00:00\" \/>\n<meta property=\"article:modified_time\" content=\"2015-10-01T09:08:31+00:00\" \/>\n<meta property=\"og:image\" content=\"https:\/\/www.asevegarches.fr\/blog\/wp-content\/uploads\/2015\/06\/PLU_Mairie-197x300.jpg\" \/>\n<meta name=\"author\" content=\"aseve\" \/>\n<meta name=\"twitter:card\" content=\"summary_large_image\" \/>\n<meta name=\"twitter:label1\" content=\"\u00c9crit par\" \/>\n\t<meta name=\"twitter:data1\" content=\"aseve\" \/>\n\t<meta name=\"twitter:label2\" content=\"Dur\u00e9e de lecture estim\u00e9e\" \/>\n\t<meta name=\"twitter:data2\" content=\"1 minute\" \/>\n<script type=\"application\/ld+json\" class=\"yoast-schema-graph\">{\"@context\":\"https:\\\/\\\/schema.org\",\"@graph\":[{\"@type\":\"Article\",\"@id\":\"https:\\\/\\\/www.asevegarches.fr\\\/blog\\\/2015\\\/06\\\/13\\\/le-plu-de-garches\\\/#article\",\"isPartOf\":{\"@id\":\"https:\\\/\\\/www.asevegarches.fr\\\/blog\\\/2015\\\/06\\\/13\\\/le-plu-de-garches\\\/\"},\"author\":{\"name\":\"aseve\",\"@id\":\"https:\\\/\\\/www.asevegarches.fr\\\/blog\\\/#\\\/schema\\\/person\\\/428c8c0bdd5ce55a52d81a86ee606c15\"},\"headline\":\"PLU de Garches\",\"datePublished\":\"2015-06-13T09:50:18+00:00\",\"dateModified\":\"2015-10-01T09:08:31+00:00\",\"mainEntityOfPage\":{\"@id\":\"https:\\\/\\\/www.asevegarches.fr\\\/blog\\\/2015\\\/06\\\/13\\\/le-plu-de-garches\\\/\"},\"wordCount\":152,\"publisher\":{\"@id\":\"https:\\\/\\\/www.asevegarches.fr\\\/blog\\\/#organization\"},\"image\":{\"@id\":\"https:\\\/\\\/www.asevegarches.fr\\\/blog\\\/2015\\\/06\\\/13\\\/le-plu-de-garches\\\/#primaryimage\"},\"thumbnailUrl\":\"https:\\\/\\\/www.asevegarches.fr\\\/blog\\\/wp-content\\\/uploads\\\/2015\\\/06\\\/PLU_Mairie-197x300.jpg\",\"keywords\":[\"PLU\"],\"articleSection\":[\"Actualit\u00e9s\",\"Environnement\"],\"inLanguage\":\"fr-FR\"},{\"@type\":\"WebPage\",\"@id\":\"https:\\\/\\\/www.asevegarches.fr\\\/blog\\\/2015\\\/06\\\/13\\\/le-plu-de-garches\\\/\",\"url\":\"https:\\\/\\\/www.asevegarches.fr\\\/blog\\\/2015\\\/06\\\/13\\\/le-plu-de-garches\\\/\",\"name\":\"PLU de Garches - ASEVE GARCHES\",\"isPartOf\":{\"@id\":\"https:\\\/\\\/www.asevegarches.fr\\\/blog\\\/#website\"},\"primaryImageOfPage\":{\"@id\":\"https:\\\/\\\/www.asevegarches.fr\\\/blog\\\/2015\\\/06\\\/13\\\/le-plu-de-garches\\\/#primaryimage\"},\"image\":{\"@id\":\"https:\\\/\\\/www.asevegarches.fr\\\/blog\\\/2015\\\/06\\\/13\\\/le-plu-de-garches\\\/#primaryimage\"},\"thumbnailUrl\":\"https:\\\/\\\/www.asevegarches.fr\\\/blog\\\/wp-content\\\/uploads\\\/2015\\\/06\\\/PLU_Mairie-197x300.jpg\",\"datePublished\":\"2015-06-13T09:50:18+00:00\",\"dateModified\":\"2015-10-01T09:08:31+00:00\",\"breadcrumb\":{\"@id\":\"https:\\\/\\\/www.asevegarches.fr\\\/blog\\\/2015\\\/06\\\/13\\\/le-plu-de-garches\\\/#breadcrumb\"},\"inLanguage\":\"fr-FR\",\"potentialAction\":[{\"@type\":\"ReadAction\",\"target\":[\"https:\\\/\\\/www.asevegarches.fr\\\/blog\\\/2015\\\/06\\\/13\\\/le-plu-de-garches\\\/\"]}]},{\"@type\":\"ImageObject\",\"inLanguage\":\"fr-FR\",\"@id\":\"https:\\\/\\\/www.asevegarches.fr\\\/blog\\\/2015\\\/06\\\/13\\\/le-plu-de-garches\\\/#primaryimage\",\"url\":\"https:\\\/\\\/www.asevegarches.fr\\\/blog\\\/wp-content\\\/uploads\\\/2015\\\/06\\\/PLU_Mairie.jpg\",\"contentUrl\":\"https:\\\/\\\/www.asevegarches.fr\\\/blog\\\/wp-content\\\/uploads\\\/2015\\\/06\\\/PLU_Mairie.jpg\",\"width\":211,\"height\":320},{\"@type\":\"BreadcrumbList\",\"@id\":\"https:\\\/\\\/www.asevegarches.fr\\\/blog\\\/2015\\\/06\\\/13\\\/le-plu-de-garches\\\/#breadcrumb\",\"itemListElement\":[{\"@type\":\"ListItem\",\"position\":1,\"name\":\"Accueil\",\"item\":\"https:\\\/\\\/www.asevegarches.fr\\\/blog\\\/\"},{\"@type\":\"ListItem\",\"position\":2,\"name\":\"PLU de Garches\"}]},{\"@type\":\"WebSite\",\"@id\":\"https:\\\/\\\/www.asevegarches.fr\\\/blog\\\/#website\",\"url\":\"https:\\\/\\\/www.asevegarches.fr\\\/blog\\\/\",\"name\":\"ASEVE GARCHES\",\"description\":\"\",\"publisher\":{\"@id\":\"https:\\\/\\\/www.asevegarches.fr\\\/blog\\\/#organization\"},\"potentialAction\":[{\"@type\":\"SearchAction\",\"target\":{\"@type\":\"EntryPoint\",\"urlTemplate\":\"https:\\\/\\\/www.asevegarches.fr\\\/blog\\\/?s={search_term_string}\"},\"query-input\":{\"@type\":\"PropertyValueSpecification\",\"valueRequired\":true,\"valueName\":\"search_term_string\"}}],\"inLanguage\":\"fr-FR\"},{\"@type\":\"Organization\",\"@id\":\"https:\\\/\\\/www.asevegarches.fr\\\/blog\\\/#organization\",\"name\":\"Association de Sauvegarde des Espaces Verts et de l'Environnement\",\"alternateName\":\"ASEVE\",\"url\":\"https:\\\/\\\/www.asevegarches.fr\\\/blog\\\/\",\"logo\":{\"@type\":\"ImageObject\",\"inLanguage\":\"fr-FR\",\"@id\":\"https:\\\/\\\/www.asevegarches.fr\\\/blog\\\/#\\\/schema\\\/logo\\\/image\\\/\",\"url\":\"https:\\\/\\\/i0.wp.com\\\/www.asevegarches.fr\\\/blog\\\/wp-content\\\/uploads\\\/2022\\\/10\\\/LOGO_logo-facebook.jpg?fit=1501%2C1501\",\"contentUrl\":\"https:\\\/\\\/i0.wp.com\\\/www.asevegarches.fr\\\/blog\\\/wp-content\\\/uploads\\\/2022\\\/10\\\/LOGO_logo-facebook.jpg?fit=1501%2C1501\",\"width\":1501,\"height\":1501,\"caption\":\"Association de Sauvegarde des Espaces Verts et de l'Environnement\"},\"image\":{\"@id\":\"https:\\\/\\\/www.asevegarches.fr\\\/blog\\\/#\\\/schema\\\/logo\\\/image\\\/\"}},{\"@type\":\"Person\",\"@id\":\"https:\\\/\\\/www.asevegarches.fr\\\/blog\\\/#\\\/schema\\\/person\\\/428c8c0bdd5ce55a52d81a86ee606c15\",\"name\":\"aseve\",\"image\":{\"@type\":\"ImageObject\",\"inLanguage\":\"fr-FR\",\"@id\":\"https:\\\/\\\/secure.gravatar.com\\\/avatar\\\/ecef828e21d04ee42984b2273fa699b5c50be14dac440c25fd3edc29fb334f7b?s=96&d=mm&r=g\",\"url\":\"https:\\\/\\\/secure.gravatar.com\\\/avatar\\\/ecef828e21d04ee42984b2273fa699b5c50be14dac440c25fd3edc29fb334f7b?s=96&d=mm&r=g\",\"contentUrl\":\"https:\\\/\\\/secure.gravatar.com\\\/avatar\\\/ecef828e21d04ee42984b2273fa699b5c50be14dac440c25fd3edc29fb334f7b?s=96&d=mm&r=g\",\"caption\":\"aseve\"},\"url\":\"https:\\\/\\\/www.asevegarches.fr\\\/blog\\\/author\\\/admin\\\/\"}]}<\/script>\n<!-- \/ Yoast SEO plugin. -->","yoast_head_json":{"title":"PLU de Garches - ASEVE GARCHES","robots":{"index":"index","follow":"follow","max-snippet":"max-snippet:-1","max-image-preview":"max-image-preview:large","max-video-preview":"max-video-preview:-1"},"canonical":"https:\/\/www.asevegarches.fr\/blog\/2015\/06\/13\/le-plu-de-garches\/","og_locale":"fr_FR","og_type":"article","og_title":"PLU de Garches - ASEVE GARCHES","og_description":"En novembre 2014, nous vous avions inform\u00e9s de l&rsquo;\u00e9tude men\u00e9e par la ville pour l&rsquo;\u00e9tablissement d&rsquo;un nouveau PLU (Plan Local d&rsquo;Urbanisme) pour la commune de Garches, qui remplacera l&rsquo;ancien POS (Plan d&rsquo;Occupation des Sols). Ce PLU permettra de d\u00e9finir l&rsquo;avenir","og_url":"https:\/\/www.asevegarches.fr\/blog\/2015\/06\/13\/le-plu-de-garches\/","og_site_name":"ASEVE GARCHES","article_published_time":"2015-06-13T09:50:18+00:00","article_modified_time":"2015-10-01T09:08:31+00:00","og_image":[{"url":"https:\/\/www.asevegarches.fr\/blog\/wp-content\/uploads\/2015\/06\/PLU_Mairie-197x300.jpg","type":"","width":"","height":""}],"author":"aseve","twitter_card":"summary_large_image","twitter_misc":{"\u00c9crit par":"aseve","Dur\u00e9e de lecture estim\u00e9e":"1 minute"},"schema":{"@context":"https:\/\/schema.org","@graph":[{"@type":"Article","@id":"https:\/\/www.asevegarches.fr\/blog\/2015\/06\/13\/le-plu-de-garches\/#article","isPartOf":{"@id":"https:\/\/www.asevegarches.fr\/blog\/2015\/06\/13\/le-plu-de-garches\/"},"author":{"name":"aseve","@id":"https:\/\/www.asevegarches.fr\/blog\/#\/schema\/person\/428c8c0bdd5ce55a52d81a86ee606c15"},"headline":"PLU de Garches","datePublished":"2015-06-13T09:50:18+00:00","dateModified":"2015-10-01T09:08:31+00:00","mainEntityOfPage":{"@id":"https:\/\/www.asevegarches.fr\/blog\/2015\/06\/13\/le-plu-de-garches\/"},"wordCount":152,"publisher":{"@id":"https:\/\/www.asevegarches.fr\/blog\/#organization"},"image":{"@id":"https:\/\/www.asevegarches.fr\/blog\/2015\/06\/13\/le-plu-de-garches\/#primaryimage"},"thumbnailUrl":"https:\/\/www.asevegarches.fr\/blog\/wp-content\/uploads\/2015\/06\/PLU_Mairie-197x300.jpg","keywords":["PLU"],"articleSection":["Actualit\u00e9s","Environnement"],"inLanguage":"fr-FR"},{"@type":"WebPage","@id":"https:\/\/www.asevegarches.fr\/blog\/2015\/06\/13\/le-plu-de-garches\/","url":"https:\/\/www.asevegarches.fr\/blog\/2015\/06\/13\/le-plu-de-garches\/","name":"PLU de Garches - ASEVE GARCHES","isPartOf":{"@id":"https:\/\/www.asevegarches.fr\/blog\/#website"},"primaryImageOfPage":{"@id":"https:\/\/www.asevegarches.fr\/blog\/2015\/06\/13\/le-plu-de-garches\/#primaryimage"},"image":{"@id":"https:\/\/www.asevegarches.fr\/blog\/2015\/06\/13\/le-plu-de-garches\/#primaryimage"},"thumbnailUrl":"https:\/\/www.asevegarches.fr\/blog\/wp-content\/uploads\/2015\/06\/PLU_Mairie-197x300.jpg","datePublished":"2015-06-13T09:50:18+00:00","dateModified":"2015-10-01T09:08:31+00:00","breadcrumb":{"@id":"https:\/\/www.asevegarches.fr\/blog\/2015\/06\/13\/le-plu-de-garches\/#breadcrumb"},"inLanguage":"fr-FR","potentialAction":[{"@type":"ReadAction","target":["https:\/\/www.asevegarches.fr\/blog\/2015\/06\/13\/le-plu-de-garches\/"]}]},{"@type":"ImageObject","inLanguage":"fr-FR","@id":"https:\/\/www.asevegarches.fr\/blog\/2015\/06\/13\/le-plu-de-garches\/#primaryimage","url":"https:\/\/www.asevegarches.fr\/blog\/wp-content\/uploads\/2015\/06\/PLU_Mairie.jpg","contentUrl":"https:\/\/www.asevegarches.fr\/blog\/wp-content\/uploads\/2015\/06\/PLU_Mairie.jpg","width":211,"height":320},{"@type":"BreadcrumbList","@id":"https:\/\/www.asevegarches.fr\/blog\/2015\/06\/13\/le-plu-de-garches\/#breadcrumb","itemListElement":[{"@type":"ListItem","position":1,"name":"Accueil","item":"https:\/\/www.asevegarches.fr\/blog\/"},{"@type":"ListItem","position":2,"name":"PLU de Garches"}]},{"@type":"WebSite","@id":"https:\/\/www.asevegarches.fr\/blog\/#website","url":"https:\/\/www.asevegarches.fr\/blog\/","name":"ASEVE GARCHES","description":"","publisher":{"@id":"https:\/\/www.asevegarches.fr\/blog\/#organization"},"potentialAction":[{"@type":"SearchAction","target":{"@type":"EntryPoint","urlTemplate":"https:\/\/www.asevegarches.fr\/blog\/?s={search_term_string}"},"query-input":{"@type":"PropertyValueSpecification","valueRequired":true,"valueName":"search_term_string"}}],"inLanguage":"fr-FR"},{"@type":"Organization","@id":"https:\/\/www.asevegarches.fr\/blog\/#organization","name":"Association de Sauvegarde des Espaces Verts et de l'Environnement","alternateName":"ASEVE","url":"https:\/\/www.asevegarches.fr\/blog\/","logo":{"@type":"ImageObject","inLanguage":"fr-FR","@id":"https:\/\/www.asevegarches.fr\/blog\/#\/schema\/logo\/image\/","url":"https:\/\/i0.wp.com\/www.asevegarches.fr\/blog\/wp-content\/uploads\/2022\/10\/LOGO_logo-facebook.jpg?fit=1501%2C1501","contentUrl":"https:\/\/i0.wp.com\/www.asevegarches.fr\/blog\/wp-content\/uploads\/2022\/10\/LOGO_logo-facebook.jpg?fit=1501%2C1501","width":1501,"height":1501,"caption":"Association de Sauvegarde des Espaces Verts et de l'Environnement"},"image":{"@id":"https:\/\/www.asevegarches.fr\/blog\/#\/schema\/logo\/image\/"}},{"@type":"Person","@id":"https:\/\/www.asevegarches.fr\/blog\/#\/schema\/person\/428c8c0bdd5ce55a52d81a86ee606c15","name":"aseve","image":{"@type":"ImageObject","inLanguage":"fr-FR","@id":"https:\/\/secure.gravatar.com\/avatar\/ecef828e21d04ee42984b2273fa699b5c50be14dac440c25fd3edc29fb334f7b?s=96&d=mm&r=g","url":"https:\/\/secure.gravatar.com\/avatar\/ecef828e21d04ee42984b2273fa699b5c50be14dac440c25fd3edc29fb334f7b?s=96&d=mm&r=g","contentUrl":"https:\/\/secure.gravatar.com\/avatar\/ecef828e21d04ee42984b2273fa699b5c50be14dac440c25fd3edc29fb334f7b?s=96&d=mm&r=g","caption":"aseve"},"url":"https:\/\/www.asevegarches.fr\/blog\/author\/admin\/"}]}},"jetpack_featured_media_url":"","jetpack_sharing_enabled":true,"jetpack_shortlink":"https:\/\/wp.me\/p6YGVC-75","jetpack-related-posts":[{"id":1891,"url":"https:\/\/www.asevegarches.fr\/blog\/2015\/12\/12\/le-plu-de-garches-est-adopte\/","url_meta":{"origin":439,"position":0},"title":"Le PLU de Garches est adopt\u00e9","author":"aseve","date":"12 d\u00e9cembre 2015","format":false,"excerpt":"Il a \u00e9t\u00e9 vot\u00e9 par le Conseil Municipal le 7 d\u00e9cembre 2015. Apr\u00e8s l\u2019avis globalement favorable donn\u00e9 par le commissaire enqu\u00eateur au projet de r\u00e9vision du POS en PLU \u00e0 Garches, le Conseil Municipal a approuv\u00e9 ce plan \u00e0 l'unanimit\u00e9. Il donne \u00e0 notre commune un cadre pour son futur\u2026","rel":"","context":"Dans &quot;Actualit\u00e9s&quot;","block_context":{"text":"Actualit\u00e9s","link":"https:\/\/www.asevegarches.fr\/blog\/category\/actualites\/"},"img":{"alt_text":"","src":"https:\/\/i0.wp.com\/3.bp.blogspot.com\/-WMb9578k-oE\/VmgzMQN2iMI\/AAAAAAAAAo4\/DI1I-4DVcFs\/s200\/Rue.Villeneuve061118.JPG?resize=350%2C200","width":350,"height":200},"classes":[]},{"id":185,"url":"https:\/\/www.asevegarches.fr\/blog\/2015\/03\/06\/les-arbres-a-garches\/","url_meta":{"origin":439,"position":1},"title":"Les arbres \u00e0 Garches","author":"aseve","date":"6 mars 2015","format":false,"excerpt":"Dans le cadre de la pr\u00e9paration du PLU, les associations ESPACES et ASEVE ont men\u00e9 une \u00e9tude approfondie sur les arbres de Garches qui poss\u00e8de un patrimoine vert d'une grande diversit\u00e9. La ville compte plus de deux cents arbres remarquables dont beaucoup de ch\u00eanes et de c\u00e8dres. Mais saviez-vous que\u2026","rel":"","context":"Dans &quot;Actualit\u00e9s&quot;","block_context":{"text":"Actualit\u00e9s","link":"https:\/\/www.asevegarches.fr\/blog\/category\/actualites\/"},"img":{"alt_text":"Ginkgo biloba","src":"https:\/\/i0.wp.com\/3.bp.blogspot.com\/-3sI-VoSrVws\/VOr_19UpxqI\/AAAAAAAAAg8\/nuVlFROFgzM\/s1600\/gimco%2Bbiloa.JPG?resize=350%2C200","width":350,"height":200},"classes":[]},{"id":3198,"url":"https:\/\/www.asevegarches.fr\/blog\/2021\/12\/19\/laseve-impliquee-concernee-defense-patrimoine-de-commune\/","url_meta":{"origin":439,"position":2},"title":"L\u2019ASEVE impliqu\u00e9e et concern\u00e9e par la d\u00e9fense du patrimoine de notre commune.","author":"Contact","date":"19 d\u00e9cembre 2021","format":false,"excerpt":"La municipalit\u00e9 a entrepris une deuxi\u00e8me modification du PLU dans le but de mieux prot\u00e9ger le b\u00e2ti de qualit\u00e9 \u00e0 Garches (18 maisons remarquables). L\u2019ASEVE a \u00e9t\u00e9 sollicit\u00e9e par le POLD (Paris Ouest La D\u00e9fense), organisme d\u00e9cideur, pour donner son avis sur le dossier. L\u2019ASEVE, apr\u00e8s une \u00e9tude approfondie des\u2026","rel":"","context":"Dans &quot;Actualit\u00e9s&quot;","block_context":{"text":"Actualit\u00e9s","link":"https:\/\/www.asevegarches.fr\/blog\/category\/actualites\/"},"img":{"alt_text":"","src":"https:\/\/i0.wp.com\/www.asevegarches.fr\/blog\/wp-content\/uploads\/2021\/12\/affiche1.jpg?resize=350%2C200&ssl=1","width":350,"height":200},"classes":[]},{"id":2231,"url":"https:\/\/www.asevegarches.fr\/blog\/2016\/05\/18\/rallye-pedestre-de-garches-2\/","url_meta":{"origin":439,"position":3},"title":"Rallye p\u00e9destre de Garches","author":"aseve","date":"18 mai 2016","format":false,"excerpt":"\u00a0Que faites-vous dimanche 22 mai ? Venez en famille d\u00e9couvrir dans une ambiance festive,\u00a0Garches, son histoire, son architecture originale, ses espaces verts, son environnement et bien d'autres aspects de notre commune.","rel":"","context":"Dans &quot;Actualit\u00e9s&quot;","block_context":{"text":"Actualit\u00e9s","link":"https:\/\/www.asevegarches.fr\/blog\/category\/actualites\/"},"img":{"alt_text":"Mise en page 1","src":"https:\/\/i0.wp.com\/www.asevegarches.fr\/blog\/wp-content\/uploads\/2016\/05\/affiche-rallye-214x300.jpg?resize=350%2C200&ssl=1","width":350,"height":200},"classes":[]},{"id":192,"url":"https:\/\/www.asevegarches.fr\/blog\/2015\/03\/06\/les-arbres-de-garches-1\/","url_meta":{"origin":439,"position":4},"title":"Conna\u00eetre le patrimoine arbor\u00e9","author":"aseve","date":"6 mars 2015","format":false,"excerpt":"Garches dispose d'un patrimoine vert d'une grande richesse et d'une grande diversit\u00e9. Dans le but de mieux le conna\u00eetre et de le prot\u00e9ger, la Mairie a confi\u00e9 \u00e0 l'ASEVE et \u00e0 l'association ESPACES la r\u00e9alisation d'une \u00e9tude sur les arbres remarquables de notre commune. Pour les identifier et les photographier,\u2026","rel":"","context":"Dans &quot;Actualit\u00e9s&quot;","block_context":{"text":"Actualit\u00e9s","link":"https:\/\/www.asevegarches.fr\/blog\/category\/actualites\/"},"img":{"alt_text":"Ch\u00eane p\u00e9doncul\u00e9","src":"https:\/\/i0.wp.com\/4.bp.blogspot.com\/-UU63dbQn6oo\/VH81Bi_u_NI\/AAAAAAAAAfk\/49mjOT62Zck\/s1600\/Quercus-Robur-L.63%2Crue-19%2Cjanvier.JPG?resize=350%2C200","width":350,"height":200},"classes":[]},{"id":2933,"url":"https:\/\/www.asevegarches.fr\/blog\/2020\/01\/31\/partants-laseve-2020\/","url_meta":{"origin":439,"position":5},"title":"PARTANTS AVEC l&rsquo;ASEVE EN 2020 ?","author":"aseve","date":"31 janvier 2020","format":false,"excerpt":"31\/01\/2020 Toute l'\u00e9quipe de l'ASEVE est heureuse de vous souhaiter une bonne et heureuse ann\u00e9e 2020. Cette nouvelle ann\u00e9e marquera les 50 ans d'activit\u00e9 de l'ASEVE dans la protection de l'environnement de Garches et de ses environs. Nous vous remercions de votre fid\u00e9lit\u00e9 et de votre soutien \u00e0 notre association\u2026","rel":"","context":"Dans &quot;Actualit\u00e9s&quot;","block_context":{"text":"Actualit\u00e9s","link":"https:\/\/www.asevegarches.fr\/blog\/category\/actualites\/"},"img":{"alt_text":"","src":"https:\/\/i0.wp.com\/www.asevegarches.fr\/blog\/wp-content\/uploads\/2020\/01\/the-road-815297_1920-300x200.jpg?resize=350%2C200&ssl=1","width":350,"height":200},"classes":[]}],"_links":{"self":[{"href":"https:\/\/www.asevegarches.fr\/blog\/wp-json\/wp\/v2\/posts\/439","targetHints":{"allow":["GET"]}}],"collection":[{"href":"https:\/\/www.asevegarches.fr\/blog\/wp-json\/wp\/v2\/posts"}],"about":[{"href":"https:\/\/www.asevegarches.fr\/blog\/wp-json\/wp\/v2\/types\/post"}],"author":[{"embeddable":true,"href":"https:\/\/www.asevegarches.fr\/blog\/wp-json\/wp\/v2\/users\/1"}],"replies":[{"embeddable":true,"href":"https:\/\/www.asevegarches.fr\/blog\/wp-json\/wp\/v2\/comments?post=439"}],"version-history":[{"count":25,"href":"https:\/\/www.asevegarches.fr\/blog\/wp-json\/wp\/v2\/posts\/439\/revisions"}],"predecessor-version":[{"id":446,"href":"https:\/\/www.asevegarches.fr\/blog\/wp-json\/wp\/v2\/posts\/439\/revisions\/446"}],"wp:attachment":[{"href":"https:\/\/www.asevegarches.fr\/blog\/wp-json\/wp\/v2\/media?parent=439"}],"wp:term":[{"taxonomy":"category","embeddable":true,"href":"https:\/\/www.asevegarches.fr\/blog\/wp-json\/wp\/v2\/categories?post=439"},{"taxonomy":"post_tag","embeddable":true,"href":"https:\/\/www.asevegarches.fr\/blog\/wp-json\/wp\/v2\/tags?post=439"}],"curies":[{"name":"wp","href":"https:\/\/api.w.org\/{rel}","templated":true}]}}