{"id":3863,"date":"2026-01-28T23:10:21","date_gmt":"2026-01-28T22:10:21","guid":{"rendered":"https:\/\/www.asevegarches.fr\/blog\/?p=3863"},"modified":"2026-01-28T23:10:24","modified_gmt":"2026-01-28T22:10:24","slug":"les-seniors-leur-engagement-face-aux-enjeux-climatiques","status":"publish","type":"post","link":"https:\/\/www.asevegarches.fr\/blog\/2026\/01\/28\/les-seniors-leur-engagement-face-aux-enjeux-climatiques\/","title":{"rendered":"Les seniors : leur engagement face aux enjeux climatiques."},"content":{"rendered":"\n<div class=\"wp-block-media-text is-stacked-on-mobile\"><figure class=\"wp-block-media-text__media\"><img loading=\"lazy\" decoding=\"async\" width=\"768\" height=\"1024\" data-attachment-id=\"3861\" data-permalink=\"https:\/\/www.asevegarches.fr\/blog\/jardins-potagers\/\" data-orig-file=\"https:\/\/www.asevegarches.fr\/blog\/wp-content\/uploads\/2026\/01\/JARDINS-POTAGERS.jpg\" data-orig-size=\"1200,1600\" data-comments-opened=\"0\" data-image-meta=\"{&quot;aperture&quot;:&quot;0&quot;,&quot;credit&quot;:&quot;&quot;,&quot;camera&quot;:&quot;&quot;,&quot;caption&quot;:&quot;&quot;,&quot;created_timestamp&quot;:&quot;0&quot;,&quot;copyright&quot;:&quot;&quot;,&quot;focal_length&quot;:&quot;0&quot;,&quot;iso&quot;:&quot;0&quot;,&quot;shutter_speed&quot;:&quot;0&quot;,&quot;title&quot;:&quot;&quot;,&quot;orientation&quot;:&quot;0&quot;}\" data-image-title=\"JARDINS POTAGERS\" data-image-description=\"\" data-image-caption=\"\" data-large-file=\"https:\/\/www.asevegarches.fr\/blog\/wp-content\/uploads\/2026\/01\/JARDINS-POTAGERS-768x1024.jpg\" src=\"https:\/\/www.asevegarches.fr\/blog\/wp-content\/uploads\/2026\/01\/JARDINS-POTAGERS-768x1024.jpg\" alt=\"\" class=\"wp-image-3861 size-full\" srcset=\"https:\/\/www.asevegarches.fr\/blog\/wp-content\/uploads\/2026\/01\/JARDINS-POTAGERS-768x1024.jpg 768w, https:\/\/www.asevegarches.fr\/blog\/wp-content\/uploads\/2026\/01\/JARDINS-POTAGERS-225x300.jpg 225w, https:\/\/www.asevegarches.fr\/blog\/wp-content\/uploads\/2026\/01\/JARDINS-POTAGERS-1152x1536.jpg 1152w, https:\/\/www.asevegarches.fr\/blog\/wp-content\/uploads\/2026\/01\/JARDINS-POTAGERS.jpg 1200w\" sizes=\"auto, (max-width: 768px) 100vw, 768px\" \/><\/figure><div class=\"wp-block-media-text__content\">\n<p>Les seniors ont parfois la r\u00e9putation d&rsquo;\u00eatre peu concern\u00e9s et mobilis\u00e9s sur les enjeux environnementaux.&nbsp;<\/p>\n\n\n\n<p>Dans cette \u00e9tude in\u00e9dite, qui croise analyse quantitative et entretiens qualitatifs, l\u2019association \u00ab&nbsp;Parlons Climat&nbsp;\u00bb passe&nbsp;&nbsp;&nbsp;en revue le niveau de connaissances, les pratiques \u00e9cologiques consenties ou non par la g\u00e9n\u00e9ration des baby-boomers (65-80 ans), mais surtout leur r\u00f4le sp\u00e9cifique dans la transition \u00e9cologique et leur potentiel de mobilisation. A bien des \u00e9gards, cette \u00e9tude d\u00e9construit l&rsquo;id\u00e9e d&rsquo;une jeune g\u00e9n\u00e9ration climat engag\u00e9e et de seniors en retrait.<\/p>\n\n\n\n<p>Leurs engagements : une \u00e9cologie discr\u00e8te mais d\u00e9cisive<\/p>\n\n\n\n<p>Loin des clich\u00e9s de l&rsquo;inaction,&nbsp;le niveau d&rsquo;engagement et de soutien aux enjeux environnementaux des seniors est semblable \u00e0 celui du reste de la population, mais selon des modalit\u00e9s d&rsquo;action propres \u00e0 leur g\u00e9n\u00e9ration.&nbsp;Pr\u00e8s de 29 % placent l\u2019environnement et le climat dans leurs trois priorit\u00e9s pour la France, soit davantage que les moins de 35 ans (24 %).&nbsp;Ils expriment une attente claire \u00e0 l\u2019\u00e9gard du politique&nbsp;: 57 % estiment qu\u2019il faut avant tout des r\u00e8gles collectives pour limiter les comportements nocifs pour l\u2019environnement, m\u00eame si cela restreint les choix individuels (contre 51 % chez les moins de 35 ans). En moyenne, ils soutiennent neuf mesures publiques sur treize test\u00e9es, avec une adh\u00e9sion marqu\u00e9e pour celles qui encadrent et r\u00e9glementent.<\/p>\n<\/div><\/div>\n\n\n\n<p>Les seniors ont \u00e9galement un certain nombre de pratiques quotidiennes h\u00e9rit\u00e9es de leur enfance qui correspondent \u00e0 un mode de vie dit \u00ab\u00a0\u00e9cologique\u00a0\u00bb, comme privil\u00e9gier la consommation locale et de saison, acheter moins, r\u00e9parer, faire soi-m\u00eame, ou encore r\u00e9duire ses d\u00e9penses \u00e9nerg\u00e9tiques. Mais il d\u00e9passe largement ces gestes individuels. Ils sont vent debout contre l&rsquo;hyperconsommation, soutiennent financi\u00e8rement les ONG, signent des p\u00e9titions et, surtout, font vivre une part essentielle du tissu associatif.&nbsp;Par leur temps, leur constance et leur capacit\u00e9 \u00e0 organiser la vie collective, ils incarnent une forme d\u2019\u00e9cologie moins visible, mais structurante.\u200b<br>&nbsp;<\/p>\n\n\n\n<h3 class=\"wp-block-heading\">&nbsp;<\/h3>\n\n\n\n<h3 class=\"wp-block-heading\">L&rsquo;importance de la transmission : une inqui\u00e9tude tourn\u00e9e vers les g\u00e9n\u00e9rations futures<\/h3>\n\n\n\n<p>Si 37 % des seniors expriment encore un doute sur l\u2019origine strictement anthropique du changement climatique, sa r\u00e9alit\u00e9 ne fait pas d\u00e9bat et ses effets sont jug\u00e9s pr\u00e9occupants : sept sur dix estiment qu\u2019il sera tr\u00e8s pr\u00e9judiciable pour les g\u00e9n\u00e9rations futures.&nbsp;Cette inqui\u00e9tude se projette d\u2019abord sur leurs enfants et petits-enfants, dont ils redoutent la d\u00e9gradation des conditions de vie \u00e0 venir.<\/p>\n\n\n\n<p>\u200b<\/p>\n\n\n\n<p>Pour beaucoup,&nbsp;les impacts les plus graves se manifesteront surtout \u00ab plus tard \u00bb, ce qui d\u00e9place l\u2019angoisse vers la transmission et la responsabilit\u00e9 interg\u00e9n\u00e9rationnelle.&nbsp;Leur g\u00e9n\u00e9ration dit avoir \u00ab profit\u00e9 sans savoir \u00bb, sans pour autant se sentir coupable : prise dans un syst\u00e8me consum\u00e9riste qu\u2019elle n\u2019avait pas choisi, elle en mesure aujourd\u2019hui les limites. Pour certains, leur inqui\u00e9tude se traduit ainsi moins par la culpabilit\u00e9 que par la volont\u00e9 de transmettre et de participer \u00e0 la r\u00e9paration, autour d\u2019un enjeu central : l\u00e9guer une soci\u00e9t\u00e9 et une plan\u00e8te vivable, dans les m\u00eames proportions que le reste de la population.\u200b\u200b<br><\/p>\n\n\n\n<p>\u200b<\/p>\n\n\n\n<h3 class=\"wp-block-heading\">Seniors engag\u00e9s : une pluralit\u00e9 d&rsquo;engagements collectifs pratiqu\u00e9s ; des parcours de vie qui ont influenc\u00e9 leur sensibilit\u00e9 environnementale<br>&nbsp;<\/h3>\n\n\n\n<p>Qu\u2019il s\u2019agisse de leur \u00e9ducation, de moments marquants de leur vie personnelle, d&rsquo;oeuvres culturelles (films, lectures) ou du contexte soci\u00e9tal (crise climatique), ces \u00e9l\u00e9ments ont concouru, souvent de mani\u00e8re cumulative, \u00e0 forger la conscience environnementale, les pratiques et les modes de vie des seniors les plus engag\u00e9s. Dans le d\u00e9tail, on rel\u00e8ve une grande diversit\u00e9 de parcours et d&rsquo;engagements que nous pouvons structurer en trois cat\u00e9gories :\u200b<\/p>\n\n\n\n<figure class=\"wp-block-image\"><img decoding=\"async\" src=\"https:\/\/static.wixstatic.com\/media\/f1dbcf_903baa541d884f579145d0749c5f56ee~mv2.jpg\/v1\/fill\/w_655,h_545,al_c,q_80,usm_0.66_1.00_0.01,enc_avif,quality_auto\/Typologie_seniors.jpg\" alt=\"Typologie_seniors.jpg\"\/><\/figure>\n\n\n\n<h3 class=\"wp-block-heading\">Regard sur les mouvements de soutien \u00e0 l&rsquo;\u00e9chelle internationale : quand les seniors se regroupent pour participer au mouvement<br>&nbsp;<\/h3>\n\n\n\n<p>En Am\u00e9rique du Nord, en Asie, comme en Europe, des seniors se regroupent pour participer au mouvement de lutte contre le changement climatique, mobilisant deux motivations principales : pr\u00e9server les conditions de vie des g\u00e9n\u00e9rations futures et pr\u00e9server le patrimoine naturel. Aux US,&nbsp;<a href=\"https:\/\/thirdact.org\/\" target=\"_blank\" rel=\"noreferrer noopener\">Third Act<\/a>&nbsp;regroupe plus de 70 000 seniors et lutte contre le financement des \u00e9nergies fossiles par les banques ; en Suisse,&nbsp;<a href=\"https:\/\/ainees-climat.ch\/\" target=\"_blank\" rel=\"noreferrer noopener\">Les A\u00een\u00e9es pour le climat<\/a>&nbsp;(+ de 2500 femmes) ont assign\u00e9, avec succ\u00e8s, l&rsquo;\u00e9tat en justice pour inaction climatique ; en Chine,&nbsp;<a href=\"https:\/\/difang.gmw.cn\/gd\/2025-08\/04\/content_38197855.htm\" target=\"_blank\" rel=\"noreferrer noopener\">une mobilisation de 3000 femmes retrait\u00e9es<\/a>&nbsp;sensibilise la population via des chansons populaires et des op\u00e9rations de ramassage de d\u00e9chets.<\/p>\n\n\n\n<h3 class=\"wp-block-heading\">Une n\u00e9cessit\u00e9 : \u00e9largir la conception de l&rsquo;engagement et du soutien aux enjeux \u00e9cologiques<\/h3>\n\n\n\n<p>Cette \u00e9tude nous enseigne et nous rappelle&nbsp;qu\u2019il n\u2019existe pas une seule mani\u00e8re d\u2019apporter son soutien et de mettre en \u0153uvre l\u2019\u00e9cologie.&nbsp;Les seniors en offrent une nouvelle preuve : leur engagement passe par des formes vari\u00e9es, de la sobri\u00e9t\u00e9 h\u00e9rit\u00e9e de leur \u00e9ducation \u00e0 l\u2019implication associative, en passant par la d\u00e9fense du collectif et le soutien aux r\u00e8gles publiques.&nbsp;S\u2019ils ne sont pas, en proportion, plus engag\u00e9s que le reste de la population, reconna\u00eetre et valoriser cette pluralit\u00e9 est essentiel pour \u00e9largir le mouvement et construire un \u00ab pivot majoritaire \u00bb capable d\u2019inclure toutes les g\u00e9n\u00e9rations.<\/p>\n\n\n\n<p>Sortir des repr\u00e9sentations \u00e9troites qui cantonnent l\u2019\u00e9cologie \u00e0 certains gestes individuels ou aux mobilisations visibles permettrait d\u2019int\u00e9grer pleinement ces acteurs essentiels, qui incarnent une philosophie de vie faite de mod\u00e9ration et de solidarit\u00e9, autrement dit de ce que les plus jeunes appellent sobri\u00e9t\u00e9 et justice sociale. Entre g\u00e9n\u00e9rations, les mots et les pratiques diff\u00e8rent, mais les aspirations convergent.<\/p>\n\n\n\n<p><strong>Pour acc\u00e9der \u00e0 l&rsquo;\u00e9tude compl\u00e8te sur l&rsquo;engagement des seniors<\/strong>, <a href=\"https:\/\/www.asevegarches.fr\/blog\/wp-content\/uploads\/2026\/01\/Etude-seniors-et-engagement-climatique_102025_PARLONSCLIMAT.pdf\" type=\"link\" id=\"https:\/\/www.asevegarches.fr\/blog\/wp-content\/uploads\/2026\/01\/Etude-seniors-et-engagement-climatique_102025_PARLONSCLIMAT.pdf\"><strong>cliquez ICI<\/strong><\/a><\/p>\n\n\n\n<p><\/p>\n","protected":false},"excerpt":{"rendered":"<p>Les seniors ont parfois la r\u00e9putation d&rsquo;\u00eatre peu concern\u00e9s et mobilis\u00e9s sur les enjeux environnementaux.&nbsp; Dans cette \u00e9tude in\u00e9dite, qui croise analyse quantitative et entretiens qualitatifs, l\u2019association \u00ab&nbsp;Parlons Climat&nbsp;\u00bb passe&nbsp;&nbsp;&nbsp;en revue le niveau de connaissances, les pratiques \u00e9cologiques consenties ou<\/p>\n","protected":false},"author":17,"featured_media":0,"comment_status":"closed","ping_status":"open","sticky":false,"template":"","format":"standard","meta":{"_jetpack_newsletter_access":"","_jetpack_dont_email_post_to_subs":false,"_jetpack_newsletter_tier_id":0,"_jetpack_memberships_contains_paywalled_content":false,"_jetpack_memberships_contains_paid_content":false,"footnotes":""},"categories":[7],"tags":[13],"class_list":["post-3863","post","type-post","status-publish","format-standard","hentry","category-actualites","tag-environnement"],"yoast_head":"<!-- This site is optimized with the Yoast SEO plugin v27.5 - https:\/\/yoast.com\/product\/yoast-seo-wordpress\/ -->\n<title>Les seniors : leur engagement face aux enjeux climatiques. - ASEVE GARCHES<\/title>\n<meta name=\"robots\" content=\"index, follow, max-snippet:-1, max-image-preview:large, max-video-preview:-1\" \/>\n<link rel=\"canonical\" href=\"https:\/\/www.asevegarches.fr\/blog\/2026\/01\/28\/les-seniors-leur-engagement-face-aux-enjeux-climatiques\/\" \/>\n<meta property=\"og:locale\" content=\"fr_FR\" \/>\n<meta property=\"og:type\" content=\"article\" \/>\n<meta property=\"og:title\" content=\"Les seniors : leur engagement face aux enjeux climatiques. - ASEVE GARCHES\" \/>\n<meta property=\"og:description\" content=\"Les seniors ont parfois la r\u00e9putation d&rsquo;\u00eatre peu concern\u00e9s et mobilis\u00e9s sur les enjeux environnementaux.&nbsp; Dans cette \u00e9tude in\u00e9dite, qui croise analyse quantitative et entretiens qualitatifs, l\u2019association \u00ab&nbsp;Parlons Climat&nbsp;\u00bb passe&nbsp;&nbsp;&nbsp;en revue le niveau de connaissances, les pratiques \u00e9cologiques consenties ou\" \/>\n<meta property=\"og:url\" content=\"https:\/\/www.asevegarches.fr\/blog\/2026\/01\/28\/les-seniors-leur-engagement-face-aux-enjeux-climatiques\/\" \/>\n<meta property=\"og:site_name\" content=\"ASEVE GARCHES\" \/>\n<meta property=\"article:published_time\" content=\"2026-01-28T22:10:21+00:00\" \/>\n<meta property=\"article:modified_time\" content=\"2026-01-28T22:10:24+00:00\" \/>\n<meta property=\"og:image\" content=\"https:\/\/www.asevegarches.fr\/blog\/wp-content\/uploads\/2026\/01\/JARDINS-POTAGERS.jpg\" \/>\n\t<meta property=\"og:image:width\" content=\"1200\" \/>\n\t<meta property=\"og:image:height\" content=\"1600\" \/>\n\t<meta property=\"og:image:type\" content=\"image\/jpeg\" \/>\n<meta name=\"author\" content=\"Jean-Claude MASSIAS\" \/>\n<meta name=\"twitter:card\" content=\"summary_large_image\" \/>\n<meta name=\"twitter:label1\" content=\"\u00c9crit par\" \/>\n\t<meta name=\"twitter:data1\" content=\"Jean-Claude MASSIAS\" \/>\n\t<meta name=\"twitter:label2\" content=\"Dur\u00e9e de lecture estim\u00e9e\" \/>\n\t<meta name=\"twitter:data2\" content=\"5 minutes\" \/>\n<script type=\"application\/ld+json\" class=\"yoast-schema-graph\">{\"@context\":\"https:\\\/\\\/schema.org\",\"@graph\":[{\"@type\":\"Article\",\"@id\":\"https:\\\/\\\/www.asevegarches.fr\\\/blog\\\/2026\\\/01\\\/28\\\/les-seniors-leur-engagement-face-aux-enjeux-climatiques\\\/#article\",\"isPartOf\":{\"@id\":\"https:\\\/\\\/www.asevegarches.fr\\\/blog\\\/2026\\\/01\\\/28\\\/les-seniors-leur-engagement-face-aux-enjeux-climatiques\\\/\"},\"author\":{\"name\":\"Jean-Claude MASSIAS\",\"@id\":\"https:\\\/\\\/www.asevegarches.fr\\\/blog\\\/#\\\/schema\\\/person\\\/8e1d92d2d2d9dd710c220bdbd832f473\"},\"headline\":\"Les seniors : leur engagement face aux enjeux climatiques.\",\"datePublished\":\"2026-01-28T22:10:21+00:00\",\"dateModified\":\"2026-01-28T22:10:24+00:00\",\"mainEntityOfPage\":{\"@id\":\"https:\\\/\\\/www.asevegarches.fr\\\/blog\\\/2026\\\/01\\\/28\\\/les-seniors-leur-engagement-face-aux-enjeux-climatiques\\\/\"},\"wordCount\":993,\"publisher\":{\"@id\":\"https:\\\/\\\/www.asevegarches.fr\\\/blog\\\/#organization\"},\"image\":{\"@id\":\"https:\\\/\\\/www.asevegarches.fr\\\/blog\\\/2026\\\/01\\\/28\\\/les-seniors-leur-engagement-face-aux-enjeux-climatiques\\\/#primaryimage\"},\"thumbnailUrl\":\"https:\\\/\\\/www.asevegarches.fr\\\/blog\\\/wp-content\\\/uploads\\\/2026\\\/01\\\/JARDINS-POTAGERS-768x1024.jpg\",\"keywords\":[\"environnement\"],\"articleSection\":[\"Actualit\u00e9s\"],\"inLanguage\":\"fr-FR\"},{\"@type\":\"WebPage\",\"@id\":\"https:\\\/\\\/www.asevegarches.fr\\\/blog\\\/2026\\\/01\\\/28\\\/les-seniors-leur-engagement-face-aux-enjeux-climatiques\\\/\",\"url\":\"https:\\\/\\\/www.asevegarches.fr\\\/blog\\\/2026\\\/01\\\/28\\\/les-seniors-leur-engagement-face-aux-enjeux-climatiques\\\/\",\"name\":\"Les seniors : leur engagement face aux enjeux climatiques. - ASEVE GARCHES\",\"isPartOf\":{\"@id\":\"https:\\\/\\\/www.asevegarches.fr\\\/blog\\\/#website\"},\"primaryImageOfPage\":{\"@id\":\"https:\\\/\\\/www.asevegarches.fr\\\/blog\\\/2026\\\/01\\\/28\\\/les-seniors-leur-engagement-face-aux-enjeux-climatiques\\\/#primaryimage\"},\"image\":{\"@id\":\"https:\\\/\\\/www.asevegarches.fr\\\/blog\\\/2026\\\/01\\\/28\\\/les-seniors-leur-engagement-face-aux-enjeux-climatiques\\\/#primaryimage\"},\"thumbnailUrl\":\"https:\\\/\\\/www.asevegarches.fr\\\/blog\\\/wp-content\\\/uploads\\\/2026\\\/01\\\/JARDINS-POTAGERS-768x1024.jpg\",\"datePublished\":\"2026-01-28T22:10:21+00:00\",\"dateModified\":\"2026-01-28T22:10:24+00:00\",\"breadcrumb\":{\"@id\":\"https:\\\/\\\/www.asevegarches.fr\\\/blog\\\/2026\\\/01\\\/28\\\/les-seniors-leur-engagement-face-aux-enjeux-climatiques\\\/#breadcrumb\"},\"inLanguage\":\"fr-FR\",\"potentialAction\":[{\"@type\":\"ReadAction\",\"target\":[\"https:\\\/\\\/www.asevegarches.fr\\\/blog\\\/2026\\\/01\\\/28\\\/les-seniors-leur-engagement-face-aux-enjeux-climatiques\\\/\"]}]},{\"@type\":\"ImageObject\",\"inLanguage\":\"fr-FR\",\"@id\":\"https:\\\/\\\/www.asevegarches.fr\\\/blog\\\/2026\\\/01\\\/28\\\/les-seniors-leur-engagement-face-aux-enjeux-climatiques\\\/#primaryimage\",\"url\":\"https:\\\/\\\/www.asevegarches.fr\\\/blog\\\/wp-content\\\/uploads\\\/2026\\\/01\\\/JARDINS-POTAGERS.jpg\",\"contentUrl\":\"https:\\\/\\\/www.asevegarches.fr\\\/blog\\\/wp-content\\\/uploads\\\/2026\\\/01\\\/JARDINS-POTAGERS.jpg\",\"width\":1200,\"height\":1600},{\"@type\":\"BreadcrumbList\",\"@id\":\"https:\\\/\\\/www.asevegarches.fr\\\/blog\\\/2026\\\/01\\\/28\\\/les-seniors-leur-engagement-face-aux-enjeux-climatiques\\\/#breadcrumb\",\"itemListElement\":[{\"@type\":\"ListItem\",\"position\":1,\"name\":\"Accueil\",\"item\":\"https:\\\/\\\/www.asevegarches.fr\\\/blog\\\/\"},{\"@type\":\"ListItem\",\"position\":2,\"name\":\"Les seniors : leur engagement face aux enjeux climatiques.\"}]},{\"@type\":\"WebSite\",\"@id\":\"https:\\\/\\\/www.asevegarches.fr\\\/blog\\\/#website\",\"url\":\"https:\\\/\\\/www.asevegarches.fr\\\/blog\\\/\",\"name\":\"ASEVE GARCHES\",\"description\":\"\",\"publisher\":{\"@id\":\"https:\\\/\\\/www.asevegarches.fr\\\/blog\\\/#organization\"},\"potentialAction\":[{\"@type\":\"SearchAction\",\"target\":{\"@type\":\"EntryPoint\",\"urlTemplate\":\"https:\\\/\\\/www.asevegarches.fr\\\/blog\\\/?s={search_term_string}\"},\"query-input\":{\"@type\":\"PropertyValueSpecification\",\"valueRequired\":true,\"valueName\":\"search_term_string\"}}],\"inLanguage\":\"fr-FR\"},{\"@type\":\"Organization\",\"@id\":\"https:\\\/\\\/www.asevegarches.fr\\\/blog\\\/#organization\",\"name\":\"Association de Sauvegarde des Espaces Verts et de l'Environnement\",\"alternateName\":\"ASEVE\",\"url\":\"https:\\\/\\\/www.asevegarches.fr\\\/blog\\\/\",\"logo\":{\"@type\":\"ImageObject\",\"inLanguage\":\"fr-FR\",\"@id\":\"https:\\\/\\\/www.asevegarches.fr\\\/blog\\\/#\\\/schema\\\/logo\\\/image\\\/\",\"url\":\"https:\\\/\\\/i0.wp.com\\\/www.asevegarches.fr\\\/blog\\\/wp-content\\\/uploads\\\/2022\\\/10\\\/LOGO_logo-facebook.jpg?fit=1501%2C1501\",\"contentUrl\":\"https:\\\/\\\/i0.wp.com\\\/www.asevegarches.fr\\\/blog\\\/wp-content\\\/uploads\\\/2022\\\/10\\\/LOGO_logo-facebook.jpg?fit=1501%2C1501\",\"width\":1501,\"height\":1501,\"caption\":\"Association de Sauvegarde des Espaces Verts et de l'Environnement\"},\"image\":{\"@id\":\"https:\\\/\\\/www.asevegarches.fr\\\/blog\\\/#\\\/schema\\\/logo\\\/image\\\/\"}},{\"@type\":\"Person\",\"@id\":\"https:\\\/\\\/www.asevegarches.fr\\\/blog\\\/#\\\/schema\\\/person\\\/8e1d92d2d2d9dd710c220bdbd832f473\",\"name\":\"Jean-Claude MASSIAS\",\"image\":{\"@type\":\"ImageObject\",\"inLanguage\":\"fr-FR\",\"@id\":\"https:\\\/\\\/secure.gravatar.com\\\/avatar\\\/69a1808c2da72ae23884d6deed8a39404025451d1d86f880645ab8e5ce5fc152?s=96&d=mm&r=g\",\"url\":\"https:\\\/\\\/secure.gravatar.com\\\/avatar\\\/69a1808c2da72ae23884d6deed8a39404025451d1d86f880645ab8e5ce5fc152?s=96&d=mm&r=g\",\"contentUrl\":\"https:\\\/\\\/secure.gravatar.com\\\/avatar\\\/69a1808c2da72ae23884d6deed8a39404025451d1d86f880645ab8e5ce5fc152?s=96&d=mm&r=g\",\"caption\":\"Jean-Claude MASSIAS\"},\"sameAs\":[\"http:\\\/\\\/ASEVE%20GARCHES\"],\"url\":\"https:\\\/\\\/www.asevegarches.fr\\\/blog\\\/author\\\/jicem\\\/\"}]}<\/script>\n<!-- \/ Yoast SEO plugin. -->","yoast_head_json":{"title":"Les seniors : leur engagement face aux enjeux climatiques. - ASEVE GARCHES","robots":{"index":"index","follow":"follow","max-snippet":"max-snippet:-1","max-image-preview":"max-image-preview:large","max-video-preview":"max-video-preview:-1"},"canonical":"https:\/\/www.asevegarches.fr\/blog\/2026\/01\/28\/les-seniors-leur-engagement-face-aux-enjeux-climatiques\/","og_locale":"fr_FR","og_type":"article","og_title":"Les seniors : leur engagement face aux enjeux climatiques. - ASEVE GARCHES","og_description":"Les seniors ont parfois la r\u00e9putation d&rsquo;\u00eatre peu concern\u00e9s et mobilis\u00e9s sur les enjeux environnementaux.&nbsp; Dans cette \u00e9tude in\u00e9dite, qui croise analyse quantitative et entretiens qualitatifs, l\u2019association \u00ab&nbsp;Parlons Climat&nbsp;\u00bb passe&nbsp;&nbsp;&nbsp;en revue le niveau de connaissances, les pratiques \u00e9cologiques consenties ou","og_url":"https:\/\/www.asevegarches.fr\/blog\/2026\/01\/28\/les-seniors-leur-engagement-face-aux-enjeux-climatiques\/","og_site_name":"ASEVE GARCHES","article_published_time":"2026-01-28T22:10:21+00:00","article_modified_time":"2026-01-28T22:10:24+00:00","og_image":[{"width":1200,"height":1600,"url":"https:\/\/www.asevegarches.fr\/blog\/wp-content\/uploads\/2026\/01\/JARDINS-POTAGERS.jpg","type":"image\/jpeg"}],"author":"Jean-Claude MASSIAS","twitter_card":"summary_large_image","twitter_misc":{"\u00c9crit par":"Jean-Claude MASSIAS","Dur\u00e9e de lecture estim\u00e9e":"5 minutes"},"schema":{"@context":"https:\/\/schema.org","@graph":[{"@type":"Article","@id":"https:\/\/www.asevegarches.fr\/blog\/2026\/01\/28\/les-seniors-leur-engagement-face-aux-enjeux-climatiques\/#article","isPartOf":{"@id":"https:\/\/www.asevegarches.fr\/blog\/2026\/01\/28\/les-seniors-leur-engagement-face-aux-enjeux-climatiques\/"},"author":{"name":"Jean-Claude MASSIAS","@id":"https:\/\/www.asevegarches.fr\/blog\/#\/schema\/person\/8e1d92d2d2d9dd710c220bdbd832f473"},"headline":"Les seniors : leur engagement face aux enjeux climatiques.","datePublished":"2026-01-28T22:10:21+00:00","dateModified":"2026-01-28T22:10:24+00:00","mainEntityOfPage":{"@id":"https:\/\/www.asevegarches.fr\/blog\/2026\/01\/28\/les-seniors-leur-engagement-face-aux-enjeux-climatiques\/"},"wordCount":993,"publisher":{"@id":"https:\/\/www.asevegarches.fr\/blog\/#organization"},"image":{"@id":"https:\/\/www.asevegarches.fr\/blog\/2026\/01\/28\/les-seniors-leur-engagement-face-aux-enjeux-climatiques\/#primaryimage"},"thumbnailUrl":"https:\/\/www.asevegarches.fr\/blog\/wp-content\/uploads\/2026\/01\/JARDINS-POTAGERS-768x1024.jpg","keywords":["environnement"],"articleSection":["Actualit\u00e9s"],"inLanguage":"fr-FR"},{"@type":"WebPage","@id":"https:\/\/www.asevegarches.fr\/blog\/2026\/01\/28\/les-seniors-leur-engagement-face-aux-enjeux-climatiques\/","url":"https:\/\/www.asevegarches.fr\/blog\/2026\/01\/28\/les-seniors-leur-engagement-face-aux-enjeux-climatiques\/","name":"Les seniors : leur engagement face aux enjeux climatiques. - ASEVE GARCHES","isPartOf":{"@id":"https:\/\/www.asevegarches.fr\/blog\/#website"},"primaryImageOfPage":{"@id":"https:\/\/www.asevegarches.fr\/blog\/2026\/01\/28\/les-seniors-leur-engagement-face-aux-enjeux-climatiques\/#primaryimage"},"image":{"@id":"https:\/\/www.asevegarches.fr\/blog\/2026\/01\/28\/les-seniors-leur-engagement-face-aux-enjeux-climatiques\/#primaryimage"},"thumbnailUrl":"https:\/\/www.asevegarches.fr\/blog\/wp-content\/uploads\/2026\/01\/JARDINS-POTAGERS-768x1024.jpg","datePublished":"2026-01-28T22:10:21+00:00","dateModified":"2026-01-28T22:10:24+00:00","breadcrumb":{"@id":"https:\/\/www.asevegarches.fr\/blog\/2026\/01\/28\/les-seniors-leur-engagement-face-aux-enjeux-climatiques\/#breadcrumb"},"inLanguage":"fr-FR","potentialAction":[{"@type":"ReadAction","target":["https:\/\/www.asevegarches.fr\/blog\/2026\/01\/28\/les-seniors-leur-engagement-face-aux-enjeux-climatiques\/"]}]},{"@type":"ImageObject","inLanguage":"fr-FR","@id":"https:\/\/www.asevegarches.fr\/blog\/2026\/01\/28\/les-seniors-leur-engagement-face-aux-enjeux-climatiques\/#primaryimage","url":"https:\/\/www.asevegarches.fr\/blog\/wp-content\/uploads\/2026\/01\/JARDINS-POTAGERS.jpg","contentUrl":"https:\/\/www.asevegarches.fr\/blog\/wp-content\/uploads\/2026\/01\/JARDINS-POTAGERS.jpg","width":1200,"height":1600},{"@type":"BreadcrumbList","@id":"https:\/\/www.asevegarches.fr\/blog\/2026\/01\/28\/les-seniors-leur-engagement-face-aux-enjeux-climatiques\/#breadcrumb","itemListElement":[{"@type":"ListItem","position":1,"name":"Accueil","item":"https:\/\/www.asevegarches.fr\/blog\/"},{"@type":"ListItem","position":2,"name":"Les seniors : leur engagement face aux enjeux climatiques."}]},{"@type":"WebSite","@id":"https:\/\/www.asevegarches.fr\/blog\/#website","url":"https:\/\/www.asevegarches.fr\/blog\/","name":"ASEVE GARCHES","description":"","publisher":{"@id":"https:\/\/www.asevegarches.fr\/blog\/#organization"},"potentialAction":[{"@type":"SearchAction","target":{"@type":"EntryPoint","urlTemplate":"https:\/\/www.asevegarches.fr\/blog\/?s={search_term_string}"},"query-input":{"@type":"PropertyValueSpecification","valueRequired":true,"valueName":"search_term_string"}}],"inLanguage":"fr-FR"},{"@type":"Organization","@id":"https:\/\/www.asevegarches.fr\/blog\/#organization","name":"Association de Sauvegarde des Espaces Verts et de l'Environnement","alternateName":"ASEVE","url":"https:\/\/www.asevegarches.fr\/blog\/","logo":{"@type":"ImageObject","inLanguage":"fr-FR","@id":"https:\/\/www.asevegarches.fr\/blog\/#\/schema\/logo\/image\/","url":"https:\/\/i0.wp.com\/www.asevegarches.fr\/blog\/wp-content\/uploads\/2022\/10\/LOGO_logo-facebook.jpg?fit=1501%2C1501","contentUrl":"https:\/\/i0.wp.com\/www.asevegarches.fr\/blog\/wp-content\/uploads\/2022\/10\/LOGO_logo-facebook.jpg?fit=1501%2C1501","width":1501,"height":1501,"caption":"Association de Sauvegarde des Espaces Verts et de l'Environnement"},"image":{"@id":"https:\/\/www.asevegarches.fr\/blog\/#\/schema\/logo\/image\/"}},{"@type":"Person","@id":"https:\/\/www.asevegarches.fr\/blog\/#\/schema\/person\/8e1d92d2d2d9dd710c220bdbd832f473","name":"Jean-Claude MASSIAS","image":{"@type":"ImageObject","inLanguage":"fr-FR","@id":"https:\/\/secure.gravatar.com\/avatar\/69a1808c2da72ae23884d6deed8a39404025451d1d86f880645ab8e5ce5fc152?s=96&d=mm&r=g","url":"https:\/\/secure.gravatar.com\/avatar\/69a1808c2da72ae23884d6deed8a39404025451d1d86f880645ab8e5ce5fc152?s=96&d=mm&r=g","contentUrl":"https:\/\/secure.gravatar.com\/avatar\/69a1808c2da72ae23884d6deed8a39404025451d1d86f880645ab8e5ce5fc152?s=96&d=mm&r=g","caption":"Jean-Claude MASSIAS"},"sameAs":["http:\/\/ASEVE%20GARCHES"],"url":"https:\/\/www.asevegarches.fr\/blog\/author\/jicem\/"}]}},"jetpack_featured_media_url":"","jetpack_sharing_enabled":true,"jetpack_shortlink":"https:\/\/wp.me\/p6YGVC-10j","jetpack-related-posts":[{"id":2380,"url":"https:\/\/www.asevegarches.fr\/blog\/2016\/09\/26\/proprete-de-garches\/","url_meta":{"origin":3863,"position":0},"title":"Propret\u00e9 de Garches","author":"aseve","date":"26 septembre 2016","format":false,"excerpt":"Cela n'est plus acceptable ! Comme vous le savez, l'ASEVE a entrepris depuis un an une r\u00e9flexion sur la propret\u00e9 des rues \u00e0 Garches. Nous avons men\u00e9\u00a0une \u00e9tude sur les d\u00e9chets m\u00e9nagers, les encombrants ainsi que sur les d\u00e9chets verts et sp\u00e9ciaux. Nous avons pris connaissance avec int\u00e9r\u00eat de l'interview\u2026","rel":"","context":"Dans &quot;Actualit\u00e9s&quot;","block_context":{"text":"Actualit\u00e9s","link":"https:\/\/www.asevegarches.fr\/blog\/category\/actualites\/"},"img":{"alt_text":"131209-15h-guynemer","src":"https:\/\/i0.wp.com\/www.asevegarches.fr\/blog\/wp-content\/uploads\/2016\/09\/131209.15h.Guynemer-300x225.jpg?resize=350%2C200&ssl=1","width":350,"height":200},"classes":[]},{"id":3740,"url":"https:\/\/www.asevegarches.fr\/blog\/2025\/06\/13\/mers-et-oceans\/","url_meta":{"origin":3863,"position":1},"title":"MERS ET OC\u00c9ANS","author":"aseve","date":"13 juin 2025","format":false,"excerpt":"Alors qu'ils abritent des tr\u00e9sors de biodiversit\u00e9 et de pr\u00e9cieuses ressources pour les activit\u00e9s humaines, les oc\u00e9ans sont menac\u00e9s par la pollution et la surp\u00eache.\u00a0 De son c\u00f4t\u00e9, l'Union europ\u00e9enne tente de se positionner en acteur cl\u00e9, notamment en mati\u00e8re de d\u00e9carbonation du transport maritime ou de lutte contre les\u2026","rel":"","context":"Dans &quot;Actualit\u00e9s&quot;","block_context":{"text":"Actualit\u00e9s","link":"https:\/\/www.asevegarches.fr\/blog\/category\/actualites\/"},"img":{"alt_text":"","src":"https:\/\/i0.wp.com\/www.asevegarches.fr\/blog\/wp-content\/uploads\/2025\/06\/Image-oceans-02-150x150.jpg?resize=350%2C200&ssl=1","width":350,"height":200,"srcset":"https:\/\/i0.wp.com\/www.asevegarches.fr\/blog\/wp-content\/uploads\/2025\/06\/Image-oceans-02-150x150.jpg?resize=350%2C200&ssl=1 1x, https:\/\/i0.wp.com\/www.asevegarches.fr\/blog\/wp-content\/uploads\/2025\/06\/Image-oceans-02-150x150.jpg?resize=525%2C300&ssl=1 1.5x, https:\/\/i0.wp.com\/www.asevegarches.fr\/blog\/wp-content\/uploads\/2025\/06\/Image-oceans-02-150x150.jpg?resize=700%2C400&ssl=1 2x, https:\/\/i0.wp.com\/www.asevegarches.fr\/blog\/wp-content\/uploads\/2025\/06\/Image-oceans-02-150x150.jpg?resize=1050%2C600&ssl=1 3x"},"classes":[]},{"id":2262,"url":"https:\/\/www.asevegarches.fr\/blog\/2016\/06\/03\/comment-nourrir-la-planete\/","url_meta":{"origin":3863,"position":2},"title":"Conf\u00e9rence de M. Dufumier : Comment nourrir la plan\u00e8te ?","author":"aseve","date":"3 juin 2016","format":false,"excerpt":"En avril 2016, sous l'\u00e9gide des associations ASEVE et FDN, s'est tenue \u00e0 Garches une conf\u00e9rence d\u00e9bat anim\u00e9e par Delphine Ducoeurjoly et donn\u00e9e par M. Dufumier, professeur \u00e9m\u00e9rite d'agriculture compar\u00e9e \u00e0 AgroParisTech. Le th\u00e8me choisi \"Nourrir correctement et durablement l\u2019humanit\u00e9 toute enti\u00e8re\" permit au conf\u00e9rencier de d\u00e9finir dans un premier\u2026","rel":"","context":"Dans &quot;Actualit\u00e9s&quot;","block_context":{"text":"Actualit\u00e9s","link":"https:\/\/www.asevegarches.fr\/blog\/category\/actualites\/"},"img":{"alt_text":"2016-04-07 23.33.10","src":"https:\/\/i0.wp.com\/www.asevegarches.fr\/blog\/wp-content\/uploads\/2016\/06\/2016-04-07-23.33.10-236x300.jpg?resize=350%2C200&ssl=1","width":350,"height":200},"classes":[]},{"id":185,"url":"https:\/\/www.asevegarches.fr\/blog\/2015\/03\/06\/les-arbres-a-garches\/","url_meta":{"origin":3863,"position":3},"title":"Les arbres \u00e0 Garches","author":"aseve","date":"6 mars 2015","format":false,"excerpt":"Dans le cadre de la pr\u00e9paration du PLU, les associations ESPACES et ASEVE ont men\u00e9 une \u00e9tude approfondie sur les arbres de Garches qui poss\u00e8de un patrimoine vert d'une grande diversit\u00e9. La ville compte plus de deux cents arbres remarquables dont beaucoup de ch\u00eanes et de c\u00e8dres. Mais saviez-vous que\u2026","rel":"","context":"Dans &quot;Actualit\u00e9s&quot;","block_context":{"text":"Actualit\u00e9s","link":"https:\/\/www.asevegarches.fr\/blog\/category\/actualites\/"},"img":{"alt_text":"Ginkgo biloba","src":"https:\/\/i0.wp.com\/3.bp.blogspot.com\/-3sI-VoSrVws\/VOr_19UpxqI\/AAAAAAAAAg8\/nuVlFROFgzM\/s1600\/gimco%2Bbiloa.JPG?resize=350%2C200","width":350,"height":200},"classes":[]},{"id":2441,"url":"https:\/\/www.asevegarches.fr\/blog\/2016\/11\/09\/garches-un-defi-a-relever-la-proprete\/","url_meta":{"origin":3863,"position":4},"title":"Garches, un d\u00e9fi \u00e0 relever : la propret\u00e9","author":"aseve","date":"9 novembre 2016","format":false,"excerpt":"Soucieuse de l'environnement de notre ville, l'ASEVE conduit depuis plusieurs mois une \u00e9tude sur la propret\u00e9 des rues de Garches. Collectes\u00a0et tris des d\u00e9chets de toutes natures ont fait l'objet de travaux dont les conclusions ont \u00e9t\u00e9 pr\u00e9sent\u00e9es le 7 novembre \u00e0 la Municipalit\u00e9. Nous ne manquerons\u00a0pas de vous tenir\u2026","rel":"","context":"Dans &quot;Actualit\u00e9s&quot;","block_context":{"text":"Actualit\u00e9s","link":"https:\/\/www.asevegarches.fr\/blog\/category\/actualites\/"},"img":{"alt_text":"Mise en page 1","src":"https:\/\/i0.wp.com\/www.asevegarches.fr\/blog\/wp-content\/uploads\/2016\/11\/flyer-propret%C3%A9-1-214x300.jpg?resize=350%2C200&ssl=1","width":350,"height":200},"classes":[]},{"id":3192,"url":"https:\/\/www.asevegarches.fr\/blog\/2021\/11\/09\/de-gens-prets-a-changer-de-mode-de-vie-sauver-planete-selon-enquete-climat\/","url_meta":{"origin":3863,"position":5},"title":"Peu de gens sont pr\u00eats \u00e0 changer de mode de vie pour sauver la plan\u00e8te, selon une enqu\u00eate sur le climat.","author":"Contact","date":"9 novembre 2021","format":false,"excerpt":"Article paru dans The Guardian Exclusif : un sondage dans 10 pays, dont les \u00c9tats-Unis, le Royaume-Uni, la France et l\u2019Allemagne, r\u00e9v\u00e8le que les gens donnent la priorit\u00e9 \u00e0 des mesures qui sont d\u00e9j\u00e0 des habitudes Les gens se consid\u00e8rent\u00a0 g\u00e9n\u00e9ralement comme beaucoup plus engag\u00e9s envers l\u2019environnement que les autres\u2026","rel":"","context":"Dans &quot;Actualit\u00e9s&quot;","block_context":{"text":"Actualit\u00e9s","link":"https:\/\/www.asevegarches.fr\/blog\/category\/actualites\/"},"img":{"alt_text":"","src":"https:\/\/i0.wp.com\/www.asevegarches.fr\/blog\/wp-content\/uploads\/2021\/11\/SOUS-LES-ARBRES-225x300.jpg?resize=350%2C200&ssl=1","width":350,"height":200},"classes":[]}],"_links":{"self":[{"href":"https:\/\/www.asevegarches.fr\/blog\/wp-json\/wp\/v2\/posts\/3863","targetHints":{"allow":["GET"]}}],"collection":[{"href":"https:\/\/www.asevegarches.fr\/blog\/wp-json\/wp\/v2\/posts"}],"about":[{"href":"https:\/\/www.asevegarches.fr\/blog\/wp-json\/wp\/v2\/types\/post"}],"author":[{"embeddable":true,"href":"https:\/\/www.asevegarches.fr\/blog\/wp-json\/wp\/v2\/users\/17"}],"replies":[{"embeddable":true,"href":"https:\/\/www.asevegarches.fr\/blog\/wp-json\/wp\/v2\/comments?post=3863"}],"version-history":[{"count":1,"href":"https:\/\/www.asevegarches.fr\/blog\/wp-json\/wp\/v2\/posts\/3863\/revisions"}],"predecessor-version":[{"id":3864,"href":"https:\/\/www.asevegarches.fr\/blog\/wp-json\/wp\/v2\/posts\/3863\/revisions\/3864"}],"wp:attachment":[{"href":"https:\/\/www.asevegarches.fr\/blog\/wp-json\/wp\/v2\/media?parent=3863"}],"wp:term":[{"taxonomy":"category","embeddable":true,"href":"https:\/\/www.asevegarches.fr\/blog\/wp-json\/wp\/v2\/categories?post=3863"},{"taxonomy":"post_tag","embeddable":true,"href":"https:\/\/www.asevegarches.fr\/blog\/wp-json\/wp\/v2\/tags?post=3863"}],"curies":[{"name":"wp","href":"https:\/\/api.w.org\/{rel}","templated":true}]}}