{"id":3830,"date":"2025-12-11T19:39:32","date_gmt":"2025-12-11T18:39:32","guid":{"rendered":"https:\/\/www.asevegarches.fr\/blog\/?p=3830"},"modified":"2025-12-11T19:39:35","modified_gmt":"2025-12-11T18:39:35","slug":"labels-bios-comment-vous-y-retrouver","status":"publish","type":"post","link":"https:\/\/www.asevegarches.fr\/blog\/2025\/12\/11\/labels-bios-comment-vous-y-retrouver\/","title":{"rendered":"Labels bios\u00a0: comment vous y retrouver\u00a0?"},"content":{"rendered":"\n<figure class=\"wp-block-image size-full is-resized\"><a href=\"https:\/\/www.asevegarches.fr\/blog\/wp-content\/uploads\/2025\/12\/Photo-produits-bio-e1765477686836.jpg\"><img loading=\"lazy\" decoding=\"async\" width=\"402\" height=\"202\" data-attachment-id=\"3829\" data-permalink=\"https:\/\/www.asevegarches.fr\/blog\/photo-produits-bio\/\" data-orig-file=\"https:\/\/www.asevegarches.fr\/blog\/wp-content\/uploads\/2025\/12\/Photo-produits-bio-e1765477686836.jpg\" data-orig-size=\"402,202\" data-comments-opened=\"0\" data-image-meta=\"{&quot;aperture&quot;:&quot;0&quot;,&quot;credit&quot;:&quot;&quot;,&quot;camera&quot;:&quot;&quot;,&quot;caption&quot;:&quot;&quot;,&quot;created_timestamp&quot;:&quot;0&quot;,&quot;copyright&quot;:&quot;&quot;,&quot;focal_length&quot;:&quot;0&quot;,&quot;iso&quot;:&quot;0&quot;,&quot;shutter_speed&quot;:&quot;0&quot;,&quot;title&quot;:&quot;&quot;,&quot;orientation&quot;:&quot;1&quot;}\" data-image-title=\"Photo produits bio\" data-image-description=\"\" data-image-caption=\"\" data-large-file=\"https:\/\/www.asevegarches.fr\/blog\/wp-content\/uploads\/2025\/12\/Photo-produits-bio-e1765477686836.jpg\" src=\"https:\/\/www.asevegarches.fr\/blog\/wp-content\/uploads\/2025\/12\/Photo-produits-bio-e1765477686836.jpg\" alt=\"\" class=\"wp-image-3829\" style=\"aspect-ratio:1.9901657257330176;width:637px;height:auto\" srcset=\"https:\/\/www.asevegarches.fr\/blog\/wp-content\/uploads\/2025\/12\/Photo-produits-bio-e1765477686836.jpg 402w, https:\/\/www.asevegarches.fr\/blog\/wp-content\/uploads\/2025\/12\/Photo-produits-bio-e1765477686836-300x151.jpg 300w\" sizes=\"auto, (max-width: 402px) 100vw, 402px\" \/><\/a><\/figure>\n\n\n\n<p><strong><em><u>Qu&rsquo;est-ce qu&rsquo;un produit bio ?<\/u><\/em><\/strong><\/p>\n\n\n\n<p>Pour \u00eatre consid\u00e9r\u00e9 comme bio, un produit doit r\u00e9pondre aux exigences de la&nbsp;<a href=\"https:\/\/eur-lex.europa.eu\/legal-content\/FR\/TXT\/?uri=CELEX:02018R0848-20220101\" target=\"_blank\" rel=\"noreferrer noopener\">r\u00e9glementation europ\u00e9enne en agriculture biologique<\/a>, notamment :<\/p>\n\n\n\n<ul class=\"wp-block-list\">\n<li>a<strong>ucune utilisation de produits chimiques de synth\u00e8se<\/strong>&nbsp;(pesticides, engrais, d\u00e9sherbants&#8230;),<\/li>\n\n\n\n<li><strong>aucune utilisation d\u2019OGM,<\/strong><\/li>\n\n\n\n<li><strong>respect du bien-\u00eatre animal<\/strong>&nbsp;(transport, conditions d\u2019\u00e9levage, abattage\u2026),<\/li>\n\n\n\n<li><strong>pour les produits transform\u00e9s, au moins 95% des ingr\u00e9dients doivent \u00eatre issus de l\u2019agriculture biologique<\/strong>.<\/li>\n<\/ul>\n\n\n\n<p><strong>La r\u00e9glementation en agriculture biologique ne s\u2019applique qu\u2019aux produits agricoles et aux denr\u00e9es alimentaires<\/strong>. Dans le d\u00e9tail, les produits pouvant \u00eatre concern\u00e9s par la certification bio sont :<\/p>\n\n\n\n<ul class=\"wp-block-list\">\n<li>les&nbsp;<strong>produits agricoles non transform\u00e9s<\/strong>&nbsp;(par exemple : c\u00e9r\u00e9ales, l\u00e9gumes, fruits, coton, lait, \u0153ufs, animaux),<\/li>\n\n\n\n<li>les&nbsp;<strong>produits agricoles transform\u00e9s destin\u00e9s \u00e0 l\u2019alimentation humaine<\/strong>&nbsp;(par exemple : pain, fromages, plats cuisin\u00e9s),<\/li>\n\n\n\n<li>les&nbsp;<strong>aliments destin\u00e9s aux animaux<\/strong>&nbsp;(par exemple : tourteaux de soja),<\/li>\n\n\n\n<li>les&nbsp;<strong>semences et mat\u00e9riels de reproduction v\u00e9g\u00e9tative,<\/strong><\/li>\n\n\n\n<li>une liste compl\u00e9mentaires de produits annex\u00e9e au r\u00e8glement europ\u00e9en sont \u00e9galement concern\u00e9s, tels que<strong>&nbsp;le sel, la laine, le coton, les cocons de vers \u00e0 soie ou encore les peaux brutes.<\/strong><\/li>\n<\/ul>\n\n\n\n<p>Certains produits<strong>&nbsp;ne peuvent pas \u00eatre consid\u00e9r\u00e9s comme bio.&nbsp;<\/strong>Il s&rsquo;agit notamment :<\/p>\n\n\n\n<ul class=\"wp-block-list\">\n<li>des produits de la&nbsp;<strong>chasse<\/strong>&nbsp;et de la&nbsp;<strong>p\u00eache d\u2019esp\u00e8ces sauvages<\/strong>&nbsp;(sanglier, sardine, etc.) car il n\u2019est pas possible de contr\u00f4ler leur alimentation et leurs conditions d\u2019\u00e9levage,<\/li>\n\n\n\n<li><strong>le foie gras<\/strong>, dans la mesure o\u00f9 le gavage n\u2019est pas autoris\u00e9 par la r\u00e8glementation europ\u00e9enne,<\/li>\n\n\n\n<li>l\u2019<strong>eau<\/strong>&nbsp;car elle n&rsquo;est pas un ingr\u00e9dient agricole.<\/li>\n<\/ul>\n\n\n\n<p>Les<strong>&nbsp;textiles<\/strong>, les&nbsp;<strong>cosm\u00e9tiques<\/strong>, et autres&nbsp;<strong>produits transform\u00e9s non destin\u00e9s \u00e0 l\u2019alimentation humaine ou animale<\/strong>, ne rel\u00e8vent pas non plus de la r\u00e9glementation relative \u00e0 l\u2019agriculture biologique et ne peuvent \u00eatre certifi\u00e9s biologiques au sens de cette r\u00e9glementation.<\/p>\n\n\n\n<p>Pour cette derni\u00e8re cat\u00e9gorie de produits, si un ou plusieurs de leurs composants agricoles sont issus de l\u2019agriculture biologique et certifi\u00e9s, ils peuvent toutefois \u00eatre valoris\u00e9s&nbsp;<em>via&nbsp;<\/em>une mention sur l\u2019\u00e9tiquetage (par exemple : \u00ab t-shirt fabriqu\u00e9 \u00e0 partir de coton issu de l\u2019agriculture biologique \u00bb).<\/p>\n\n\n\n<p><strong><em><u>Comment reconna\u00eetre un produit bio ?<\/u><\/em><\/strong><\/p>\n\n\n\n<p>Deux labels officiels existent et permettent aux consommateurs d\u2019identifier les produits issus de l\u2019agriculture biologique :<\/p>\n\n\n\n<ul class=\"wp-block-list\">\n<li><strong>le logo bio europ\u00e9en ou Eurofeuille<\/strong>&nbsp;: il correspond au label europ\u00e9en qui caract\u00e9rise les produits respectant le r\u00e8glement relatif \u00e0 la production biologique de l&rsquo;Union europ\u00e9enne&#8230; Ce logo est obligatoire pour les denr\u00e9es alimentaires pr\u00e9-emball\u00e9es d\u2019origine europ\u00e9enne . Il reste facultatif pour les denr\u00e9es alimentaires import\u00e9es. Ce logo doit \u00eatre syst\u00e9matiquement accompagn\u00e9 de pr\u00e9cisions sur le lieu de production des mati\u00e8res premi\u00e8res agricoles composant le produit : Agriculture UE ou Agriculture non UE. La r\u00e9f\u00e9rence de l\u2019organisme certificateur est \u00e9galement obligatoire sur l\u2019\u00e9tiquette.<\/li>\n\n\n\n<li><strong>la marque AB<\/strong>&nbsp;: cette marque correspond au label fran\u00e7ais cr\u00e9\u00e9 par le minist\u00e8re de l\u2019Agriculture. Le logo AB peut \u00eatre utilis\u00e9 de mani\u00e8re facultative, en plus du logo europ\u00e9en. Il peut \u00e9galement appara\u00eetre seul pour des produits qui n\u2019ont pas encore fait l\u2019objet d\u2019une harmonisation au niveau europ\u00e9en mais qui sont \u00e9labor\u00e9s conform\u00e9ment \u00e0 un cahier des charges fran\u00e7ais homologu\u00e9.<\/li>\n<\/ul>\n\n\n\n<figure class=\"wp-block-image size-full\"><a href=\"https:\/\/www.asevegarches.fr\/blog\/wp-content\/uploads\/2025\/12\/image.jpeg\"><img loading=\"lazy\" decoding=\"async\" width=\"242\" height=\"140\" data-attachment-id=\"3831\" data-permalink=\"https:\/\/www.asevegarches.fr\/blog\/2025\/12\/11\/labels-bios-comment-vous-y-retrouver\/image-3\/\" data-orig-file=\"https:\/\/www.asevegarches.fr\/blog\/wp-content\/uploads\/2025\/12\/image.jpeg\" data-orig-size=\"242,140\" data-comments-opened=\"0\" data-image-meta=\"{&quot;aperture&quot;:&quot;0&quot;,&quot;credit&quot;:&quot;&quot;,&quot;camera&quot;:&quot;&quot;,&quot;caption&quot;:&quot;&quot;,&quot;created_timestamp&quot;:&quot;0&quot;,&quot;copyright&quot;:&quot;&quot;,&quot;focal_length&quot;:&quot;0&quot;,&quot;iso&quot;:&quot;0&quot;,&quot;shutter_speed&quot;:&quot;0&quot;,&quot;title&quot;:&quot;&quot;,&quot;orientation&quot;:&quot;0&quot;}\" data-image-title=\"image\" data-image-description=\"\" data-image-caption=\"\" data-large-file=\"https:\/\/www.asevegarches.fr\/blog\/wp-content\/uploads\/2025\/12\/image.jpeg\" src=\"https:\/\/www.asevegarches.fr\/blog\/wp-content\/uploads\/2025\/12\/image.jpeg\" alt=\"\" class=\"wp-image-3831\"\/><\/a><\/figure>\n\n\n\n<p><strong>Pour savoir <\/strong>comment la production est contr\u00f4l\u00e9e, quelles sont les garanties et quels sont les labels, acc\u00e9dez \u00e0 la totalit\u00e9 de l&rsquo;article en cliquant <a href=\"https:\/\/www.asevegarches.fr\/blog\/wp-content\/uploads\/2025\/12\/NOURRITURE-BIO.pdf\"><strong>ICI<\/strong><\/a><\/p>\n\n\n\n<p><\/p>\n","protected":false},"excerpt":{"rendered":"<p>Qu&rsquo;est-ce qu&rsquo;un produit bio ? Pour \u00eatre consid\u00e9r\u00e9 comme bio, un produit doit r\u00e9pondre aux exigences de la&nbsp;r\u00e9glementation europ\u00e9enne en agriculture biologique, notamment : La r\u00e9glementation en agriculture biologique ne s\u2019applique qu\u2019aux produits agricoles et aux denr\u00e9es alimentaires. Dans le<\/p>\n","protected":false},"author":1,"featured_media":0,"comment_status":"closed","ping_status":"open","sticky":false,"template":"","format":"standard","meta":{"_jetpack_newsletter_access":"","_jetpack_dont_email_post_to_subs":false,"_jetpack_newsletter_tier_id":0,"_jetpack_memberships_contains_paywalled_content":false,"_jetpack_memberships_contains_paid_content":false,"footnotes":""},"categories":[7],"tags":[],"class_list":["post-3830","post","type-post","status-publish","format-standard","hentry","category-actualites"],"yoast_head":"<!-- This site is optimized with the Yoast SEO plugin v27.5 - https:\/\/yoast.com\/product\/yoast-seo-wordpress\/ -->\n<title>Labels bios\u00a0: comment vous y retrouver\u00a0? - ASEVE GARCHES<\/title>\n<meta name=\"robots\" content=\"index, follow, max-snippet:-1, max-image-preview:large, max-video-preview:-1\" \/>\n<link rel=\"canonical\" href=\"https:\/\/www.asevegarches.fr\/blog\/2025\/12\/11\/labels-bios-comment-vous-y-retrouver\/\" \/>\n<meta property=\"og:locale\" content=\"fr_FR\" \/>\n<meta property=\"og:type\" content=\"article\" \/>\n<meta property=\"og:title\" content=\"Labels bios\u00a0: comment vous y retrouver\u00a0? - ASEVE GARCHES\" \/>\n<meta property=\"og:description\" content=\"Qu&rsquo;est-ce qu&rsquo;un produit bio ? Pour \u00eatre consid\u00e9r\u00e9 comme bio, un produit doit r\u00e9pondre aux exigences de la&nbsp;r\u00e9glementation europ\u00e9enne en agriculture biologique, notamment : La r\u00e9glementation en agriculture biologique ne s\u2019applique qu\u2019aux produits agricoles et aux denr\u00e9es alimentaires. Dans le\" \/>\n<meta property=\"og:url\" content=\"https:\/\/www.asevegarches.fr\/blog\/2025\/12\/11\/labels-bios-comment-vous-y-retrouver\/\" \/>\n<meta property=\"og:site_name\" content=\"ASEVE GARCHES\" \/>\n<meta property=\"article:published_time\" content=\"2025-12-11T18:39:32+00:00\" \/>\n<meta property=\"article:modified_time\" content=\"2025-12-11T18:39:35+00:00\" \/>\n<meta property=\"og:image\" content=\"https:\/\/www.asevegarches.fr\/blog\/wp-content\/uploads\/2025\/12\/Photo-produits-bio-e1765477686836.jpg\" \/>\n\t<meta property=\"og:image:width\" content=\"402\" \/>\n\t<meta property=\"og:image:height\" content=\"202\" \/>\n\t<meta property=\"og:image:type\" content=\"image\/jpeg\" \/>\n<meta name=\"author\" content=\"aseve\" \/>\n<meta name=\"twitter:card\" content=\"summary_large_image\" \/>\n<meta name=\"twitter:label1\" content=\"\u00c9crit par\" \/>\n\t<meta name=\"twitter:data1\" content=\"aseve\" \/>\n\t<meta name=\"twitter:label2\" content=\"Dur\u00e9e de lecture estim\u00e9e\" \/>\n\t<meta name=\"twitter:data2\" content=\"3 minutes\" \/>\n<script type=\"application\/ld+json\" class=\"yoast-schema-graph\">{\"@context\":\"https:\\\/\\\/schema.org\",\"@graph\":[{\"@type\":\"Article\",\"@id\":\"https:\\\/\\\/www.asevegarches.fr\\\/blog\\\/2025\\\/12\\\/11\\\/labels-bios-comment-vous-y-retrouver\\\/#article\",\"isPartOf\":{\"@id\":\"https:\\\/\\\/www.asevegarches.fr\\\/blog\\\/2025\\\/12\\\/11\\\/labels-bios-comment-vous-y-retrouver\\\/\"},\"author\":{\"name\":\"aseve\",\"@id\":\"https:\\\/\\\/www.asevegarches.fr\\\/blog\\\/#\\\/schema\\\/person\\\/428c8c0bdd5ce55a52d81a86ee606c15\"},\"headline\":\"Labels bios\u00a0: comment vous y retrouver\u00a0?\",\"datePublished\":\"2025-12-11T18:39:32+00:00\",\"dateModified\":\"2025-12-11T18:39:35+00:00\",\"mainEntityOfPage\":{\"@id\":\"https:\\\/\\\/www.asevegarches.fr\\\/blog\\\/2025\\\/12\\\/11\\\/labels-bios-comment-vous-y-retrouver\\\/\"},\"wordCount\":617,\"publisher\":{\"@id\":\"https:\\\/\\\/www.asevegarches.fr\\\/blog\\\/#organization\"},\"image\":{\"@id\":\"https:\\\/\\\/www.asevegarches.fr\\\/blog\\\/2025\\\/12\\\/11\\\/labels-bios-comment-vous-y-retrouver\\\/#primaryimage\"},\"thumbnailUrl\":\"https:\\\/\\\/www.asevegarches.fr\\\/blog\\\/wp-content\\\/uploads\\\/2025\\\/12\\\/Photo-produits-bio-e1765477686836.jpg\",\"articleSection\":[\"Actualit\u00e9s\"],\"inLanguage\":\"fr-FR\"},{\"@type\":\"WebPage\",\"@id\":\"https:\\\/\\\/www.asevegarches.fr\\\/blog\\\/2025\\\/12\\\/11\\\/labels-bios-comment-vous-y-retrouver\\\/\",\"url\":\"https:\\\/\\\/www.asevegarches.fr\\\/blog\\\/2025\\\/12\\\/11\\\/labels-bios-comment-vous-y-retrouver\\\/\",\"name\":\"Labels bios\u00a0: comment vous y retrouver\u00a0? - ASEVE GARCHES\",\"isPartOf\":{\"@id\":\"https:\\\/\\\/www.asevegarches.fr\\\/blog\\\/#website\"},\"primaryImageOfPage\":{\"@id\":\"https:\\\/\\\/www.asevegarches.fr\\\/blog\\\/2025\\\/12\\\/11\\\/labels-bios-comment-vous-y-retrouver\\\/#primaryimage\"},\"image\":{\"@id\":\"https:\\\/\\\/www.asevegarches.fr\\\/blog\\\/2025\\\/12\\\/11\\\/labels-bios-comment-vous-y-retrouver\\\/#primaryimage\"},\"thumbnailUrl\":\"https:\\\/\\\/www.asevegarches.fr\\\/blog\\\/wp-content\\\/uploads\\\/2025\\\/12\\\/Photo-produits-bio-e1765477686836.jpg\",\"datePublished\":\"2025-12-11T18:39:32+00:00\",\"dateModified\":\"2025-12-11T18:39:35+00:00\",\"breadcrumb\":{\"@id\":\"https:\\\/\\\/www.asevegarches.fr\\\/blog\\\/2025\\\/12\\\/11\\\/labels-bios-comment-vous-y-retrouver\\\/#breadcrumb\"},\"inLanguage\":\"fr-FR\",\"potentialAction\":[{\"@type\":\"ReadAction\",\"target\":[\"https:\\\/\\\/www.asevegarches.fr\\\/blog\\\/2025\\\/12\\\/11\\\/labels-bios-comment-vous-y-retrouver\\\/\"]}]},{\"@type\":\"ImageObject\",\"inLanguage\":\"fr-FR\",\"@id\":\"https:\\\/\\\/www.asevegarches.fr\\\/blog\\\/2025\\\/12\\\/11\\\/labels-bios-comment-vous-y-retrouver\\\/#primaryimage\",\"url\":\"https:\\\/\\\/www.asevegarches.fr\\\/blog\\\/wp-content\\\/uploads\\\/2025\\\/12\\\/Photo-produits-bio-e1765477686836.jpg\",\"contentUrl\":\"https:\\\/\\\/www.asevegarches.fr\\\/blog\\\/wp-content\\\/uploads\\\/2025\\\/12\\\/Photo-produits-bio-e1765477686836.jpg\",\"width\":402,\"height\":202},{\"@type\":\"BreadcrumbList\",\"@id\":\"https:\\\/\\\/www.asevegarches.fr\\\/blog\\\/2025\\\/12\\\/11\\\/labels-bios-comment-vous-y-retrouver\\\/#breadcrumb\",\"itemListElement\":[{\"@type\":\"ListItem\",\"position\":1,\"name\":\"Accueil\",\"item\":\"https:\\\/\\\/www.asevegarches.fr\\\/blog\\\/\"},{\"@type\":\"ListItem\",\"position\":2,\"name\":\"Labels bios\u00a0: comment vous y retrouver\u00a0?\"}]},{\"@type\":\"WebSite\",\"@id\":\"https:\\\/\\\/www.asevegarches.fr\\\/blog\\\/#website\",\"url\":\"https:\\\/\\\/www.asevegarches.fr\\\/blog\\\/\",\"name\":\"ASEVE GARCHES\",\"description\":\"\",\"publisher\":{\"@id\":\"https:\\\/\\\/www.asevegarches.fr\\\/blog\\\/#organization\"},\"potentialAction\":[{\"@type\":\"SearchAction\",\"target\":{\"@type\":\"EntryPoint\",\"urlTemplate\":\"https:\\\/\\\/www.asevegarches.fr\\\/blog\\\/?s={search_term_string}\"},\"query-input\":{\"@type\":\"PropertyValueSpecification\",\"valueRequired\":true,\"valueName\":\"search_term_string\"}}],\"inLanguage\":\"fr-FR\"},{\"@type\":\"Organization\",\"@id\":\"https:\\\/\\\/www.asevegarches.fr\\\/blog\\\/#organization\",\"name\":\"Association de Sauvegarde des Espaces Verts et de l'Environnement\",\"alternateName\":\"ASEVE\",\"url\":\"https:\\\/\\\/www.asevegarches.fr\\\/blog\\\/\",\"logo\":{\"@type\":\"ImageObject\",\"inLanguage\":\"fr-FR\",\"@id\":\"https:\\\/\\\/www.asevegarches.fr\\\/blog\\\/#\\\/schema\\\/logo\\\/image\\\/\",\"url\":\"https:\\\/\\\/i0.wp.com\\\/www.asevegarches.fr\\\/blog\\\/wp-content\\\/uploads\\\/2022\\\/10\\\/LOGO_logo-facebook.jpg?fit=1501%2C1501\",\"contentUrl\":\"https:\\\/\\\/i0.wp.com\\\/www.asevegarches.fr\\\/blog\\\/wp-content\\\/uploads\\\/2022\\\/10\\\/LOGO_logo-facebook.jpg?fit=1501%2C1501\",\"width\":1501,\"height\":1501,\"caption\":\"Association de Sauvegarde des Espaces Verts et de l'Environnement\"},\"image\":{\"@id\":\"https:\\\/\\\/www.asevegarches.fr\\\/blog\\\/#\\\/schema\\\/logo\\\/image\\\/\"}},{\"@type\":\"Person\",\"@id\":\"https:\\\/\\\/www.asevegarches.fr\\\/blog\\\/#\\\/schema\\\/person\\\/428c8c0bdd5ce55a52d81a86ee606c15\",\"name\":\"aseve\",\"image\":{\"@type\":\"ImageObject\",\"inLanguage\":\"fr-FR\",\"@id\":\"https:\\\/\\\/secure.gravatar.com\\\/avatar\\\/ecef828e21d04ee42984b2273fa699b5c50be14dac440c25fd3edc29fb334f7b?s=96&d=mm&r=g\",\"url\":\"https:\\\/\\\/secure.gravatar.com\\\/avatar\\\/ecef828e21d04ee42984b2273fa699b5c50be14dac440c25fd3edc29fb334f7b?s=96&d=mm&r=g\",\"contentUrl\":\"https:\\\/\\\/secure.gravatar.com\\\/avatar\\\/ecef828e21d04ee42984b2273fa699b5c50be14dac440c25fd3edc29fb334f7b?s=96&d=mm&r=g\",\"caption\":\"aseve\"},\"url\":\"https:\\\/\\\/www.asevegarches.fr\\\/blog\\\/author\\\/admin\\\/\"}]}<\/script>\n<!-- \/ Yoast SEO plugin. -->","yoast_head_json":{"title":"Labels bios\u00a0: comment vous y retrouver\u00a0? - ASEVE GARCHES","robots":{"index":"index","follow":"follow","max-snippet":"max-snippet:-1","max-image-preview":"max-image-preview:large","max-video-preview":"max-video-preview:-1"},"canonical":"https:\/\/www.asevegarches.fr\/blog\/2025\/12\/11\/labels-bios-comment-vous-y-retrouver\/","og_locale":"fr_FR","og_type":"article","og_title":"Labels bios\u00a0: comment vous y retrouver\u00a0? - ASEVE GARCHES","og_description":"Qu&rsquo;est-ce qu&rsquo;un produit bio ? Pour \u00eatre consid\u00e9r\u00e9 comme bio, un produit doit r\u00e9pondre aux exigences de la&nbsp;r\u00e9glementation europ\u00e9enne en agriculture biologique, notamment : La r\u00e9glementation en agriculture biologique ne s\u2019applique qu\u2019aux produits agricoles et aux denr\u00e9es alimentaires. Dans le","og_url":"https:\/\/www.asevegarches.fr\/blog\/2025\/12\/11\/labels-bios-comment-vous-y-retrouver\/","og_site_name":"ASEVE GARCHES","article_published_time":"2025-12-11T18:39:32+00:00","article_modified_time":"2025-12-11T18:39:35+00:00","og_image":[{"width":402,"height":202,"url":"https:\/\/www.asevegarches.fr\/blog\/wp-content\/uploads\/2025\/12\/Photo-produits-bio-e1765477686836.jpg","type":"image\/jpeg"}],"author":"aseve","twitter_card":"summary_large_image","twitter_misc":{"\u00c9crit par":"aseve","Dur\u00e9e de lecture estim\u00e9e":"3 minutes"},"schema":{"@context":"https:\/\/schema.org","@graph":[{"@type":"Article","@id":"https:\/\/www.asevegarches.fr\/blog\/2025\/12\/11\/labels-bios-comment-vous-y-retrouver\/#article","isPartOf":{"@id":"https:\/\/www.asevegarches.fr\/blog\/2025\/12\/11\/labels-bios-comment-vous-y-retrouver\/"},"author":{"name":"aseve","@id":"https:\/\/www.asevegarches.fr\/blog\/#\/schema\/person\/428c8c0bdd5ce55a52d81a86ee606c15"},"headline":"Labels bios\u00a0: comment vous y retrouver\u00a0?","datePublished":"2025-12-11T18:39:32+00:00","dateModified":"2025-12-11T18:39:35+00:00","mainEntityOfPage":{"@id":"https:\/\/www.asevegarches.fr\/blog\/2025\/12\/11\/labels-bios-comment-vous-y-retrouver\/"},"wordCount":617,"publisher":{"@id":"https:\/\/www.asevegarches.fr\/blog\/#organization"},"image":{"@id":"https:\/\/www.asevegarches.fr\/blog\/2025\/12\/11\/labels-bios-comment-vous-y-retrouver\/#primaryimage"},"thumbnailUrl":"https:\/\/www.asevegarches.fr\/blog\/wp-content\/uploads\/2025\/12\/Photo-produits-bio-e1765477686836.jpg","articleSection":["Actualit\u00e9s"],"inLanguage":"fr-FR"},{"@type":"WebPage","@id":"https:\/\/www.asevegarches.fr\/blog\/2025\/12\/11\/labels-bios-comment-vous-y-retrouver\/","url":"https:\/\/www.asevegarches.fr\/blog\/2025\/12\/11\/labels-bios-comment-vous-y-retrouver\/","name":"Labels bios\u00a0: comment vous y retrouver\u00a0? - ASEVE GARCHES","isPartOf":{"@id":"https:\/\/www.asevegarches.fr\/blog\/#website"},"primaryImageOfPage":{"@id":"https:\/\/www.asevegarches.fr\/blog\/2025\/12\/11\/labels-bios-comment-vous-y-retrouver\/#primaryimage"},"image":{"@id":"https:\/\/www.asevegarches.fr\/blog\/2025\/12\/11\/labels-bios-comment-vous-y-retrouver\/#primaryimage"},"thumbnailUrl":"https:\/\/www.asevegarches.fr\/blog\/wp-content\/uploads\/2025\/12\/Photo-produits-bio-e1765477686836.jpg","datePublished":"2025-12-11T18:39:32+00:00","dateModified":"2025-12-11T18:39:35+00:00","breadcrumb":{"@id":"https:\/\/www.asevegarches.fr\/blog\/2025\/12\/11\/labels-bios-comment-vous-y-retrouver\/#breadcrumb"},"inLanguage":"fr-FR","potentialAction":[{"@type":"ReadAction","target":["https:\/\/www.asevegarches.fr\/blog\/2025\/12\/11\/labels-bios-comment-vous-y-retrouver\/"]}]},{"@type":"ImageObject","inLanguage":"fr-FR","@id":"https:\/\/www.asevegarches.fr\/blog\/2025\/12\/11\/labels-bios-comment-vous-y-retrouver\/#primaryimage","url":"https:\/\/www.asevegarches.fr\/blog\/wp-content\/uploads\/2025\/12\/Photo-produits-bio-e1765477686836.jpg","contentUrl":"https:\/\/www.asevegarches.fr\/blog\/wp-content\/uploads\/2025\/12\/Photo-produits-bio-e1765477686836.jpg","width":402,"height":202},{"@type":"BreadcrumbList","@id":"https:\/\/www.asevegarches.fr\/blog\/2025\/12\/11\/labels-bios-comment-vous-y-retrouver\/#breadcrumb","itemListElement":[{"@type":"ListItem","position":1,"name":"Accueil","item":"https:\/\/www.asevegarches.fr\/blog\/"},{"@type":"ListItem","position":2,"name":"Labels bios\u00a0: comment vous y retrouver\u00a0?"}]},{"@type":"WebSite","@id":"https:\/\/www.asevegarches.fr\/blog\/#website","url":"https:\/\/www.asevegarches.fr\/blog\/","name":"ASEVE GARCHES","description":"","publisher":{"@id":"https:\/\/www.asevegarches.fr\/blog\/#organization"},"potentialAction":[{"@type":"SearchAction","target":{"@type":"EntryPoint","urlTemplate":"https:\/\/www.asevegarches.fr\/blog\/?s={search_term_string}"},"query-input":{"@type":"PropertyValueSpecification","valueRequired":true,"valueName":"search_term_string"}}],"inLanguage":"fr-FR"},{"@type":"Organization","@id":"https:\/\/www.asevegarches.fr\/blog\/#organization","name":"Association de Sauvegarde des Espaces Verts et de l'Environnement","alternateName":"ASEVE","url":"https:\/\/www.asevegarches.fr\/blog\/","logo":{"@type":"ImageObject","inLanguage":"fr-FR","@id":"https:\/\/www.asevegarches.fr\/blog\/#\/schema\/logo\/image\/","url":"https:\/\/i0.wp.com\/www.asevegarches.fr\/blog\/wp-content\/uploads\/2022\/10\/LOGO_logo-facebook.jpg?fit=1501%2C1501","contentUrl":"https:\/\/i0.wp.com\/www.asevegarches.fr\/blog\/wp-content\/uploads\/2022\/10\/LOGO_logo-facebook.jpg?fit=1501%2C1501","width":1501,"height":1501,"caption":"Association de Sauvegarde des Espaces Verts et de l'Environnement"},"image":{"@id":"https:\/\/www.asevegarches.fr\/blog\/#\/schema\/logo\/image\/"}},{"@type":"Person","@id":"https:\/\/www.asevegarches.fr\/blog\/#\/schema\/person\/428c8c0bdd5ce55a52d81a86ee606c15","name":"aseve","image":{"@type":"ImageObject","inLanguage":"fr-FR","@id":"https:\/\/secure.gravatar.com\/avatar\/ecef828e21d04ee42984b2273fa699b5c50be14dac440c25fd3edc29fb334f7b?s=96&d=mm&r=g","url":"https:\/\/secure.gravatar.com\/avatar\/ecef828e21d04ee42984b2273fa699b5c50be14dac440c25fd3edc29fb334f7b?s=96&d=mm&r=g","contentUrl":"https:\/\/secure.gravatar.com\/avatar\/ecef828e21d04ee42984b2273fa699b5c50be14dac440c25fd3edc29fb334f7b?s=96&d=mm&r=g","caption":"aseve"},"url":"https:\/\/www.asevegarches.fr\/blog\/author\/admin\/"}]}},"jetpack_featured_media_url":"","jetpack_sharing_enabled":true,"jetpack_shortlink":"https:\/\/wp.me\/p6YGVC-ZM","jetpack-related-posts":[{"id":2926,"url":"https:\/\/www.asevegarches.fr\/blog\/2025\/02\/09\/resolutions-2020-planete\/","url_meta":{"origin":3830,"position":0},"title":"QUELLES R\u00c9SOLUTIONS JE PRENDS POUR LA PLAN\u00c8TE?","author":"aseve","date":"9 f\u00e9vrier 2025","format":false,"excerpt":"21\/01\/2025 Vous \u00eates abasourdis par l\u2019\u00e9tat de la plan\u00e8te et pr\u00eats \u00e0 agir et \u00e0 adopter des bonnes r\u00e9solutions pour la respecter ?\u00a0 La biodiversit\u00e9, la qualit\u00e9 de l\u2019eau, de l\u2019air, des sols vous remercient !! De plus en plus de citoyens veulent agir \u00e0 leur niveau pour changer les\u2026","rel":"","context":"Dans &quot;Environnement&quot;","block_context":{"text":"Environnement","link":"https:\/\/www.asevegarches.fr\/blog\/category\/environnement-2\/"},"img":{"alt_text":"","src":"https:\/\/i0.wp.com\/www.asevegarches.fr\/blog\/wp-content\/uploads\/2020\/01\/Bonnes-re%CC%81solutions-2020-300x180.jpg?resize=350%2C200&ssl=1","width":350,"height":200},"classes":[]},{"id":2746,"url":"https:\/\/www.asevegarches.fr\/blog\/2019\/12\/20\/cadeaux-de-noel-choisir\/","url_meta":{"origin":3830,"position":1},"title":"QUELS CADEAUX DE NO\u00cbL CHOISIR?","author":"aseve","date":"20 d\u00e9cembre 2019","format":false,"excerpt":"20\/12\/2019 No\u00ebl est indissociable des cadeaux. Mais lesquels choisir pour contribuer \u00e0 sauver la plan\u00e8te et ses ressources\u00a0? Offrir des \u00ab\u00a0moments\u00a0\u00bb\u00a0: cours de cuisine, de th\u00e9\u00e2tre, places de th\u00e9\u00e2tre, de cin\u00e9ma, concert, spectacles, match sportif, s\u00e9ances de massage, des bons pour \u00ab\u00a0garder les enfants un week-end\u00a0\u00bb, \u00ab\u00a0garder le chien un\u2026","rel":"","context":"Dans &quot;Actualit\u00e9s&quot;","block_context":{"text":"Actualit\u00e9s","link":"https:\/\/www.asevegarches.fr\/blog\/category\/actualites\/"},"img":{"alt_text":"","src":"https:\/\/i0.wp.com\/www.asevegarches.fr\/blog\/wp-content\/uploads\/2019\/12\/IMG_8106-270x300.jpg?resize=350%2C200&ssl=1","width":350,"height":200},"classes":[]},{"id":2727,"url":"https:\/\/www.asevegarches.fr\/blog\/2019\/11\/23\/semaine-europeenne-de-reduction-dechets\/","url_meta":{"origin":3830,"position":2},"title":"SEMAINE EUROP\u00c9ENNE DE R\u00c9DUCTION DES D\u00c9CHETS !","author":"aseve","date":"23 novembre 2019","format":false,"excerpt":"23\/11\/2019 Je peux agir en tant que citoyen responsable\u00a0! Savez-vous que chaque fran\u00e7ais produit environ 1kg de d\u00e9chets par jour\u00a0?\u00a0 C\u2019est trop\u00a0! Et moi que puis-je faire ? Ci-dessous quelques id\u00e9es concr\u00e8tes et faciles \u00e0 mettre en \u0153uvre dans la vie quotidienne : - Mettre un autocollant Stop Pub sur\u2026","rel":"","context":"Dans &quot;Actualit\u00e9s&quot;","block_context":{"text":"Actualit\u00e9s","link":"https:\/\/www.asevegarches.fr\/blog\/category\/actualites\/"},"img":{"alt_text":"","src":"https:\/\/i0.wp.com\/www.asevegarches.fr\/blog\/wp-content\/uploads\/2019\/11\/Sans-titre.png?resize=350%2C200&ssl=1","width":350,"height":200},"classes":[]},{"id":3274,"url":"https:\/\/www.asevegarches.fr\/blog\/2022\/11\/25\/engage-a-renforcer-le-dialogue-avec-les-usagers-loffice-national-des-forets-a-commandite-une-enquete-aupres-de-linstitut-viavoice-sur-le-rapport-des-franciliens-a-la-foret-et-leurs\/","url_meta":{"origin":3830,"position":3},"title":"Engag\u00e9 \u00e0 renforcer le dialogue avec les usagers, l\u2019Office national des for\u00eats a commandit\u00e9 une enqu\u00eate aupr\u00e8s de l\u2019institut Viavoice sur le rapport des Franciliens \u00e0 la for\u00eat et leurs attentes. R\u00e9alis\u00e9e sur un \u00e9chantillon repr\u00e9sentatif de la population r\u00e9gionale, elle r\u00e9v\u00e8le des r\u00e9sultats in\u00e9dits et parfois surprenants.","author":"Contact","date":"25 novembre 2022","format":false,"excerpt":"Ce barom\u00e8tre, dont c\u2019est la premi\u00e8re \u00e9dition, met en \u00e9vidence de nombreux points de satisfaction, mais r\u00e9v\u00e8le aussi les raisons de certaines crispations. Notamment lorsqu\u2019il est question de la gestion durable des for\u00eats ou de la coupe d\u2019arbres qui produit pourtant du bois utile \u00e0 la soci\u00e9t\u00e9. https:\/\/www.onf.fr\/+\/18f5::une-declaration-damour-des-franciliens-envers-leurs-forets-publiques. ONF-Resultats-de-letude-Viavoice-2022T\u00e9l\u00e9charger","rel":"","context":"Dans &quot;Actualit\u00e9s&quot;","block_context":{"text":"Actualit\u00e9s","link":"https:\/\/www.asevegarches.fr\/blog\/category\/actualites\/"},"img":{"alt_text":"","src":"https:\/\/i0.wp.com\/www.asevegarches.fr\/blog\/wp-content\/uploads\/2022\/11\/WhatsApp-Image-2022-10-23-at-13.59.40-2-150x150.jpeg?resize=350%2C200&ssl=1","width":350,"height":200,"srcset":"https:\/\/i0.wp.com\/www.asevegarches.fr\/blog\/wp-content\/uploads\/2022\/11\/WhatsApp-Image-2022-10-23-at-13.59.40-2-150x150.jpeg?resize=350%2C200&ssl=1 1x, https:\/\/i0.wp.com\/www.asevegarches.fr\/blog\/wp-content\/uploads\/2022\/11\/WhatsApp-Image-2022-10-23-at-13.59.40-2-150x150.jpeg?resize=525%2C300&ssl=1 1.5x, https:\/\/i0.wp.com\/www.asevegarches.fr\/blog\/wp-content\/uploads\/2022\/11\/WhatsApp-Image-2022-10-23-at-13.59.40-2-150x150.jpeg?resize=700%2C400&ssl=1 2x, https:\/\/i0.wp.com\/www.asevegarches.fr\/blog\/wp-content\/uploads\/2022\/11\/WhatsApp-Image-2022-10-23-at-13.59.40-2-150x150.jpeg?resize=1050%2C600&ssl=1 3x, https:\/\/i0.wp.com\/www.asevegarches.fr\/blog\/wp-content\/uploads\/2022\/11\/WhatsApp-Image-2022-10-23-at-13.59.40-2-150x150.jpeg?resize=1400%2C800&ssl=1 4x"},"classes":[]},{"id":3754,"url":"https:\/\/www.asevegarches.fr\/blog\/2025\/06\/14\/reparer-plutot-que-jeter-ou-en-sont-les-francais\/","url_meta":{"origin":3830,"position":4},"title":"R\u00e9parer plut\u00f4t que jeter : o\u00f9 en sont les Fran\u00e7ais ?","author":"Jean-Claude MASSIAS","date":"14 juin 2025","format":false,"excerpt":"La r\u00e9paration s\u00e9duit de plus en plus de Fran\u00e7ais, qui y voient un moyen concret de lutter contre la surconsommation et de pr\u00e9server l\u2019environnement. Si cette dynamique est prometteuse, elle se heurte encore \u00e0 plusieurs obstacles. Pour transformer l\u2019essai, l\u2019offre de r\u00e9paration doit \u00eatre plus visible, plus simple et plus\u2026","rel":"","context":"Dans &quot;Actualit\u00e9s&quot;","block_context":{"text":"Actualit\u00e9s","link":"https:\/\/www.asevegarches.fr\/blog\/category\/actualites\/"},"img":{"alt_text":"","src":"https:\/\/i0.wp.com\/www.asevegarches.fr\/blog\/wp-content\/uploads\/2025\/06\/Reparer-plutot-que-jeter.jpg?resize=350%2C200&ssl=1","width":350,"height":200},"classes":[]},{"id":2736,"url":"https:\/\/www.asevegarches.fr\/blog\/2019\/12\/16\/choisir-sapin-de-noel\/","url_meta":{"origin":3830,"position":5},"title":"COMMENT CHOISIR SON SAPIN DE NO\u00cbL ?","author":"aseve","date":"16 d\u00e9cembre 2019","format":false,"excerpt":"16\/12\/2019 No\u00ebl approche et vous vous demandez peut-\u00eatre comment choisir un sapin qui aurait moins d\u2019impact sur la plan\u00e8te\u00a0? Plusieurs options sont possibles\u00a0: Un vrai sapin\u00a0: Il est naturel, sent bon et il est biod\u00e9gradable. Choisissez-le fran\u00e7ais (il aura parcouru moins de kms), bio (il aura pouss\u00e9 sans engrais et\u2026","rel":"","context":"Dans &quot;Actualit\u00e9s&quot;","block_context":{"text":"Actualit\u00e9s","link":"https:\/\/www.asevegarches.fr\/blog\/category\/actualites\/"},"img":{"alt_text":"","src":"https:\/\/i0.wp.com\/www.asevegarches.fr\/blog\/wp-content\/uploads\/2019\/12\/Sans-titre-234x300.png?resize=350%2C200&ssl=1","width":350,"height":200},"classes":[]}],"_links":{"self":[{"href":"https:\/\/www.asevegarches.fr\/blog\/wp-json\/wp\/v2\/posts\/3830","targetHints":{"allow":["GET"]}}],"collection":[{"href":"https:\/\/www.asevegarches.fr\/blog\/wp-json\/wp\/v2\/posts"}],"about":[{"href":"https:\/\/www.asevegarches.fr\/blog\/wp-json\/wp\/v2\/types\/post"}],"author":[{"embeddable":true,"href":"https:\/\/www.asevegarches.fr\/blog\/wp-json\/wp\/v2\/users\/1"}],"replies":[{"embeddable":true,"href":"https:\/\/www.asevegarches.fr\/blog\/wp-json\/wp\/v2\/comments?post=3830"}],"version-history":[{"count":1,"href":"https:\/\/www.asevegarches.fr\/blog\/wp-json\/wp\/v2\/posts\/3830\/revisions"}],"predecessor-version":[{"id":3832,"href":"https:\/\/www.asevegarches.fr\/blog\/wp-json\/wp\/v2\/posts\/3830\/revisions\/3832"}],"wp:attachment":[{"href":"https:\/\/www.asevegarches.fr\/blog\/wp-json\/wp\/v2\/media?parent=3830"}],"wp:term":[{"taxonomy":"category","embeddable":true,"href":"https:\/\/www.asevegarches.fr\/blog\/wp-json\/wp\/v2\/categories?post=3830"},{"taxonomy":"post_tag","embeddable":true,"href":"https:\/\/www.asevegarches.fr\/blog\/wp-json\/wp\/v2\/tags?post=3830"}],"curies":[{"name":"wp","href":"https:\/\/api.w.org\/{rel}","templated":true}]}}