{"id":3823,"date":"2025-12-05T22:38:16","date_gmt":"2025-12-05T21:38:16","guid":{"rendered":"https:\/\/www.asevegarches.fr\/blog\/?p=3823"},"modified":"2025-12-05T22:41:32","modified_gmt":"2025-12-05T21:41:32","slug":"la-gestion-de-leau-aujourdhui-un-defi-pour-demain","status":"publish","type":"post","link":"https:\/\/www.asevegarches.fr\/blog\/2025\/12\/05\/la-gestion-de-leau-aujourdhui-un-defi-pour-demain\/","title":{"rendered":"La gestion de l\u2019eau aujourd\u2019hui, un d\u00e9fi pour demain ?"},"content":{"rendered":"\n<figure class=\"wp-block-image size-large\"><a href=\"https:\/\/www.asevegarches.fr\/blog\/wp-content\/uploads\/2025\/12\/Gestion-de-leau-image-1.jpg\"><img loading=\"lazy\" decoding=\"async\" width=\"1436\" height=\"808\" data-attachment-id=\"3824\" data-permalink=\"https:\/\/www.asevegarches.fr\/blog\/gestion-de-leau-image-1-2\/\" data-orig-file=\"https:\/\/www.asevegarches.fr\/blog\/wp-content\/uploads\/2025\/12\/Gestion-de-leau-image-1-edited.jpg\" data-orig-size=\"1436,808\" data-comments-opened=\"0\" data-image-meta=\"{&quot;aperture&quot;:&quot;0&quot;,&quot;credit&quot;:&quot;&quot;,&quot;camera&quot;:&quot;&quot;,&quot;caption&quot;:&quot;&quot;,&quot;created_timestamp&quot;:&quot;0&quot;,&quot;copyright&quot;:&quot;&quot;,&quot;focal_length&quot;:&quot;0&quot;,&quot;iso&quot;:&quot;0&quot;,&quot;shutter_speed&quot;:&quot;0&quot;,&quot;title&quot;:&quot;&quot;,&quot;orientation&quot;:&quot;1&quot;}\" data-image-title=\"Gestion de l&amp;rsquo;eau image 1\" data-image-description=\"\" data-image-caption=\"\" data-large-file=\"https:\/\/www.asevegarches.fr\/blog\/wp-content\/uploads\/2025\/12\/Gestion-de-leau-image-1-edited-1024x576.jpg\" src=\"https:\/\/www.asevegarches.fr\/blog\/wp-content\/uploads\/2025\/12\/Gestion-de-leau-image-1-edited.jpg\" alt=\"\" class=\"wp-image-3824\" srcset=\"https:\/\/www.asevegarches.fr\/blog\/wp-content\/uploads\/2025\/12\/Gestion-de-leau-image-1-edited.jpg 1436w, https:\/\/www.asevegarches.fr\/blog\/wp-content\/uploads\/2025\/12\/Gestion-de-leau-image-1-edited-300x169.jpg 300w, https:\/\/www.asevegarches.fr\/blog\/wp-content\/uploads\/2025\/12\/Gestion-de-leau-image-1-edited-1024x576.jpg 1024w, https:\/\/www.asevegarches.fr\/blog\/wp-content\/uploads\/2025\/12\/Gestion-de-leau-image-1-edited-768x432.jpg 768w, https:\/\/www.asevegarches.fr\/blog\/wp-content\/uploads\/2025\/12\/Gestion-de-leau-image-1-edited-1320x743.jpg 1320w\" sizes=\"auto, (max-width: 1436px) 100vw, 1436px\" \/><\/a><\/figure>\n\n\n\n<p>L\u2019eau est une ressource indispensable pour notre sant\u00e9, nos \u00e9cosyst\u00e8mes et notre \u00e9conomie. C\u2019est aussi une ressource en tension, menac\u00e9e par le changement climatique et nos activit\u00e9s humaines.\u00a0<\/p>\n\n\n\n<p><strong>Alors l\u2019eau risque-t-elle de se faire de plus en plus rare dans les prochaines d\u00e9cennies ?<\/strong><\/p>\n\n\n\n<p>Selon l\u2019Organisation des Nations Unies, la hausse des temp\u00e9ratures perturbe les r\u00e9gimes de pr\u00e9cipitations et l\u2019ensemble du cycle de l\u2019eau, ce qui conduit \u00e0 une exacerbation \u00e0 la fois de la raret\u00e9 de l\u2019eau mais aussi des risques li\u00e9s \u00e0 l\u2019eau, tels que les inondations et les s\u00e9cheresses&nbsp;: depuis 2000, les catastrophes li\u00e9es aux inondations ont augment\u00e9 de 134&nbsp;% par rapport aux deux d\u00e9cennies pr\u00e9c\u00e9dentes, selon l\u2019Organisation m\u00e9t\u00e9orologique mondiale (OMM). Le risque d\u2019inondation est d\u2019ailleurs le premier risque naturel en France par le nombre de personnes expos\u00e9es (18,5 millions).<\/p>\n\n\n\n<p>La gestion et la pr\u00e9servation de l\u2019eau est une priorit\u00e9 pour nos minist\u00e8res et de nombreuses solutions sont mises en place.&nbsp;<strong>Entre crues et s\u00e9cheresses comment rel\u00e8ve-t-on les d\u00e9fis de l\u2019eau dans un climat qui change ? Comment mieux g\u00e9rer et utiliser cette ressource dans nos territoires ?<\/strong><\/p>\n\n\n\n<div class=\"wp-block-media-text is-stacked-on-mobile\" style=\"grid-template-columns:45% auto\"><figure class=\"wp-block-media-text__media\"><img loading=\"lazy\" decoding=\"async\" width=\"1024\" height=\"805\" data-attachment-id=\"3821\" data-permalink=\"https:\/\/www.asevegarches.fr\/blog\/graphique-usages-eau\/\" data-orig-file=\"https:\/\/www.asevegarches.fr\/blog\/wp-content\/uploads\/2025\/12\/graphique-usages-eau.png\" data-orig-size=\"1385,1089\" data-comments-opened=\"0\" data-image-meta=\"{&quot;aperture&quot;:&quot;0&quot;,&quot;credit&quot;:&quot;&quot;,&quot;camera&quot;:&quot;&quot;,&quot;caption&quot;:&quot;&quot;,&quot;created_timestamp&quot;:&quot;0&quot;,&quot;copyright&quot;:&quot;&quot;,&quot;focal_length&quot;:&quot;0&quot;,&quot;iso&quot;:&quot;0&quot;,&quot;shutter_speed&quot;:&quot;0&quot;,&quot;title&quot;:&quot;&quot;,&quot;orientation&quot;:&quot;0&quot;}\" data-image-title=\"graphique-usages-eau\" data-image-description=\"\" data-image-caption=\"\" data-large-file=\"https:\/\/www.asevegarches.fr\/blog\/wp-content\/uploads\/2025\/12\/graphique-usages-eau-1024x805.png\" src=\"https:\/\/www.asevegarches.fr\/blog\/wp-content\/uploads\/2025\/12\/graphique-usages-eau-1024x805.png\" alt=\"\" class=\"wp-image-3821 size-full\" srcset=\"https:\/\/www.asevegarches.fr\/blog\/wp-content\/uploads\/2025\/12\/graphique-usages-eau-1024x805.png 1024w, https:\/\/www.asevegarches.fr\/blog\/wp-content\/uploads\/2025\/12\/graphique-usages-eau-300x236.png 300w, https:\/\/www.asevegarches.fr\/blog\/wp-content\/uploads\/2025\/12\/graphique-usages-eau-768x604.png 768w, https:\/\/www.asevegarches.fr\/blog\/wp-content\/uploads\/2025\/12\/graphique-usages-eau-1320x1038.png 1320w, https:\/\/www.asevegarches.fr\/blog\/wp-content\/uploads\/2025\/12\/graphique-usages-eau.png 1385w\" sizes=\"auto, (max-width: 1024px) 100vw, 1024px\" \/><\/figure><div class=\"wp-block-media-text__content\">\n<div class=\"wp-block-group is-vertical is-layout-flex wp-container-core-group-is-layout-8cf370e7 wp-block-group-is-layout-flex\">\n<p><strong>Comment utilise-t-on l\u2019eau en France ?<\/strong><\/p>\n\n\n\n<p>Pr\u00e8s de&nbsp;<strong>30 milliards de m\u00e8tres cubes d\u2019eau<\/strong>&nbsp;sont pr\u00e9lev\u00e9s, chaque ann\u00e9e, en France et sont utilis\u00e9s pour&nbsp;:<\/p>\n\n\n\n<p>46% Refroidissement des centrales \u00e9lectriques<\/p>\n\n\n\n<p>18% Production d&rsquo;eau potable<\/p>\n\n\n\n<p>17% Alimentation des canaux<\/p>\n\n\n\n<p>12% Usages agricoles<\/p>\n\n\n\n<p>7% Usages industriels<\/p>\n<\/div>\n<\/div><\/div>\n\n\n\n<p><strong>Jean-Michel Soubeyroux, directeur adjoint scientifique de la climatologie \u00e0 M\u00e9t\u00e9o-France<\/strong><\/p>\n\n\n\n<figure class=\"wp-block-gallery has-nested-images columns-default is-cropped wp-block-gallery-1 is-layout-flex wp-block-gallery-is-layout-flex\">\n<figure class=\"wp-block-image size-large\"><a href=\"https:\/\/www.asevegarches.fr\/blog\/wp-content\/uploads\/2025\/12\/Gestion-de-leau-image-3.png\"><img loading=\"lazy\" decoding=\"async\" width=\"220\" height=\"168\" data-attachment-id=\"3820\" data-permalink=\"https:\/\/www.asevegarches.fr\/blog\/gestion-de-leau-image-3\/\" data-orig-file=\"https:\/\/www.asevegarches.fr\/blog\/wp-content\/uploads\/2025\/12\/Gestion-de-leau-image-3.png\" data-orig-size=\"220,168\" data-comments-opened=\"0\" data-image-meta=\"{&quot;aperture&quot;:&quot;0&quot;,&quot;credit&quot;:&quot;&quot;,&quot;camera&quot;:&quot;&quot;,&quot;caption&quot;:&quot;&quot;,&quot;created_timestamp&quot;:&quot;0&quot;,&quot;copyright&quot;:&quot;&quot;,&quot;focal_length&quot;:&quot;0&quot;,&quot;iso&quot;:&quot;0&quot;,&quot;shutter_speed&quot;:&quot;0&quot;,&quot;title&quot;:&quot;&quot;,&quot;orientation&quot;:&quot;0&quot;}\" data-image-title=\"Gestion de l&amp;rsquo;eau image 3\" data-image-description=\"\" data-image-caption=\"\" data-large-file=\"https:\/\/www.asevegarches.fr\/blog\/wp-content\/uploads\/2025\/12\/Gestion-de-leau-image-3.png\" data-id=\"3820\" src=\"https:\/\/www.asevegarches.fr\/blog\/wp-content\/uploads\/2025\/12\/Gestion-de-leau-image-3.png\" alt=\"\" class=\"wp-image-3820\"\/><\/a><\/figure>\n\n\n\n<figure class=\"wp-block-image size-large\"><a href=\"https:\/\/www.asevegarches.fr\/blog\/wp-content\/uploads\/2025\/12\/Gestion-de-leau-image-2.jpg\"><img loading=\"lazy\" decoding=\"async\" width=\"595\" height=\"336\" data-attachment-id=\"3819\" data-permalink=\"https:\/\/www.asevegarches.fr\/blog\/gestion-de-leau-image-2\/\" data-orig-file=\"https:\/\/www.asevegarches.fr\/blog\/wp-content\/uploads\/2025\/12\/Gestion-de-leau-image-2.jpg\" data-orig-size=\"595,336\" data-comments-opened=\"0\" data-image-meta=\"{&quot;aperture&quot;:&quot;0&quot;,&quot;credit&quot;:&quot;&quot;,&quot;camera&quot;:&quot;&quot;,&quot;caption&quot;:&quot;&quot;,&quot;created_timestamp&quot;:&quot;0&quot;,&quot;copyright&quot;:&quot;&quot;,&quot;focal_length&quot;:&quot;0&quot;,&quot;iso&quot;:&quot;0&quot;,&quot;shutter_speed&quot;:&quot;0&quot;,&quot;title&quot;:&quot;&quot;,&quot;orientation&quot;:&quot;1&quot;}\" data-image-title=\"Gestion de l&amp;rsquo;eau image 2\" data-image-description=\"\" data-image-caption=\"\" data-large-file=\"https:\/\/www.asevegarches.fr\/blog\/wp-content\/uploads\/2025\/12\/Gestion-de-leau-image-2.jpg\" data-id=\"3819\" src=\"https:\/\/www.asevegarches.fr\/blog\/wp-content\/uploads\/2025\/12\/Gestion-de-leau-image-2.jpg\" alt=\"\" class=\"wp-image-3819\" srcset=\"https:\/\/www.asevegarches.fr\/blog\/wp-content\/uploads\/2025\/12\/Gestion-de-leau-image-2.jpg 595w, https:\/\/www.asevegarches.fr\/blog\/wp-content\/uploads\/2025\/12\/Gestion-de-leau-image-2-300x169.jpg 300w\" sizes=\"auto, (max-width: 595px) 100vw, 595px\" \/><\/a><\/figure>\n<\/figure>\n\n\n\n<p><strong>Pourquoi les risques naturels li\u00e9s \u00e0 l\u2019eau se multiplient-ils ?<\/strong><\/p>\n\n\n\n<p>Les activit\u00e9s socio-\u00e9conomiques sont fortement sensibles aux risques naturels li\u00e9s au manque d\u2019eau (s\u00e9cheresse) ou \u00e0 leur exc\u00e8s (inondation). Leur d\u00e9veloppement r\u00e9cent, souvent dans des zones expos\u00e9es, renforce la vuln\u00e9rabilit\u00e9 face \u00e0 ces ph\u00e9nom\u00e8nes.<br>Le changement climatique modifie et intensifie le cycle de l\u2019eau&nbsp;: l\u2019\u00e9l\u00e9vation des temp\u00e9ratures accentue l\u2019\u00e9vaporation, aggravant les s\u00e9cheresses, tandis qu\u2019une atmosph\u00e8re plus chaude favorise des pluies extr\u00eames plus intenses.<br>Cette \u00e9volution est d\u00e9j\u00e0 observable sur notre territoire o\u00f9 la fr\u00e9quence des s\u00e9cheresses de sol a augment\u00e9 de pr\u00e8s de 50&nbsp;% depuis les ann\u00e9es 1990 . Parall\u00e8lement, les pluies quotidiennes maximales sont en hausse de pr\u00e8s de 10&nbsp;% sur de nombreuses r\u00e9gions (M\u00e9diterran\u00e9e, Bretagne, Centre et Nord-Est du pays).<\/p>\n\n\n\n<p><strong>Quels sont les impacts de la s\u00e9cheresse sur notre soci\u00e9t\u00e9 ?<\/strong><\/p>\n\n\n\n<p>Il existe plusieurs types de s\u00e9cheresse conduisant \u00e0 des impacts diff\u00e9rents. Un d\u00e9ficit de pr\u00e9cipitations peut se prolonger sous forme de s\u00e9cheresse du sol ou de s\u00e9cheresse hydrologique. La s\u00e9cheresse du sol affecte l\u2019agriculture, l\u2019\u00e9levage et la for\u00eat mais \u00e9galement le b\u00e2ti r\u00e9sidentiel sur terrain argileux. La s\u00e9cheresse hydrologique, en r\u00e9duisant les d\u00e9bits des cours d\u2019eau ou le niveau des nappes, perturbe l\u2019alimentation en eau potable, la production d\u2019\u00e9nergie ainsi que les activit\u00e9s industrielles. Les milieux naturels sont \u00e9galement fragilis\u00e9s, ce qui limite leur capacit\u00e9 \u00e0 assurer pleinement leurs fonctions dans l\u2019\u00e9quilibre des \u00e9cosyst\u00e8mes.<\/p>\n\n\n\n<p><strong>Va-t-on r\u00e9ellement manquer d\u2019eau dans quelques d\u00e9cennies ?<\/strong><\/p>\n\n\n\n<p>Dans les prochaines d\u00e9cennies, les \u00e9pisodes de s\u00e9cheresse du sol seront plus fr\u00e9quents, plus intenses et pourront devenir plus longs, s\u2019\u00e9talant sur plus d\u2019une ann\u00e9e. Une s\u00e9cheresse telle qu\u2019observ\u00e9e lors de l\u2019\u00e9t\u00e9 2022 pourra devenir la norme d\u2019ici \u00e0 la fin du si\u00e8cle. Il est donc n\u00e9cessaire d\u2019adapter nos activit\u00e9s \u00e0 une ressource en eau en baisse et connaissant une plus grande variabilit\u00e9 temporelle. La r\u00e9ussite de ces actions r\u00e9duira le risque de manquer d\u2019eau dans les prochaines d\u00e9cennies.<\/p>\n\n\n\n<p><strong>Quelles sont les solutions pour pr\u00e9server nos ressources en eau ?<\/strong><\/p>\n\n\n\n<p>De mani\u00e8re g\u00e9n\u00e9rale, les solutions pour pr\u00e9server la ressource en eau comprennent \u00e0 la fois des actions visant \u00e0 renforcer la sobri\u00e9t\u00e9 des usages, \u00e0 optimiser la disponibilit\u00e9 de la ressource et \u00e0 restaurer l\u2019\u00e9tat des milieux naturels.<br>Gr\u00e2ce \u00e0 son expertise m\u00e9t\u00e9orologique et climatique, M\u00e9t\u00e9o-France accompagne les acteurs publics ou priv\u00e9s au niveau national et local pour anticiper les cons\u00e9quences de la s\u00e9cheresse sur l\u2019ensemble du territoire. L\u2019\u00e9tablissement fournit ainsi des diagnostics de situation et des pr\u00e9visions (temp\u00e9ratures, pr\u00e9cipitations, humidit\u00e9 des sols\u2026) pour les Comit\u00e9s d\u2019Anticipation et de Suivi Hydrologique (CASH), les Comit\u00e9s S\u00e9cheresse du minist\u00e8re de l\u2019Agriculture et les Comit\u00e9s D\u00e9partementaux de Ressource en Eau.<br>De nombreuses donn\u00e9es sur l\u2019\u00e9volution des pluies, sur la s\u00e9cheresse et sur leurs impacts aux horizons d\u2019adaptation 2030, 2050 et 2100 sont disponibles \u00e0 l\u2019\u00e9chelle de la commune et accessible en ligne sur&nbsp;<a href=\"https:\/\/meteofrance.com\/climadiag-commune\" target=\"_blank\" rel=\"noreferrer noopener\">Climadiag Commune<\/a>.<\/p>\n\n\n\n<p><strong>Sur le littoral, chaque goutte compte !<\/strong><\/p>\n\n\n\n<p>Le Cerema et le minist\u00e8re de la Transition \u00e9cologique, de la Biodiversit\u00e9 et des N\u00e9gociations internationales sur le climat et la nature ont lanc\u00e9 un programme national pour acc\u00e9l\u00e9rer la r\u00e9utilisation des eaux us\u00e9es trait\u00e9es (REUT) dans les territoires c\u00f4tiers. L\u2019id\u00e9e ?&nbsp;<strong>Redonner une seconde vie \u00e0 l\u2019eau avant qu\u2019elle ne soit rejet\u00e9e dans la mer, en l\u2019utilisant pour arroser les espaces verts, nettoyer la voirie ou alimenter des usages industriels.<\/strong><\/p>\n\n\n\n<p>Jusqu\u2019\u00e0 80&nbsp;% du co\u00fbt des \u00e9tudes peut \u00eatre financ\u00e9 pour les collectivit\u00e9s qui se lancent.<br>Le programme accompagne les communes littorales de m\u00e9tropole et d\u2019Outre-Mer \u00e0 chaque \u00e9tape&nbsp;: diagnostic territorial, faisabilit\u00e9 technique, montage de projet, partage d\u2019exp\u00e9riences.<\/p>\n\n\n\n<p>&#x1f30a;&nbsp;Objectif national&nbsp;: multiplier par 10 la r\u00e9utilisation de l\u2019eau d\u2019ici 2030, dans le cadre du&nbsp;<a href=\"https:\/\/www.ecologie.gouv.fr\/politiques-publiques\/plan-daction-gestion-resiliente-concertee-leau\" target=\"_blank\" rel=\"noreferrer noopener\">Plan Eau<\/a>&nbsp;qui regroupe un ensemble d\u2019actions pour une gestion sobre, r\u00e9siliente et concert\u00e9e de la ressource en eau.<br>C\u2019est donc une r\u00e9ponse concr\u00e8te aux d\u00e9fis du changement climatique&nbsp;: s\u00e9cheresses \u00e0 r\u00e9p\u00e9tition, pression touristique, intrusion d\u2019eau sal\u00e9e dans les nappes\u2026<\/p>\n\n\n\n<p>&#x1f449;&nbsp;<a href=\"https:\/\/www.cerema.fr\/fr\/programme-acceleration-reut-littoral\" target=\"_blank\" rel=\"noreferrer noopener\">D\u00e9couvrez le programme REUT<\/a><\/p>\n","protected":false},"excerpt":{"rendered":"<p>L\u2019eau est une ressource indispensable pour notre sant\u00e9, nos \u00e9cosyst\u00e8mes et notre \u00e9conomie. C\u2019est aussi une ressource en tension, menac\u00e9e par le changement climatique et nos activit\u00e9s humaines.\u00a0 Alors l\u2019eau risque-t-elle de se faire de plus en plus rare dans<\/p>\n","protected":false},"author":1,"featured_media":0,"comment_status":"closed","ping_status":"open","sticky":false,"template":"","format":"standard","meta":{"_jetpack_newsletter_access":"","_jetpack_dont_email_post_to_subs":false,"_jetpack_newsletter_tier_id":0,"_jetpack_memberships_contains_paywalled_content":false,"_jetpack_memberships_contains_paid_content":false,"footnotes":""},"categories":[7],"tags":[13],"class_list":["post-3823","post","type-post","status-publish","format-standard","hentry","category-actualites","tag-environnement"],"yoast_head":"<!-- This site is optimized with the Yoast SEO plugin v27.5 - https:\/\/yoast.com\/product\/yoast-seo-wordpress\/ -->\n<title>La gestion de l\u2019eau aujourd\u2019hui, un d\u00e9fi pour demain ? - ASEVE GARCHES<\/title>\n<meta name=\"robots\" content=\"index, follow, max-snippet:-1, max-image-preview:large, max-video-preview:-1\" \/>\n<link rel=\"canonical\" href=\"https:\/\/www.asevegarches.fr\/blog\/2025\/12\/05\/la-gestion-de-leau-aujourdhui-un-defi-pour-demain\/\" \/>\n<meta property=\"og:locale\" content=\"fr_FR\" \/>\n<meta property=\"og:type\" content=\"article\" \/>\n<meta property=\"og:title\" content=\"La gestion de l\u2019eau aujourd\u2019hui, un d\u00e9fi pour demain ? - ASEVE GARCHES\" \/>\n<meta property=\"og:description\" content=\"L\u2019eau est une ressource indispensable pour notre sant\u00e9, nos \u00e9cosyst\u00e8mes et notre \u00e9conomie. C\u2019est aussi une ressource en tension, menac\u00e9e par le changement climatique et nos activit\u00e9s humaines.\u00a0 Alors l\u2019eau risque-t-elle de se faire de plus en plus rare dans\" \/>\n<meta property=\"og:url\" content=\"https:\/\/www.asevegarches.fr\/blog\/2025\/12\/05\/la-gestion-de-leau-aujourdhui-un-defi-pour-demain\/\" \/>\n<meta property=\"og:site_name\" content=\"ASEVE GARCHES\" \/>\n<meta property=\"article:published_time\" content=\"2025-12-05T21:38:16+00:00\" \/>\n<meta property=\"article:modified_time\" content=\"2025-12-05T21:41:32+00:00\" \/>\n<meta property=\"og:image\" content=\"https:\/\/www.asevegarches.fr\/blog\/wp-content\/uploads\/2025\/12\/Gestion-de-leau-image-1-edited.jpg\" \/>\n\t<meta property=\"og:image:width\" content=\"1436\" \/>\n\t<meta property=\"og:image:height\" content=\"808\" \/>\n\t<meta property=\"og:image:type\" content=\"image\/jpeg\" \/>\n<meta name=\"author\" content=\"aseve\" \/>\n<meta name=\"twitter:card\" content=\"summary_large_image\" \/>\n<meta name=\"twitter:label1\" content=\"\u00c9crit par\" \/>\n\t<meta name=\"twitter:data1\" content=\"aseve\" \/>\n\t<meta name=\"twitter:label2\" content=\"Dur\u00e9e de lecture estim\u00e9e\" \/>\n\t<meta name=\"twitter:data2\" content=\"6 minutes\" \/>\n<script type=\"application\/ld+json\" class=\"yoast-schema-graph\">{\"@context\":\"https:\\\/\\\/schema.org\",\"@graph\":[{\"@type\":\"Article\",\"@id\":\"https:\\\/\\\/www.asevegarches.fr\\\/blog\\\/2025\\\/12\\\/05\\\/la-gestion-de-leau-aujourdhui-un-defi-pour-demain\\\/#article\",\"isPartOf\":{\"@id\":\"https:\\\/\\\/www.asevegarches.fr\\\/blog\\\/2025\\\/12\\\/05\\\/la-gestion-de-leau-aujourdhui-un-defi-pour-demain\\\/\"},\"author\":{\"name\":\"aseve\",\"@id\":\"https:\\\/\\\/www.asevegarches.fr\\\/blog\\\/#\\\/schema\\\/person\\\/428c8c0bdd5ce55a52d81a86ee606c15\"},\"headline\":\"La gestion de l\u2019eau aujourd\u2019hui, un d\u00e9fi pour demain ?\",\"datePublished\":\"2025-12-05T21:38:16+00:00\",\"dateModified\":\"2025-12-05T21:41:32+00:00\",\"mainEntityOfPage\":{\"@id\":\"https:\\\/\\\/www.asevegarches.fr\\\/blog\\\/2025\\\/12\\\/05\\\/la-gestion-de-leau-aujourdhui-un-defi-pour-demain\\\/\"},\"wordCount\":1054,\"publisher\":{\"@id\":\"https:\\\/\\\/www.asevegarches.fr\\\/blog\\\/#organization\"},\"image\":{\"@id\":\"https:\\\/\\\/www.asevegarches.fr\\\/blog\\\/2025\\\/12\\\/05\\\/la-gestion-de-leau-aujourdhui-un-defi-pour-demain\\\/#primaryimage\"},\"thumbnailUrl\":\"https:\\\/\\\/www.asevegarches.fr\\\/blog\\\/wp-content\\\/uploads\\\/2025\\\/12\\\/Gestion-de-leau-image-1-edited.jpg\",\"keywords\":[\"environnement\"],\"articleSection\":[\"Actualit\u00e9s\"],\"inLanguage\":\"fr-FR\"},{\"@type\":\"WebPage\",\"@id\":\"https:\\\/\\\/www.asevegarches.fr\\\/blog\\\/2025\\\/12\\\/05\\\/la-gestion-de-leau-aujourdhui-un-defi-pour-demain\\\/\",\"url\":\"https:\\\/\\\/www.asevegarches.fr\\\/blog\\\/2025\\\/12\\\/05\\\/la-gestion-de-leau-aujourdhui-un-defi-pour-demain\\\/\",\"name\":\"La gestion de l\u2019eau aujourd\u2019hui, un d\u00e9fi pour demain ? - ASEVE GARCHES\",\"isPartOf\":{\"@id\":\"https:\\\/\\\/www.asevegarches.fr\\\/blog\\\/#website\"},\"primaryImageOfPage\":{\"@id\":\"https:\\\/\\\/www.asevegarches.fr\\\/blog\\\/2025\\\/12\\\/05\\\/la-gestion-de-leau-aujourdhui-un-defi-pour-demain\\\/#primaryimage\"},\"image\":{\"@id\":\"https:\\\/\\\/www.asevegarches.fr\\\/blog\\\/2025\\\/12\\\/05\\\/la-gestion-de-leau-aujourdhui-un-defi-pour-demain\\\/#primaryimage\"},\"thumbnailUrl\":\"https:\\\/\\\/www.asevegarches.fr\\\/blog\\\/wp-content\\\/uploads\\\/2025\\\/12\\\/Gestion-de-leau-image-1-edited.jpg\",\"datePublished\":\"2025-12-05T21:38:16+00:00\",\"dateModified\":\"2025-12-05T21:41:32+00:00\",\"breadcrumb\":{\"@id\":\"https:\\\/\\\/www.asevegarches.fr\\\/blog\\\/2025\\\/12\\\/05\\\/la-gestion-de-leau-aujourdhui-un-defi-pour-demain\\\/#breadcrumb\"},\"inLanguage\":\"fr-FR\",\"potentialAction\":[{\"@type\":\"ReadAction\",\"target\":[\"https:\\\/\\\/www.asevegarches.fr\\\/blog\\\/2025\\\/12\\\/05\\\/la-gestion-de-leau-aujourdhui-un-defi-pour-demain\\\/\"]}]},{\"@type\":\"ImageObject\",\"inLanguage\":\"fr-FR\",\"@id\":\"https:\\\/\\\/www.asevegarches.fr\\\/blog\\\/2025\\\/12\\\/05\\\/la-gestion-de-leau-aujourdhui-un-defi-pour-demain\\\/#primaryimage\",\"url\":\"https:\\\/\\\/www.asevegarches.fr\\\/blog\\\/wp-content\\\/uploads\\\/2025\\\/12\\\/Gestion-de-leau-image-1-edited.jpg\",\"contentUrl\":\"https:\\\/\\\/www.asevegarches.fr\\\/blog\\\/wp-content\\\/uploads\\\/2025\\\/12\\\/Gestion-de-leau-image-1-edited.jpg\",\"width\":1436,\"height\":808},{\"@type\":\"BreadcrumbList\",\"@id\":\"https:\\\/\\\/www.asevegarches.fr\\\/blog\\\/2025\\\/12\\\/05\\\/la-gestion-de-leau-aujourdhui-un-defi-pour-demain\\\/#breadcrumb\",\"itemListElement\":[{\"@type\":\"ListItem\",\"position\":1,\"name\":\"Accueil\",\"item\":\"https:\\\/\\\/www.asevegarches.fr\\\/blog\\\/\"},{\"@type\":\"ListItem\",\"position\":2,\"name\":\"La gestion de l\u2019eau aujourd\u2019hui, un d\u00e9fi pour demain ?\"}]},{\"@type\":\"WebSite\",\"@id\":\"https:\\\/\\\/www.asevegarches.fr\\\/blog\\\/#website\",\"url\":\"https:\\\/\\\/www.asevegarches.fr\\\/blog\\\/\",\"name\":\"ASEVE GARCHES\",\"description\":\"\",\"publisher\":{\"@id\":\"https:\\\/\\\/www.asevegarches.fr\\\/blog\\\/#organization\"},\"potentialAction\":[{\"@type\":\"SearchAction\",\"target\":{\"@type\":\"EntryPoint\",\"urlTemplate\":\"https:\\\/\\\/www.asevegarches.fr\\\/blog\\\/?s={search_term_string}\"},\"query-input\":{\"@type\":\"PropertyValueSpecification\",\"valueRequired\":true,\"valueName\":\"search_term_string\"}}],\"inLanguage\":\"fr-FR\"},{\"@type\":\"Organization\",\"@id\":\"https:\\\/\\\/www.asevegarches.fr\\\/blog\\\/#organization\",\"name\":\"Association de Sauvegarde des Espaces Verts et de l'Environnement\",\"alternateName\":\"ASEVE\",\"url\":\"https:\\\/\\\/www.asevegarches.fr\\\/blog\\\/\",\"logo\":{\"@type\":\"ImageObject\",\"inLanguage\":\"fr-FR\",\"@id\":\"https:\\\/\\\/www.asevegarches.fr\\\/blog\\\/#\\\/schema\\\/logo\\\/image\\\/\",\"url\":\"https:\\\/\\\/i0.wp.com\\\/www.asevegarches.fr\\\/blog\\\/wp-content\\\/uploads\\\/2022\\\/10\\\/LOGO_logo-facebook.jpg?fit=1501%2C1501\",\"contentUrl\":\"https:\\\/\\\/i0.wp.com\\\/www.asevegarches.fr\\\/blog\\\/wp-content\\\/uploads\\\/2022\\\/10\\\/LOGO_logo-facebook.jpg?fit=1501%2C1501\",\"width\":1501,\"height\":1501,\"caption\":\"Association de Sauvegarde des Espaces Verts et de l'Environnement\"},\"image\":{\"@id\":\"https:\\\/\\\/www.asevegarches.fr\\\/blog\\\/#\\\/schema\\\/logo\\\/image\\\/\"}},{\"@type\":\"Person\",\"@id\":\"https:\\\/\\\/www.asevegarches.fr\\\/blog\\\/#\\\/schema\\\/person\\\/428c8c0bdd5ce55a52d81a86ee606c15\",\"name\":\"aseve\",\"image\":{\"@type\":\"ImageObject\",\"inLanguage\":\"fr-FR\",\"@id\":\"https:\\\/\\\/secure.gravatar.com\\\/avatar\\\/ecef828e21d04ee42984b2273fa699b5c50be14dac440c25fd3edc29fb334f7b?s=96&d=mm&r=g\",\"url\":\"https:\\\/\\\/secure.gravatar.com\\\/avatar\\\/ecef828e21d04ee42984b2273fa699b5c50be14dac440c25fd3edc29fb334f7b?s=96&d=mm&r=g\",\"contentUrl\":\"https:\\\/\\\/secure.gravatar.com\\\/avatar\\\/ecef828e21d04ee42984b2273fa699b5c50be14dac440c25fd3edc29fb334f7b?s=96&d=mm&r=g\",\"caption\":\"aseve\"},\"url\":\"https:\\\/\\\/www.asevegarches.fr\\\/blog\\\/author\\\/admin\\\/\"}]}<\/script>\n<!-- \/ Yoast SEO plugin. -->","yoast_head_json":{"title":"La gestion de l\u2019eau aujourd\u2019hui, un d\u00e9fi pour demain ? - ASEVE GARCHES","robots":{"index":"index","follow":"follow","max-snippet":"max-snippet:-1","max-image-preview":"max-image-preview:large","max-video-preview":"max-video-preview:-1"},"canonical":"https:\/\/www.asevegarches.fr\/blog\/2025\/12\/05\/la-gestion-de-leau-aujourdhui-un-defi-pour-demain\/","og_locale":"fr_FR","og_type":"article","og_title":"La gestion de l\u2019eau aujourd\u2019hui, un d\u00e9fi pour demain ? - ASEVE GARCHES","og_description":"L\u2019eau est une ressource indispensable pour notre sant\u00e9, nos \u00e9cosyst\u00e8mes et notre \u00e9conomie. C\u2019est aussi une ressource en tension, menac\u00e9e par le changement climatique et nos activit\u00e9s humaines.\u00a0 Alors l\u2019eau risque-t-elle de se faire de plus en plus rare dans","og_url":"https:\/\/www.asevegarches.fr\/blog\/2025\/12\/05\/la-gestion-de-leau-aujourdhui-un-defi-pour-demain\/","og_site_name":"ASEVE GARCHES","article_published_time":"2025-12-05T21:38:16+00:00","article_modified_time":"2025-12-05T21:41:32+00:00","og_image":[{"width":1436,"height":808,"url":"https:\/\/www.asevegarches.fr\/blog\/wp-content\/uploads\/2025\/12\/Gestion-de-leau-image-1-edited.jpg","type":"image\/jpeg"}],"author":"aseve","twitter_card":"summary_large_image","twitter_misc":{"\u00c9crit par":"aseve","Dur\u00e9e de lecture estim\u00e9e":"6 minutes"},"schema":{"@context":"https:\/\/schema.org","@graph":[{"@type":"Article","@id":"https:\/\/www.asevegarches.fr\/blog\/2025\/12\/05\/la-gestion-de-leau-aujourdhui-un-defi-pour-demain\/#article","isPartOf":{"@id":"https:\/\/www.asevegarches.fr\/blog\/2025\/12\/05\/la-gestion-de-leau-aujourdhui-un-defi-pour-demain\/"},"author":{"name":"aseve","@id":"https:\/\/www.asevegarches.fr\/blog\/#\/schema\/person\/428c8c0bdd5ce55a52d81a86ee606c15"},"headline":"La gestion de l\u2019eau aujourd\u2019hui, un d\u00e9fi pour demain ?","datePublished":"2025-12-05T21:38:16+00:00","dateModified":"2025-12-05T21:41:32+00:00","mainEntityOfPage":{"@id":"https:\/\/www.asevegarches.fr\/blog\/2025\/12\/05\/la-gestion-de-leau-aujourdhui-un-defi-pour-demain\/"},"wordCount":1054,"publisher":{"@id":"https:\/\/www.asevegarches.fr\/blog\/#organization"},"image":{"@id":"https:\/\/www.asevegarches.fr\/blog\/2025\/12\/05\/la-gestion-de-leau-aujourdhui-un-defi-pour-demain\/#primaryimage"},"thumbnailUrl":"https:\/\/www.asevegarches.fr\/blog\/wp-content\/uploads\/2025\/12\/Gestion-de-leau-image-1-edited.jpg","keywords":["environnement"],"articleSection":["Actualit\u00e9s"],"inLanguage":"fr-FR"},{"@type":"WebPage","@id":"https:\/\/www.asevegarches.fr\/blog\/2025\/12\/05\/la-gestion-de-leau-aujourdhui-un-defi-pour-demain\/","url":"https:\/\/www.asevegarches.fr\/blog\/2025\/12\/05\/la-gestion-de-leau-aujourdhui-un-defi-pour-demain\/","name":"La gestion de l\u2019eau aujourd\u2019hui, un d\u00e9fi pour demain ? - ASEVE GARCHES","isPartOf":{"@id":"https:\/\/www.asevegarches.fr\/blog\/#website"},"primaryImageOfPage":{"@id":"https:\/\/www.asevegarches.fr\/blog\/2025\/12\/05\/la-gestion-de-leau-aujourdhui-un-defi-pour-demain\/#primaryimage"},"image":{"@id":"https:\/\/www.asevegarches.fr\/blog\/2025\/12\/05\/la-gestion-de-leau-aujourdhui-un-defi-pour-demain\/#primaryimage"},"thumbnailUrl":"https:\/\/www.asevegarches.fr\/blog\/wp-content\/uploads\/2025\/12\/Gestion-de-leau-image-1-edited.jpg","datePublished":"2025-12-05T21:38:16+00:00","dateModified":"2025-12-05T21:41:32+00:00","breadcrumb":{"@id":"https:\/\/www.asevegarches.fr\/blog\/2025\/12\/05\/la-gestion-de-leau-aujourdhui-un-defi-pour-demain\/#breadcrumb"},"inLanguage":"fr-FR","potentialAction":[{"@type":"ReadAction","target":["https:\/\/www.asevegarches.fr\/blog\/2025\/12\/05\/la-gestion-de-leau-aujourdhui-un-defi-pour-demain\/"]}]},{"@type":"ImageObject","inLanguage":"fr-FR","@id":"https:\/\/www.asevegarches.fr\/blog\/2025\/12\/05\/la-gestion-de-leau-aujourdhui-un-defi-pour-demain\/#primaryimage","url":"https:\/\/www.asevegarches.fr\/blog\/wp-content\/uploads\/2025\/12\/Gestion-de-leau-image-1-edited.jpg","contentUrl":"https:\/\/www.asevegarches.fr\/blog\/wp-content\/uploads\/2025\/12\/Gestion-de-leau-image-1-edited.jpg","width":1436,"height":808},{"@type":"BreadcrumbList","@id":"https:\/\/www.asevegarches.fr\/blog\/2025\/12\/05\/la-gestion-de-leau-aujourdhui-un-defi-pour-demain\/#breadcrumb","itemListElement":[{"@type":"ListItem","position":1,"name":"Accueil","item":"https:\/\/www.asevegarches.fr\/blog\/"},{"@type":"ListItem","position":2,"name":"La gestion de l\u2019eau aujourd\u2019hui, un d\u00e9fi pour demain ?"}]},{"@type":"WebSite","@id":"https:\/\/www.asevegarches.fr\/blog\/#website","url":"https:\/\/www.asevegarches.fr\/blog\/","name":"ASEVE GARCHES","description":"","publisher":{"@id":"https:\/\/www.asevegarches.fr\/blog\/#organization"},"potentialAction":[{"@type":"SearchAction","target":{"@type":"EntryPoint","urlTemplate":"https:\/\/www.asevegarches.fr\/blog\/?s={search_term_string}"},"query-input":{"@type":"PropertyValueSpecification","valueRequired":true,"valueName":"search_term_string"}}],"inLanguage":"fr-FR"},{"@type":"Organization","@id":"https:\/\/www.asevegarches.fr\/blog\/#organization","name":"Association de Sauvegarde des Espaces Verts et de l'Environnement","alternateName":"ASEVE","url":"https:\/\/www.asevegarches.fr\/blog\/","logo":{"@type":"ImageObject","inLanguage":"fr-FR","@id":"https:\/\/www.asevegarches.fr\/blog\/#\/schema\/logo\/image\/","url":"https:\/\/i0.wp.com\/www.asevegarches.fr\/blog\/wp-content\/uploads\/2022\/10\/LOGO_logo-facebook.jpg?fit=1501%2C1501","contentUrl":"https:\/\/i0.wp.com\/www.asevegarches.fr\/blog\/wp-content\/uploads\/2022\/10\/LOGO_logo-facebook.jpg?fit=1501%2C1501","width":1501,"height":1501,"caption":"Association de Sauvegarde des Espaces Verts et de l'Environnement"},"image":{"@id":"https:\/\/www.asevegarches.fr\/blog\/#\/schema\/logo\/image\/"}},{"@type":"Person","@id":"https:\/\/www.asevegarches.fr\/blog\/#\/schema\/person\/428c8c0bdd5ce55a52d81a86ee606c15","name":"aseve","image":{"@type":"ImageObject","inLanguage":"fr-FR","@id":"https:\/\/secure.gravatar.com\/avatar\/ecef828e21d04ee42984b2273fa699b5c50be14dac440c25fd3edc29fb334f7b?s=96&d=mm&r=g","url":"https:\/\/secure.gravatar.com\/avatar\/ecef828e21d04ee42984b2273fa699b5c50be14dac440c25fd3edc29fb334f7b?s=96&d=mm&r=g","contentUrl":"https:\/\/secure.gravatar.com\/avatar\/ecef828e21d04ee42984b2273fa699b5c50be14dac440c25fd3edc29fb334f7b?s=96&d=mm&r=g","caption":"aseve"},"url":"https:\/\/www.asevegarches.fr\/blog\/author\/admin\/"}]}},"jetpack_featured_media_url":"","jetpack_sharing_enabled":true,"jetpack_shortlink":"https:\/\/wp.me\/p6YGVC-ZF","jetpack-related-posts":[{"id":3721,"url":"https:\/\/www.asevegarches.fr\/blog\/2025\/05\/28\/lue-face-a-lurgence-dune-gestion-durable-de-leau\/","url_meta":{"origin":3823,"position":0},"title":"L&rsquo;UE face \u00e0 l&rsquo;urgence d&rsquo;une gestion durable de l&rsquo;eau","author":"aseve","date":"28 mai 2025","format":false,"excerpt":"Face \u00e0 des p\u00e9nuries et une qualit\u00e9 d\u2019eau d\u00e9clinante, l\u2019UE doit revoir sa strat\u00e9gie. La Commission europ\u00e9enne pr\u00e9pare un plan pour mieux g\u00e9rer cette ressource vitale, sous pression environnementale et humaine. Selon l'Agence europ\u00e9enne pour l'environnement, seuls 37 % des eaux de surface europ\u00e9ennes sont en bonne ou tr\u00e8s bonne\u2026","rel":"","context":"Dans &quot;Actualit\u00e9s&quot;","block_context":{"text":"Actualit\u00e9s","link":"https:\/\/www.asevegarches.fr\/blog\/category\/actualites\/"},"img":{"alt_text":"","src":"https:\/\/i0.wp.com\/www.asevegarches.fr\/blog\/wp-content\/uploads\/2025\/05\/IMG-20210430-WA0003-150x150.jpg?resize=350%2C200&ssl=1","width":350,"height":200,"srcset":"https:\/\/i0.wp.com\/www.asevegarches.fr\/blog\/wp-content\/uploads\/2025\/05\/IMG-20210430-WA0003-150x150.jpg?resize=350%2C200&ssl=1 1x, https:\/\/i0.wp.com\/www.asevegarches.fr\/blog\/wp-content\/uploads\/2025\/05\/IMG-20210430-WA0003-150x150.jpg?resize=525%2C300&ssl=1 1.5x, https:\/\/i0.wp.com\/www.asevegarches.fr\/blog\/wp-content\/uploads\/2025\/05\/IMG-20210430-WA0003-150x150.jpg?resize=700%2C400&ssl=1 2x"},"classes":[]},{"id":2926,"url":"https:\/\/www.asevegarches.fr\/blog\/2025\/02\/09\/resolutions-2020-planete\/","url_meta":{"origin":3823,"position":1},"title":"QUELLES R\u00c9SOLUTIONS JE PRENDS POUR LA PLAN\u00c8TE?","author":"aseve","date":"9 f\u00e9vrier 2025","format":false,"excerpt":"21\/01\/2025 Vous \u00eates abasourdis par l\u2019\u00e9tat de la plan\u00e8te et pr\u00eats \u00e0 agir et \u00e0 adopter des bonnes r\u00e9solutions pour la respecter ?\u00a0 La biodiversit\u00e9, la qualit\u00e9 de l\u2019eau, de l\u2019air, des sols vous remercient !! De plus en plus de citoyens veulent agir \u00e0 leur niveau pour changer les\u2026","rel":"","context":"Dans &quot;Environnement&quot;","block_context":{"text":"Environnement","link":"https:\/\/www.asevegarches.fr\/blog\/category\/environnement-2\/"},"img":{"alt_text":"","src":"https:\/\/i0.wp.com\/www.asevegarches.fr\/blog\/wp-content\/uploads\/2020\/01\/Bonnes-re%CC%81solutions-2020-300x180.jpg?resize=350%2C200&ssl=1","width":350,"height":200},"classes":[]},{"id":3906,"url":"https:\/\/www.asevegarches.fr\/blog\/2026\/03\/09\/rencontres-de-laseve-avec-les-listes-candidates-aux-elections-municipales-garches-2026\/","url_meta":{"origin":3823,"position":2},"title":"Rencontres de l&rsquo;ASEVE avec les listes candidates aux \u00e9lections municipales GARCHES 2026","author":"Jean-Claude MASSIAS","date":"9 mars 2026","format":false,"excerpt":"L\u2019ASEVE (Association pour la Sauvegarde des Espaces Verts et de l\u2019Environnement) a\u00a0sollicit\u00e9\u00a0courant f\u00e9vrier les repr\u00e9sentants des 4 listes \u00e9lectorales d\u00e9clar\u00e9es pour les Municipales de Garches 2026.\u00a0 A ce jour, trois d\u2019entre elles ont r\u00e9pondu favorablement. Nous vous proposons une synth\u00e8se de nos \u00e9changes en pr\u00e9sentiel et de leurs r\u00e9ponses \u00e9crites\u2026","rel":"","context":"Dans &quot;Actualit\u00e9s&quot;","block_context":{"text":"Actualit\u00e9s","link":"https:\/\/www.asevegarches.fr\/blog\/category\/actualites\/"},"img":{"alt_text":"","src":"","width":0,"height":0},"classes":[]},{"id":2998,"url":"https:\/\/www.asevegarches.fr\/blog\/2020\/03\/03\/reponses-3-listes-aux-10-questions-de-laseve\/","url_meta":{"origin":3823,"position":3},"title":"Les r\u00e9ponses des 3 listes aux 10 questions de l&rsquo;ASEVE","author":"aseve","date":"3 mars 2020","format":false,"excerpt":"03\/03\/2020 Les 10 demandes de l'ASEVE 1-Une collecte des d\u00e9chets plus efficace -Passage de 3 \u00e0 2 collectes des d\u00e9chets m\u00e9nagers par semaine. -Suivi de l\u2019impact de l\u2019extension des consignes de tri sur le taux de remplissage des bacs jaunes. Ajustement \u00e9ventuel du nombre de collectes ou du nombre ou\u2026","rel":"","context":"Dans &quot;Actualit\u00e9s&quot;","block_context":{"text":"Actualit\u00e9s","link":"https:\/\/www.asevegarches.fr\/blog\/category\/actualites\/"},"img":{"alt_text":"","src":"https:\/\/i0.wp.com\/www.asevegarches.fr\/blog\/wp-content\/uploads\/2020\/02\/flag-3283466_1920-300x199.jpg?resize=350%2C200&ssl=1","width":350,"height":200},"classes":[]},{"id":2746,"url":"https:\/\/www.asevegarches.fr\/blog\/2019\/12\/20\/cadeaux-de-noel-choisir\/","url_meta":{"origin":3823,"position":4},"title":"QUELS CADEAUX DE NO\u00cbL CHOISIR?","author":"aseve","date":"20 d\u00e9cembre 2019","format":false,"excerpt":"20\/12\/2019 No\u00ebl est indissociable des cadeaux. Mais lesquels choisir pour contribuer \u00e0 sauver la plan\u00e8te et ses ressources\u00a0? Offrir des \u00ab\u00a0moments\u00a0\u00bb\u00a0: cours de cuisine, de th\u00e9\u00e2tre, places de th\u00e9\u00e2tre, de cin\u00e9ma, concert, spectacles, match sportif, s\u00e9ances de massage, des bons pour \u00ab\u00a0garder les enfants un week-end\u00a0\u00bb, \u00ab\u00a0garder le chien un\u2026","rel":"","context":"Dans &quot;Actualit\u00e9s&quot;","block_context":{"text":"Actualit\u00e9s","link":"https:\/\/www.asevegarches.fr\/blog\/category\/actualites\/"},"img":{"alt_text":"","src":"https:\/\/i0.wp.com\/www.asevegarches.fr\/blog\/wp-content\/uploads\/2019\/12\/IMG_8106-270x300.jpg?resize=350%2C200&ssl=1","width":350,"height":200},"classes":[]},{"id":3161,"url":"https:\/\/www.asevegarches.fr\/blog\/2021\/08\/10\/rapport-giec-rappelle-nouvelle-lurgence-reelle-de-prendre-toutes-mesures-necessaires-mettre-pleinement-oeuvre-laccord-de-paris-boussole-a-to\/","url_meta":{"origin":3823,"position":5},"title":"Le rapport du GIEC rappelle une nouvelle fois, l\u2019urgence r\u00e9elle de prendre toutes les mesures n\u00e9cessaires pour mettre pleinement en \u0153uvre l\u2019accord de Paris qui est notre boussole \u00e0 tous, \u00c9tats, collectivit\u00e9s, soci\u00e9t\u00e9 civile, entreprises, ONG pour limiter le r\u00e9chauffement climatique et ses cons\u00e9quences","author":"Contact","date":"10 ao\u00fbt 2021","format":false,"excerpt":"Les conclusions du groupe d\u2019experts intergouvernemental (Giec) qui vient de d\u00e9voiler les \u00e9l\u00e9ments scientifiques de son 6\u00e8me rapport d\u2019\u00e9valuation sont inqui\u00e9tantes. C\u2019est un cri d\u2019alarme pour une prise de conscience collective plan\u00e9taire. Selon la pal\u00e9oclimatologue fran\u00e7aise Val\u00e9rie Masson-Delmotte \u00ab\u00a0Les activit\u00e9s humaines sont \u00e0 l\u2019origine du changement climatique, c\u2019est indiscutable, et\u2026","rel":"","context":"Dans &quot;Actualit\u00e9s&quot;","block_context":{"text":"Actualit\u00e9s","link":"https:\/\/www.asevegarches.fr\/blog\/category\/actualites\/"},"img":{"alt_text":"","src":"https:\/\/i0.wp.com\/www.asevegarches.fr\/blog\/wp-content\/uploads\/2021\/08\/banquise-300x157.jpg?resize=350%2C200&ssl=1","width":350,"height":200},"classes":[]}],"_links":{"self":[{"href":"https:\/\/www.asevegarches.fr\/blog\/wp-json\/wp\/v2\/posts\/3823","targetHints":{"allow":["GET"]}}],"collection":[{"href":"https:\/\/www.asevegarches.fr\/blog\/wp-json\/wp\/v2\/posts"}],"about":[{"href":"https:\/\/www.asevegarches.fr\/blog\/wp-json\/wp\/v2\/types\/post"}],"author":[{"embeddable":true,"href":"https:\/\/www.asevegarches.fr\/blog\/wp-json\/wp\/v2\/users\/1"}],"replies":[{"embeddable":true,"href":"https:\/\/www.asevegarches.fr\/blog\/wp-json\/wp\/v2\/comments?post=3823"}],"version-history":[{"count":2,"href":"https:\/\/www.asevegarches.fr\/blog\/wp-json\/wp\/v2\/posts\/3823\/revisions"}],"predecessor-version":[{"id":3827,"href":"https:\/\/www.asevegarches.fr\/blog\/wp-json\/wp\/v2\/posts\/3823\/revisions\/3827"}],"wp:attachment":[{"href":"https:\/\/www.asevegarches.fr\/blog\/wp-json\/wp\/v2\/media?parent=3823"}],"wp:term":[{"taxonomy":"category","embeddable":true,"href":"https:\/\/www.asevegarches.fr\/blog\/wp-json\/wp\/v2\/categories?post=3823"},{"taxonomy":"post_tag","embeddable":true,"href":"https:\/\/www.asevegarches.fr\/blog\/wp-json\/wp\/v2\/tags?post=3823"}],"curies":[{"name":"wp","href":"https:\/\/api.w.org\/{rel}","templated":true}]}}