{"id":3754,"date":"2025-06-14T16:26:41","date_gmt":"2025-06-14T15:26:41","guid":{"rendered":"https:\/\/www.asevegarches.fr\/blog\/?p=3754"},"modified":"2025-06-14T16:44:42","modified_gmt":"2025-06-14T15:44:42","slug":"reparer-plutot-que-jeter-ou-en-sont-les-francais","status":"publish","type":"post","link":"https:\/\/www.asevegarches.fr\/blog\/2025\/06\/14\/reparer-plutot-que-jeter-ou-en-sont-les-francais\/","title":{"rendered":"R\u00e9parer plut\u00f4t que jeter : o\u00f9 en sont les Fran\u00e7ais ?"},"content":{"rendered":"\n<p><strong>La r\u00e9paration s\u00e9duit de plus en plus de Fran\u00e7ais, qui y voient un moyen concret de lutter contre la surconsommation et de pr\u00e9server l\u2019environnement. Si cette dynamique est prometteuse, elle se heurte encore \u00e0 plusieurs obstacles. Pour transformer l\u2019essai, l\u2019offre de r\u00e9paration doit \u00eatre plus visible, plus simple et plus accessible: c\u2019est l\u2019un des enseignements de l\u2019\u00e9tude \u00ab Perceptions et pratiques des Fran\u00e7ais en mati\u00e8re de r\u00e9paration en 2024 \u00bb \u00a0publi\u00e9e r\u00e9cemment par l\u2019ADEME.<\/strong><\/p>\n\n\n\n<p><\/p>\n\n\n\n<div class=\"wp-block-media-text is-stacked-on-mobile\" style=\"grid-template-columns:49% auto\"><figure class=\"wp-block-media-text__media\"><img loading=\"lazy\" decoding=\"async\" width=\"381\" height=\"1024\" data-attachment-id=\"3750\" data-permalink=\"https:\/\/www.asevegarches.fr\/blog\/reparer-plutot-que-jeter\/\" data-orig-file=\"https:\/\/www.asevegarches.fr\/blog\/wp-content\/uploads\/2025\/06\/Reparer-plutot-que-jeter.jpg\" data-orig-size=\"522,1402\" data-comments-opened=\"0\" data-image-meta=\"{&quot;aperture&quot;:&quot;0&quot;,&quot;credit&quot;:&quot;&quot;,&quot;camera&quot;:&quot;&quot;,&quot;caption&quot;:&quot;&quot;,&quot;created_timestamp&quot;:&quot;0&quot;,&quot;copyright&quot;:&quot;&quot;,&quot;focal_length&quot;:&quot;0&quot;,&quot;iso&quot;:&quot;0&quot;,&quot;shutter_speed&quot;:&quot;0&quot;,&quot;title&quot;:&quot;&quot;,&quot;orientation&quot;:&quot;1&quot;}\" data-image-title=\"R\u00e9parer plut\u00f4t que jeter\" data-image-description=\"\" data-image-caption=\"\" data-large-file=\"https:\/\/www.asevegarches.fr\/blog\/wp-content\/uploads\/2025\/06\/Reparer-plutot-que-jeter-381x1024.jpg\" src=\"https:\/\/www.asevegarches.fr\/blog\/wp-content\/uploads\/2025\/06\/Reparer-plutot-que-jeter-381x1024.jpg\" alt=\"\" class=\"wp-image-3750 size-full\" srcset=\"https:\/\/www.asevegarches.fr\/blog\/wp-content\/uploads\/2025\/06\/Reparer-plutot-que-jeter-381x1024.jpg 381w, https:\/\/www.asevegarches.fr\/blog\/wp-content\/uploads\/2025\/06\/Reparer-plutot-que-jeter-112x300.jpg 112w, https:\/\/www.asevegarches.fr\/blog\/wp-content\/uploads\/2025\/06\/Reparer-plutot-que-jeter.jpg 522w\" sizes=\"auto, (max-width: 381px) 100vw, 381px\" \/><\/figure><div class=\"wp-block-media-text__content\">\n<p><\/p>\n\n\n\n<h3 class=\"wp-block-heading\"><strong>R\u00e9paration : un engagement marqu\u00e9, des freins \u00e0 surmonter<\/strong><\/h3>\n\n\n\n<ul class=\"wp-block-list\">\n<li>30 % de la valeur du produit : c\u2019est le prix moyen jug\u00e9 acceptable par les Fran\u00e7ais pour r\u00e9parer un \u00e9quipement endommag\u00e9.<\/li>\n\n\n\n<li>69 % des Fran\u00e7ais ont effectu\u00e9 une r\u00e9paration ces deux derni\u00e8res ann\u00e9es, seul ou accompagn\u00e9 par un professionnel.<\/li>\n\n\n\n<li>83 % ont une bonne image de la r\u00e9paration, notamment pour lutter contre la surconsommation et pr\u00e9server l\u2019environnement.<\/li>\n<\/ul>\n\n\n\n<p><strong>De nombreux freins \u00e0 la r\u00e9paration<\/strong><\/p>\n\n\n\n<ul class=\"wp-block-list\">\n<li>52 % des Fran\u00e7ais estiment que la r\u00e9paration peut mener \u00e0 des probl\u00e8mes de qualit\u00e9.<\/li>\n\n\n\n<li>Pour 77 % la r\u00e9paration est rendue difficile par les fabricants (pi\u00e8ces d\u00e9tach\u00e9es rares et\/ou ch\u00e8res, manuels de r\u00e9paration difficiles \u00e0 trouver\u2026). Par rapport \u00e0 2019, ce chiffre a baiss\u00e9 de 10%, preuve que les fabricants prennent en main le sujet.<\/li>\n\n\n\n<li>43 % estiment que l\u2019offre de r\u00e9paration est trop peu connue du grand public.<\/li>\n\n\n\n<li>Pour 80 % le prix de la r\u00e9paration appara\u00eet en t\u00eate des crit\u00e8res de s\u00e9lection.<\/li>\n<\/ul>\n\n\n\n<h3 class=\"wp-block-heading\"><strong>R\u00e9parer ou jeter ?&nbsp;<\/strong><\/h3>\n\n\n\n<ul class=\"wp-block-list\">\n<li>Pour les fran\u00e7ais en 2024,&nbsp;41 %&nbsp;des produits ab\u00eem\u00e9s ou en panne ont \u00e9t\u00e9 remplac\u00e9s (principalement du petit et gros \u00e9lectrom\u00e9nager froid). C\u2019est 13 % de moins qu\u2019en 2019.<\/li>\n\n\n\n<li>36 % ont \u00e9t\u00e9 r\u00e9par\u00e9s. Principalement des v\u00e9los, des appareils de jardinages et des ordinateurs.\n<ul class=\"wp-block-list\">\n<li>15 %&nbsp;gr\u00e2ce \u00e0 un professionnel<\/li>\n\n\n\n<li>21 % soi-m\u00eame<\/li>\n<\/ul>\n<\/li>\n\n\n\n<li>23 % n\u2019ont ni \u00e9t\u00e9 remplac\u00e9s, ni r\u00e9par\u00e9s<\/li>\n\n\n\n<li>96 % des r\u00e9parations sont<strong>&nbsp;jug\u00e9es satisfaisantes<\/strong><\/li>\n<\/ul>\n\n\n\n<h3 class=\"wp-block-heading\">Des leviers pour acc\u00e9l\u00e9rer la r\u00e9paration <\/h3>\n\n\n\n<ul class=\"wp-block-list\">\n<li>Garantir la r\u00e9paration sur 2 ans<\/li>\n\n\n\n<li>Faciliter l\u2019acc\u00e8s aux pi\u00e8ces d\u00e9tach\u00e9es<\/li>\n\n\n\n<li>Am\u00e9liorer la visibilit\u00e9 de l\u2019offre de r\u00e9paration<\/li>\n\n\n\n<li>Limiter le co\u00fbt de la r\u00e9paration<\/li>\n<\/ul>\n<\/div><\/div>\n","protected":false},"excerpt":{"rendered":"<p>La r\u00e9paration s\u00e9duit de plus en plus de Fran\u00e7ais, qui y voient un moyen concret de lutter contre la surconsommation et de pr\u00e9server l\u2019environnement. Si cette dynamique est prometteuse, elle se heurte encore \u00e0 plusieurs obstacles. Pour transformer l\u2019essai, l\u2019offre<\/p>\n","protected":false},"author":17,"featured_media":0,"comment_status":"closed","ping_status":"open","sticky":false,"template":"","format":"standard","meta":{"_jetpack_newsletter_access":"","_jetpack_dont_email_post_to_subs":false,"_jetpack_newsletter_tier_id":0,"_jetpack_memberships_contains_paywalled_content":false,"_jetpack_memberships_contains_paid_content":false,"footnotes":""},"categories":[7],"tags":[32],"class_list":["post-3754","post","type-post","status-publish","format-standard","hentry","category-actualites","tag-developpement-durable"],"yoast_head":"<!-- This site is optimized with the Yoast SEO plugin v27.5 - https:\/\/yoast.com\/product\/yoast-seo-wordpress\/ -->\n<title>R\u00e9parer plut\u00f4t que jeter : o\u00f9 en sont les Fran\u00e7ais ? - ASEVE GARCHES<\/title>\n<meta name=\"robots\" content=\"index, follow, max-snippet:-1, max-image-preview:large, max-video-preview:-1\" \/>\n<link rel=\"canonical\" href=\"https:\/\/www.asevegarches.fr\/blog\/2025\/06\/14\/reparer-plutot-que-jeter-ou-en-sont-les-francais\/\" \/>\n<meta property=\"og:locale\" content=\"fr_FR\" \/>\n<meta property=\"og:type\" content=\"article\" \/>\n<meta property=\"og:title\" content=\"R\u00e9parer plut\u00f4t que jeter : o\u00f9 en sont les Fran\u00e7ais ? - ASEVE GARCHES\" \/>\n<meta property=\"og:description\" content=\"La r\u00e9paration s\u00e9duit de plus en plus de Fran\u00e7ais, qui y voient un moyen concret de lutter contre la surconsommation et de pr\u00e9server l\u2019environnement. Si cette dynamique est prometteuse, elle se heurte encore \u00e0 plusieurs obstacles. Pour transformer l\u2019essai, l\u2019offre\" \/>\n<meta property=\"og:url\" content=\"https:\/\/www.asevegarches.fr\/blog\/2025\/06\/14\/reparer-plutot-que-jeter-ou-en-sont-les-francais\/\" \/>\n<meta property=\"og:site_name\" content=\"ASEVE GARCHES\" \/>\n<meta property=\"article:published_time\" content=\"2025-06-14T15:26:41+00:00\" \/>\n<meta property=\"article:modified_time\" content=\"2025-06-14T15:44:42+00:00\" \/>\n<meta property=\"og:image\" content=\"https:\/\/www.asevegarches.fr\/blog\/wp-content\/uploads\/2025\/06\/Reparer-plutot-que-jeter.jpg\" \/>\n\t<meta property=\"og:image:width\" content=\"522\" \/>\n\t<meta property=\"og:image:height\" content=\"1402\" \/>\n\t<meta property=\"og:image:type\" content=\"image\/jpeg\" \/>\n<meta name=\"author\" content=\"Jean-Claude MASSIAS\" \/>\n<meta name=\"twitter:card\" content=\"summary_large_image\" \/>\n<meta name=\"twitter:label1\" content=\"\u00c9crit par\" \/>\n\t<meta name=\"twitter:data1\" content=\"Jean-Claude MASSIAS\" \/>\n\t<meta name=\"twitter:label2\" content=\"Dur\u00e9e de lecture estim\u00e9e\" \/>\n\t<meta name=\"twitter:data2\" content=\"2 minutes\" \/>\n<script type=\"application\/ld+json\" class=\"yoast-schema-graph\">{\"@context\":\"https:\\\/\\\/schema.org\",\"@graph\":[{\"@type\":\"Article\",\"@id\":\"https:\\\/\\\/www.asevegarches.fr\\\/blog\\\/2025\\\/06\\\/14\\\/reparer-plutot-que-jeter-ou-en-sont-les-francais\\\/#article\",\"isPartOf\":{\"@id\":\"https:\\\/\\\/www.asevegarches.fr\\\/blog\\\/2025\\\/06\\\/14\\\/reparer-plutot-que-jeter-ou-en-sont-les-francais\\\/\"},\"author\":{\"name\":\"Jean-Claude MASSIAS\",\"@id\":\"https:\\\/\\\/www.asevegarches.fr\\\/blog\\\/#\\\/schema\\\/person\\\/8e1d92d2d2d9dd710c220bdbd832f473\"},\"headline\":\"R\u00e9parer plut\u00f4t que jeter : o\u00f9 en sont les Fran\u00e7ais ?\",\"datePublished\":\"2025-06-14T15:26:41+00:00\",\"dateModified\":\"2025-06-14T15:44:42+00:00\",\"mainEntityOfPage\":{\"@id\":\"https:\\\/\\\/www.asevegarches.fr\\\/blog\\\/2025\\\/06\\\/14\\\/reparer-plutot-que-jeter-ou-en-sont-les-francais\\\/\"},\"wordCount\":385,\"publisher\":{\"@id\":\"https:\\\/\\\/www.asevegarches.fr\\\/blog\\\/#organization\"},\"image\":{\"@id\":\"https:\\\/\\\/www.asevegarches.fr\\\/blog\\\/2025\\\/06\\\/14\\\/reparer-plutot-que-jeter-ou-en-sont-les-francais\\\/#primaryimage\"},\"thumbnailUrl\":\"https:\\\/\\\/www.asevegarches.fr\\\/blog\\\/wp-content\\\/uploads\\\/2025\\\/06\\\/Reparer-plutot-que-jeter-381x1024.jpg\",\"keywords\":[\"d\u00e9veloppement durable\"],\"articleSection\":[\"Actualit\u00e9s\"],\"inLanguage\":\"fr-FR\"},{\"@type\":\"WebPage\",\"@id\":\"https:\\\/\\\/www.asevegarches.fr\\\/blog\\\/2025\\\/06\\\/14\\\/reparer-plutot-que-jeter-ou-en-sont-les-francais\\\/\",\"url\":\"https:\\\/\\\/www.asevegarches.fr\\\/blog\\\/2025\\\/06\\\/14\\\/reparer-plutot-que-jeter-ou-en-sont-les-francais\\\/\",\"name\":\"R\u00e9parer plut\u00f4t que jeter : o\u00f9 en sont les Fran\u00e7ais ? - ASEVE GARCHES\",\"isPartOf\":{\"@id\":\"https:\\\/\\\/www.asevegarches.fr\\\/blog\\\/#website\"},\"primaryImageOfPage\":{\"@id\":\"https:\\\/\\\/www.asevegarches.fr\\\/blog\\\/2025\\\/06\\\/14\\\/reparer-plutot-que-jeter-ou-en-sont-les-francais\\\/#primaryimage\"},\"image\":{\"@id\":\"https:\\\/\\\/www.asevegarches.fr\\\/blog\\\/2025\\\/06\\\/14\\\/reparer-plutot-que-jeter-ou-en-sont-les-francais\\\/#primaryimage\"},\"thumbnailUrl\":\"https:\\\/\\\/www.asevegarches.fr\\\/blog\\\/wp-content\\\/uploads\\\/2025\\\/06\\\/Reparer-plutot-que-jeter-381x1024.jpg\",\"datePublished\":\"2025-06-14T15:26:41+00:00\",\"dateModified\":\"2025-06-14T15:44:42+00:00\",\"breadcrumb\":{\"@id\":\"https:\\\/\\\/www.asevegarches.fr\\\/blog\\\/2025\\\/06\\\/14\\\/reparer-plutot-que-jeter-ou-en-sont-les-francais\\\/#breadcrumb\"},\"inLanguage\":\"fr-FR\",\"potentialAction\":[{\"@type\":\"ReadAction\",\"target\":[\"https:\\\/\\\/www.asevegarches.fr\\\/blog\\\/2025\\\/06\\\/14\\\/reparer-plutot-que-jeter-ou-en-sont-les-francais\\\/\"]}]},{\"@type\":\"ImageObject\",\"inLanguage\":\"fr-FR\",\"@id\":\"https:\\\/\\\/www.asevegarches.fr\\\/blog\\\/2025\\\/06\\\/14\\\/reparer-plutot-que-jeter-ou-en-sont-les-francais\\\/#primaryimage\",\"url\":\"https:\\\/\\\/www.asevegarches.fr\\\/blog\\\/wp-content\\\/uploads\\\/2025\\\/06\\\/Reparer-plutot-que-jeter.jpg\",\"contentUrl\":\"https:\\\/\\\/www.asevegarches.fr\\\/blog\\\/wp-content\\\/uploads\\\/2025\\\/06\\\/Reparer-plutot-que-jeter.jpg\",\"width\":522,\"height\":1402},{\"@type\":\"BreadcrumbList\",\"@id\":\"https:\\\/\\\/www.asevegarches.fr\\\/blog\\\/2025\\\/06\\\/14\\\/reparer-plutot-que-jeter-ou-en-sont-les-francais\\\/#breadcrumb\",\"itemListElement\":[{\"@type\":\"ListItem\",\"position\":1,\"name\":\"Accueil\",\"item\":\"https:\\\/\\\/www.asevegarches.fr\\\/blog\\\/\"},{\"@type\":\"ListItem\",\"position\":2,\"name\":\"R\u00e9parer plut\u00f4t que jeter : o\u00f9 en sont les Fran\u00e7ais ?\"}]},{\"@type\":\"WebSite\",\"@id\":\"https:\\\/\\\/www.asevegarches.fr\\\/blog\\\/#website\",\"url\":\"https:\\\/\\\/www.asevegarches.fr\\\/blog\\\/\",\"name\":\"ASEVE GARCHES\",\"description\":\"\",\"publisher\":{\"@id\":\"https:\\\/\\\/www.asevegarches.fr\\\/blog\\\/#organization\"},\"potentialAction\":[{\"@type\":\"SearchAction\",\"target\":{\"@type\":\"EntryPoint\",\"urlTemplate\":\"https:\\\/\\\/www.asevegarches.fr\\\/blog\\\/?s={search_term_string}\"},\"query-input\":{\"@type\":\"PropertyValueSpecification\",\"valueRequired\":true,\"valueName\":\"search_term_string\"}}],\"inLanguage\":\"fr-FR\"},{\"@type\":\"Organization\",\"@id\":\"https:\\\/\\\/www.asevegarches.fr\\\/blog\\\/#organization\",\"name\":\"Association de Sauvegarde des Espaces Verts et de l'Environnement\",\"alternateName\":\"ASEVE\",\"url\":\"https:\\\/\\\/www.asevegarches.fr\\\/blog\\\/\",\"logo\":{\"@type\":\"ImageObject\",\"inLanguage\":\"fr-FR\",\"@id\":\"https:\\\/\\\/www.asevegarches.fr\\\/blog\\\/#\\\/schema\\\/logo\\\/image\\\/\",\"url\":\"https:\\\/\\\/i0.wp.com\\\/www.asevegarches.fr\\\/blog\\\/wp-content\\\/uploads\\\/2022\\\/10\\\/LOGO_logo-facebook.jpg?fit=1501%2C1501\",\"contentUrl\":\"https:\\\/\\\/i0.wp.com\\\/www.asevegarches.fr\\\/blog\\\/wp-content\\\/uploads\\\/2022\\\/10\\\/LOGO_logo-facebook.jpg?fit=1501%2C1501\",\"width\":1501,\"height\":1501,\"caption\":\"Association de Sauvegarde des Espaces Verts et de l'Environnement\"},\"image\":{\"@id\":\"https:\\\/\\\/www.asevegarches.fr\\\/blog\\\/#\\\/schema\\\/logo\\\/image\\\/\"}},{\"@type\":\"Person\",\"@id\":\"https:\\\/\\\/www.asevegarches.fr\\\/blog\\\/#\\\/schema\\\/person\\\/8e1d92d2d2d9dd710c220bdbd832f473\",\"name\":\"Jean-Claude MASSIAS\",\"image\":{\"@type\":\"ImageObject\",\"inLanguage\":\"fr-FR\",\"@id\":\"https:\\\/\\\/secure.gravatar.com\\\/avatar\\\/69a1808c2da72ae23884d6deed8a39404025451d1d86f880645ab8e5ce5fc152?s=96&d=mm&r=g\",\"url\":\"https:\\\/\\\/secure.gravatar.com\\\/avatar\\\/69a1808c2da72ae23884d6deed8a39404025451d1d86f880645ab8e5ce5fc152?s=96&d=mm&r=g\",\"contentUrl\":\"https:\\\/\\\/secure.gravatar.com\\\/avatar\\\/69a1808c2da72ae23884d6deed8a39404025451d1d86f880645ab8e5ce5fc152?s=96&d=mm&r=g\",\"caption\":\"Jean-Claude MASSIAS\"},\"sameAs\":[\"http:\\\/\\\/ASEVE%20GARCHES\"],\"url\":\"https:\\\/\\\/www.asevegarches.fr\\\/blog\\\/author\\\/jicem\\\/\"}]}<\/script>\n<!-- \/ Yoast SEO plugin. -->","yoast_head_json":{"title":"R\u00e9parer plut\u00f4t que jeter : o\u00f9 en sont les Fran\u00e7ais ? - ASEVE GARCHES","robots":{"index":"index","follow":"follow","max-snippet":"max-snippet:-1","max-image-preview":"max-image-preview:large","max-video-preview":"max-video-preview:-1"},"canonical":"https:\/\/www.asevegarches.fr\/blog\/2025\/06\/14\/reparer-plutot-que-jeter-ou-en-sont-les-francais\/","og_locale":"fr_FR","og_type":"article","og_title":"R\u00e9parer plut\u00f4t que jeter : o\u00f9 en sont les Fran\u00e7ais ? - ASEVE GARCHES","og_description":"La r\u00e9paration s\u00e9duit de plus en plus de Fran\u00e7ais, qui y voient un moyen concret de lutter contre la surconsommation et de pr\u00e9server l\u2019environnement. Si cette dynamique est prometteuse, elle se heurte encore \u00e0 plusieurs obstacles. Pour transformer l\u2019essai, l\u2019offre","og_url":"https:\/\/www.asevegarches.fr\/blog\/2025\/06\/14\/reparer-plutot-que-jeter-ou-en-sont-les-francais\/","og_site_name":"ASEVE GARCHES","article_published_time":"2025-06-14T15:26:41+00:00","article_modified_time":"2025-06-14T15:44:42+00:00","og_image":[{"width":522,"height":1402,"url":"https:\/\/www.asevegarches.fr\/blog\/wp-content\/uploads\/2025\/06\/Reparer-plutot-que-jeter.jpg","type":"image\/jpeg"}],"author":"Jean-Claude MASSIAS","twitter_card":"summary_large_image","twitter_misc":{"\u00c9crit par":"Jean-Claude MASSIAS","Dur\u00e9e de lecture estim\u00e9e":"2 minutes"},"schema":{"@context":"https:\/\/schema.org","@graph":[{"@type":"Article","@id":"https:\/\/www.asevegarches.fr\/blog\/2025\/06\/14\/reparer-plutot-que-jeter-ou-en-sont-les-francais\/#article","isPartOf":{"@id":"https:\/\/www.asevegarches.fr\/blog\/2025\/06\/14\/reparer-plutot-que-jeter-ou-en-sont-les-francais\/"},"author":{"name":"Jean-Claude MASSIAS","@id":"https:\/\/www.asevegarches.fr\/blog\/#\/schema\/person\/8e1d92d2d2d9dd710c220bdbd832f473"},"headline":"R\u00e9parer plut\u00f4t que jeter : o\u00f9 en sont les Fran\u00e7ais ?","datePublished":"2025-06-14T15:26:41+00:00","dateModified":"2025-06-14T15:44:42+00:00","mainEntityOfPage":{"@id":"https:\/\/www.asevegarches.fr\/blog\/2025\/06\/14\/reparer-plutot-que-jeter-ou-en-sont-les-francais\/"},"wordCount":385,"publisher":{"@id":"https:\/\/www.asevegarches.fr\/blog\/#organization"},"image":{"@id":"https:\/\/www.asevegarches.fr\/blog\/2025\/06\/14\/reparer-plutot-que-jeter-ou-en-sont-les-francais\/#primaryimage"},"thumbnailUrl":"https:\/\/www.asevegarches.fr\/blog\/wp-content\/uploads\/2025\/06\/Reparer-plutot-que-jeter-381x1024.jpg","keywords":["d\u00e9veloppement durable"],"articleSection":["Actualit\u00e9s"],"inLanguage":"fr-FR"},{"@type":"WebPage","@id":"https:\/\/www.asevegarches.fr\/blog\/2025\/06\/14\/reparer-plutot-que-jeter-ou-en-sont-les-francais\/","url":"https:\/\/www.asevegarches.fr\/blog\/2025\/06\/14\/reparer-plutot-que-jeter-ou-en-sont-les-francais\/","name":"R\u00e9parer plut\u00f4t que jeter : o\u00f9 en sont les Fran\u00e7ais ? - ASEVE GARCHES","isPartOf":{"@id":"https:\/\/www.asevegarches.fr\/blog\/#website"},"primaryImageOfPage":{"@id":"https:\/\/www.asevegarches.fr\/blog\/2025\/06\/14\/reparer-plutot-que-jeter-ou-en-sont-les-francais\/#primaryimage"},"image":{"@id":"https:\/\/www.asevegarches.fr\/blog\/2025\/06\/14\/reparer-plutot-que-jeter-ou-en-sont-les-francais\/#primaryimage"},"thumbnailUrl":"https:\/\/www.asevegarches.fr\/blog\/wp-content\/uploads\/2025\/06\/Reparer-plutot-que-jeter-381x1024.jpg","datePublished":"2025-06-14T15:26:41+00:00","dateModified":"2025-06-14T15:44:42+00:00","breadcrumb":{"@id":"https:\/\/www.asevegarches.fr\/blog\/2025\/06\/14\/reparer-plutot-que-jeter-ou-en-sont-les-francais\/#breadcrumb"},"inLanguage":"fr-FR","potentialAction":[{"@type":"ReadAction","target":["https:\/\/www.asevegarches.fr\/blog\/2025\/06\/14\/reparer-plutot-que-jeter-ou-en-sont-les-francais\/"]}]},{"@type":"ImageObject","inLanguage":"fr-FR","@id":"https:\/\/www.asevegarches.fr\/blog\/2025\/06\/14\/reparer-plutot-que-jeter-ou-en-sont-les-francais\/#primaryimage","url":"https:\/\/www.asevegarches.fr\/blog\/wp-content\/uploads\/2025\/06\/Reparer-plutot-que-jeter.jpg","contentUrl":"https:\/\/www.asevegarches.fr\/blog\/wp-content\/uploads\/2025\/06\/Reparer-plutot-que-jeter.jpg","width":522,"height":1402},{"@type":"BreadcrumbList","@id":"https:\/\/www.asevegarches.fr\/blog\/2025\/06\/14\/reparer-plutot-que-jeter-ou-en-sont-les-francais\/#breadcrumb","itemListElement":[{"@type":"ListItem","position":1,"name":"Accueil","item":"https:\/\/www.asevegarches.fr\/blog\/"},{"@type":"ListItem","position":2,"name":"R\u00e9parer plut\u00f4t que jeter : o\u00f9 en sont les Fran\u00e7ais ?"}]},{"@type":"WebSite","@id":"https:\/\/www.asevegarches.fr\/blog\/#website","url":"https:\/\/www.asevegarches.fr\/blog\/","name":"ASEVE GARCHES","description":"","publisher":{"@id":"https:\/\/www.asevegarches.fr\/blog\/#organization"},"potentialAction":[{"@type":"SearchAction","target":{"@type":"EntryPoint","urlTemplate":"https:\/\/www.asevegarches.fr\/blog\/?s={search_term_string}"},"query-input":{"@type":"PropertyValueSpecification","valueRequired":true,"valueName":"search_term_string"}}],"inLanguage":"fr-FR"},{"@type":"Organization","@id":"https:\/\/www.asevegarches.fr\/blog\/#organization","name":"Association de Sauvegarde des Espaces Verts et de l'Environnement","alternateName":"ASEVE","url":"https:\/\/www.asevegarches.fr\/blog\/","logo":{"@type":"ImageObject","inLanguage":"fr-FR","@id":"https:\/\/www.asevegarches.fr\/blog\/#\/schema\/logo\/image\/","url":"https:\/\/i0.wp.com\/www.asevegarches.fr\/blog\/wp-content\/uploads\/2022\/10\/LOGO_logo-facebook.jpg?fit=1501%2C1501","contentUrl":"https:\/\/i0.wp.com\/www.asevegarches.fr\/blog\/wp-content\/uploads\/2022\/10\/LOGO_logo-facebook.jpg?fit=1501%2C1501","width":1501,"height":1501,"caption":"Association de Sauvegarde des Espaces Verts et de l'Environnement"},"image":{"@id":"https:\/\/www.asevegarches.fr\/blog\/#\/schema\/logo\/image\/"}},{"@type":"Person","@id":"https:\/\/www.asevegarches.fr\/blog\/#\/schema\/person\/8e1d92d2d2d9dd710c220bdbd832f473","name":"Jean-Claude MASSIAS","image":{"@type":"ImageObject","inLanguage":"fr-FR","@id":"https:\/\/secure.gravatar.com\/avatar\/69a1808c2da72ae23884d6deed8a39404025451d1d86f880645ab8e5ce5fc152?s=96&d=mm&r=g","url":"https:\/\/secure.gravatar.com\/avatar\/69a1808c2da72ae23884d6deed8a39404025451d1d86f880645ab8e5ce5fc152?s=96&d=mm&r=g","contentUrl":"https:\/\/secure.gravatar.com\/avatar\/69a1808c2da72ae23884d6deed8a39404025451d1d86f880645ab8e5ce5fc152?s=96&d=mm&r=g","caption":"Jean-Claude MASSIAS"},"sameAs":["http:\/\/ASEVE%20GARCHES"],"url":"https:\/\/www.asevegarches.fr\/blog\/author\/jicem\/"}]}},"jetpack_featured_media_url":"","jetpack_sharing_enabled":true,"jetpack_shortlink":"https:\/\/wp.me\/p6YGVC-Yy","jetpack-related-posts":[{"id":3804,"url":"https:\/\/www.asevegarches.fr\/blog\/2025\/11\/02\/quelles-sont-les-bonnes-pratiques-pour-reduire-limpact-des-equipements-electriques-et-electroniques\/","url_meta":{"origin":3754,"position":0},"title":"Quelles sont les bonnes pratiques pour r\u00e9duire l\u2019impact des \u00e9quipements \u00e9lectriques et \u00e9lectroniques\u00a0?","author":"aseve","date":"2 novembre 2025","format":false,"excerpt":"Les \u00e9quipements \u00e9lectriques et \u00e9lectronique(EEE) sont tous les produits qui ont besoin d\u2019un courant \u00e9lectrique ou de champs \u00e9lectromagn\u00e9tiques pour fonctionner. Par exemple\u00a0: smartphone, e-cigarettes, petits et gros \u00e9lectrom\u00e9nagers, climatiseurs, enceintes, v\u00e9los \u00e9lectriques, panneaux photovolta\u00efques\u2026 En fin de vie, ces \u00e9quipements doivent \u00eatre tri\u00e9s et collect\u00e9s par des fili\u00e8res sp\u00e9cifiques.\u2026","rel":"","context":"Dans &quot;Environnement&quot;","block_context":{"text":"Environnement","link":"https:\/\/www.asevegarches.fr\/blog\/category\/environnement-2\/"},"img":{"alt_text":"","src":"https:\/\/i0.wp.com\/www.asevegarches.fr\/blog\/wp-content\/uploads\/2025\/11\/Dechets-electriques.png?resize=350%2C200&ssl=1","width":350,"height":200,"srcset":"https:\/\/i0.wp.com\/www.asevegarches.fr\/blog\/wp-content\/uploads\/2025\/11\/Dechets-electriques.png?resize=350%2C200&ssl=1 1x, https:\/\/i0.wp.com\/www.asevegarches.fr\/blog\/wp-content\/uploads\/2025\/11\/Dechets-electriques.png?resize=525%2C300&ssl=1 1.5x, https:\/\/i0.wp.com\/www.asevegarches.fr\/blog\/wp-content\/uploads\/2025\/11\/Dechets-electriques.png?resize=700%2C400&ssl=1 2x"},"classes":[]},{"id":3188,"url":"https:\/\/www.asevegarches.fr\/blog\/2021\/11\/07\/repair-cafe\/","url_meta":{"origin":3754,"position":1},"title":"REPAIR CAFE","author":"Contact","date":"7 novembre 2021","format":false,"excerpt":"Samedi 20 novembre \u00a0de 14h \u00e0 17h Espace coworking\u00a0 \u00a02 Place Saint Louis \u00e0 Garche Organis\u00e9 par l\u2019association ASEVE, avec le soutien de la Mairie de \u00a0 Garches, cet \u00e9v\u00e8nement, participatif et convivial, est une initiative citoyenne contre le gaspillage permettant de r\u00e9duire les d\u00e9chets et favoriser le d\u00e9veloppement durable.\u2026","rel":"","context":"Dans &quot;Actualit\u00e9s&quot;","block_context":{"text":"Actualit\u00e9s","link":"https:\/\/www.asevegarches.fr\/blog\/category\/actualites\/"},"img":{"alt_text":"","src":"https:\/\/i0.wp.com\/www.asevegarches.fr\/blog\/wp-content\/uploads\/2021\/11\/Image1-300x60.png?resize=350%2C200&ssl=1","width":350,"height":200},"classes":[]},{"id":2132,"url":"https:\/\/www.asevegarches.fr\/blog\/2016\/03\/25\/une-victoire-pour-la-nature\/","url_meta":{"origin":3754,"position":2},"title":"Une victoire pour la nature","author":"aseve","date":"25 mars 2016","format":false,"excerpt":"Les abeilles mieux prot\u00e9g\u00e9es L' Association POLLINIS nous communique : Au terme d'un d\u00e9bat de plus d'une heure, les d\u00e9put\u00e9s fran\u00e7ais ont adopt\u00e9, dans la nuit du 18 au 19 mars 2016, un amendement interdisant tous les pesticides n\u00e9onicotino\u00efdes tueurs-d'abeilles sur l'ensemble du territoire fran\u00e7ais \u00e0 partir de janvier 2018\u2026","rel":"","context":"Dans &quot;Environnement&quot;","block_context":{"text":"Environnement","link":"https:\/\/www.asevegarches.fr\/blog\/category\/environnement-2\/"},"img":{"alt_text":"abeilles","src":"https:\/\/i0.wp.com\/www.asevegarches.fr\/blog\/wp-content\/uploads\/2016\/03\/abeilles-.jpg?resize=350%2C200&ssl=1","width":350,"height":200},"classes":[]},{"id":3263,"url":"https:\/\/www.asevegarches.fr\/blog\/2022\/11\/05\/3263\/","url_meta":{"origin":3754,"position":3},"title":"ENVIRONNEMENT : un enjeu majeur\u2026","author":"Contact","date":"5 novembre 2022","format":false,"excerpt":"ENVIRONNEMENT : un enjeu majeur pour les Fran\u00e7ais. Un \u00e9t\u00e9 d\u2019\u00e9v\u00e9nements climatiques extr\u00eames et un automne de tension sur l\u2019\u00e9nergie ont-ils unimpact sur l\u2019\u00e9tat de l\u2019opinion et modifient-ils les pr\u00e9f\u00e9rences politiques ? Gilles Finchelstein,directeur g\u00e9n\u00e9ral de la Fondation Jean-Jaur\u00e8s, tire les enseignements en la mati\u00e8re de ladixi\u00e8me vague du barom\u00e8tre\u2026","rel":"","context":"Dans &quot;Actualit\u00e9s&quot;","block_context":{"text":"Actualit\u00e9s","link":"https:\/\/www.asevegarches.fr\/blog\/category\/actualites\/"},"img":{"alt_text":"","src":"https:\/\/i0.wp.com\/www.asevegarches.fr\/blog\/wp-content\/uploads\/2022\/11\/WhatsApp-Image-2022-05-08-at-18.19.42-1.jpeg?resize=350%2C200&ssl=1","width":350,"height":200,"srcset":"https:\/\/i0.wp.com\/www.asevegarches.fr\/blog\/wp-content\/uploads\/2022\/11\/WhatsApp-Image-2022-05-08-at-18.19.42-1.jpeg?resize=350%2C200&ssl=1 1x, https:\/\/i0.wp.com\/www.asevegarches.fr\/blog\/wp-content\/uploads\/2022\/11\/WhatsApp-Image-2022-05-08-at-18.19.42-1.jpeg?resize=525%2C300&ssl=1 1.5x, https:\/\/i0.wp.com\/www.asevegarches.fr\/blog\/wp-content\/uploads\/2022\/11\/WhatsApp-Image-2022-05-08-at-18.19.42-1.jpeg?resize=700%2C400&ssl=1 2x, https:\/\/i0.wp.com\/www.asevegarches.fr\/blog\/wp-content\/uploads\/2022\/11\/WhatsApp-Image-2022-05-08-at-18.19.42-1.jpeg?resize=1050%2C600&ssl=1 3x"},"classes":[]},{"id":3553,"url":"https:\/\/www.asevegarches.fr\/blog\/2024\/10\/06\/voyager-leger-un-defi-pour-le-secteur-du-tourisme\/","url_meta":{"origin":3754,"position":4},"title":"Voyager l\u00e9ger : un d\u00e9fi pour le secteur du tourisme","author":"Contact","date":"6 octobre 2024","format":false,"excerpt":"Si le tourisme est un pilier \u00e9conomique majeur de la France, il est aussi tr\u00e8s polluant. En 2022, le secteur a \u00e9mis 97 millions de tonnes de CO2e, soit l\u2019empreinte carbone annuelle de 10,5\u00a0millions de Fran\u00e7ais. En cause, la mobilit\u00e9 et plus particuli\u00e8rement le transport a\u00e9rien. Illustration de la r\u00e9partition\u2026","rel":"","context":"Dans &quot;Actualit\u00e9s&quot;","block_context":{"text":"Actualit\u00e9s","link":"https:\/\/www.asevegarches.fr\/blog\/category\/actualites\/"},"img":{"alt_text":"","src":"https:\/\/i0.wp.com\/www.asevegarches.fr\/blog\/wp-content\/uploads\/2024\/10\/Tourisme-et-effet-de-serre.png?resize=350%2C200&ssl=1","width":350,"height":200,"srcset":"https:\/\/i0.wp.com\/www.asevegarches.fr\/blog\/wp-content\/uploads\/2024\/10\/Tourisme-et-effet-de-serre.png?resize=350%2C200&ssl=1 1x, https:\/\/i0.wp.com\/www.asevegarches.fr\/blog\/wp-content\/uploads\/2024\/10\/Tourisme-et-effet-de-serre.png?resize=525%2C300&ssl=1 1.5x, https:\/\/i0.wp.com\/www.asevegarches.fr\/blog\/wp-content\/uploads\/2024\/10\/Tourisme-et-effet-de-serre.png?resize=700%2C400&ssl=1 2x, https:\/\/i0.wp.com\/www.asevegarches.fr\/blog\/wp-content\/uploads\/2024\/10\/Tourisme-et-effet-de-serre.png?resize=1050%2C600&ssl=1 3x, https:\/\/i0.wp.com\/www.asevegarches.fr\/blog\/wp-content\/uploads\/2024\/10\/Tourisme-et-effet-de-serre.png?resize=1400%2C800&ssl=1 4x"},"classes":[]},{"id":3863,"url":"https:\/\/www.asevegarches.fr\/blog\/2026\/01\/28\/les-seniors-leur-engagement-face-aux-enjeux-climatiques\/","url_meta":{"origin":3754,"position":5},"title":"Les seniors : leur engagement face aux enjeux climatiques.","author":"Jean-Claude MASSIAS","date":"28 janvier 2026","format":false,"excerpt":"Les seniors ont parfois la r\u00e9putation d'\u00eatre peu concern\u00e9s et mobilis\u00e9s sur les enjeux environnementaux.\u00a0 Dans cette \u00e9tude in\u00e9dite, qui croise analyse quantitative et entretiens qualitatifs, l\u2019association \u00ab\u00a0Parlons Climat\u00a0\u00bb passe\u00a0\u00a0\u00a0en revue le niveau de connaissances, les pratiques \u00e9cologiques consenties ou non par la g\u00e9n\u00e9ration des baby-boomers (65-80 ans), mais surtout\u2026","rel":"","context":"Dans &quot;Actualit\u00e9s&quot;","block_context":{"text":"Actualit\u00e9s","link":"https:\/\/www.asevegarches.fr\/blog\/category\/actualites\/"},"img":{"alt_text":"","src":"https:\/\/i0.wp.com\/www.asevegarches.fr\/blog\/wp-content\/uploads\/2026\/01\/JARDINS-POTAGERS.jpg?resize=350%2C200&ssl=1","width":350,"height":200,"srcset":"https:\/\/i0.wp.com\/www.asevegarches.fr\/blog\/wp-content\/uploads\/2026\/01\/JARDINS-POTAGERS.jpg?resize=350%2C200&ssl=1 1x, https:\/\/i0.wp.com\/www.asevegarches.fr\/blog\/wp-content\/uploads\/2026\/01\/JARDINS-POTAGERS.jpg?resize=525%2C300&ssl=1 1.5x, https:\/\/i0.wp.com\/www.asevegarches.fr\/blog\/wp-content\/uploads\/2026\/01\/JARDINS-POTAGERS.jpg?resize=700%2C400&ssl=1 2x, https:\/\/i0.wp.com\/www.asevegarches.fr\/blog\/wp-content\/uploads\/2026\/01\/JARDINS-POTAGERS.jpg?resize=1050%2C600&ssl=1 3x"},"classes":[]}],"_links":{"self":[{"href":"https:\/\/www.asevegarches.fr\/blog\/wp-json\/wp\/v2\/posts\/3754","targetHints":{"allow":["GET"]}}],"collection":[{"href":"https:\/\/www.asevegarches.fr\/blog\/wp-json\/wp\/v2\/posts"}],"about":[{"href":"https:\/\/www.asevegarches.fr\/blog\/wp-json\/wp\/v2\/types\/post"}],"author":[{"embeddable":true,"href":"https:\/\/www.asevegarches.fr\/blog\/wp-json\/wp\/v2\/users\/17"}],"replies":[{"embeddable":true,"href":"https:\/\/www.asevegarches.fr\/blog\/wp-json\/wp\/v2\/comments?post=3754"}],"version-history":[{"count":3,"href":"https:\/\/www.asevegarches.fr\/blog\/wp-json\/wp\/v2\/posts\/3754\/revisions"}],"predecessor-version":[{"id":3760,"href":"https:\/\/www.asevegarches.fr\/blog\/wp-json\/wp\/v2\/posts\/3754\/revisions\/3760"}],"wp:attachment":[{"href":"https:\/\/www.asevegarches.fr\/blog\/wp-json\/wp\/v2\/media?parent=3754"}],"wp:term":[{"taxonomy":"category","embeddable":true,"href":"https:\/\/www.asevegarches.fr\/blog\/wp-json\/wp\/v2\/categories?post=3754"},{"taxonomy":"post_tag","embeddable":true,"href":"https:\/\/www.asevegarches.fr\/blog\/wp-json\/wp\/v2\/tags?post=3754"}],"curies":[{"name":"wp","href":"https:\/\/api.w.org\/{rel}","templated":true}]}}