{"id":3729,"date":"2025-06-01T21:06:24","date_gmt":"2025-06-01T20:06:24","guid":{"rendered":"https:\/\/www.asevegarches.fr\/blog\/?p=3729"},"modified":"2025-06-01T21:06:27","modified_gmt":"2025-06-01T20:06:27","slug":"agir-pour-la-planete-on-sy-met-tous","status":"publish","type":"post","link":"https:\/\/www.asevegarches.fr\/blog\/2025\/06\/01\/agir-pour-la-planete-on-sy-met-tous\/","title":{"rendered":"Agir pour la plan\u00e8te, on s&rsquo;y met tous !"},"content":{"rendered":"\n<figure class=\"wp-block-image size-large\"><a href=\"https:\/\/www.asevegarches.fr\/blog\/wp-content\/uploads\/2025\/06\/Capture-decran-2025-06-01-a-20.42.11.png\"><img loading=\"lazy\" decoding=\"async\" width=\"814\" height=\"1024\" data-attachment-id=\"3725\" data-permalink=\"https:\/\/www.asevegarches.fr\/blog\/capture-decran-2025-06-01-a-20-42-11\/\" data-orig-file=\"https:\/\/www.asevegarches.fr\/blog\/wp-content\/uploads\/2025\/06\/Capture-decran-2025-06-01-a-20.42.11.png\" data-orig-size=\"1614,2030\" data-comments-opened=\"0\" data-image-meta=\"{&quot;aperture&quot;:&quot;0&quot;,&quot;credit&quot;:&quot;&quot;,&quot;camera&quot;:&quot;&quot;,&quot;caption&quot;:&quot;&quot;,&quot;created_timestamp&quot;:&quot;0&quot;,&quot;copyright&quot;:&quot;&quot;,&quot;focal_length&quot;:&quot;0&quot;,&quot;iso&quot;:&quot;0&quot;,&quot;shutter_speed&quot;:&quot;0&quot;,&quot;title&quot;:&quot;&quot;,&quot;orientation&quot;:&quot;0&quot;}\" data-image-title=\"Photo guide agir pour la plan\u00e8te\" data-image-description=\"\" data-image-caption=\"\" data-large-file=\"https:\/\/www.asevegarches.fr\/blog\/wp-content\/uploads\/2025\/06\/Capture-decran-2025-06-01-a-20.42.11-814x1024.png\" src=\"https:\/\/www.asevegarches.fr\/blog\/wp-content\/uploads\/2025\/06\/Capture-decran-2025-06-01-a-20.42.11-814x1024.png\" alt=\"\" class=\"wp-image-3725\" srcset=\"https:\/\/www.asevegarches.fr\/blog\/wp-content\/uploads\/2025\/06\/Capture-decran-2025-06-01-a-20.42.11-814x1024.png 814w, https:\/\/www.asevegarches.fr\/blog\/wp-content\/uploads\/2025\/06\/Capture-decran-2025-06-01-a-20.42.11-239x300.png 239w, https:\/\/www.asevegarches.fr\/blog\/wp-content\/uploads\/2025\/06\/Capture-decran-2025-06-01-a-20.42.11-768x966.png 768w, https:\/\/www.asevegarches.fr\/blog\/wp-content\/uploads\/2025\/06\/Capture-decran-2025-06-01-a-20.42.11-1221x1536.png 1221w, https:\/\/www.asevegarches.fr\/blog\/wp-content\/uploads\/2025\/06\/Capture-decran-2025-06-01-a-20.42.11-1320x1660.png 1320w, https:\/\/www.asevegarches.fr\/blog\/wp-content\/uploads\/2025\/06\/Capture-decran-2025-06-01-a-20.42.11.png 1614w\" sizes=\"auto, (max-width: 814px) 100vw, 814px\" \/><\/a><\/figure>\n\n\n\n<p>Alors que les impacts du changement climatique sont de plus en plus visibles et que les scientifiques alertent sur l\u2019urgence d&rsquo;agir, de nombreux jeunes s\u2019interrogent sur leurs moyens d\u2019action.<\/p>\n\n\n\n<p>Certains \u00e9cogestes sont d\u00e9sormais bien connus, comme \u00e9teindre les lumi\u00e8res, fermer le robinet quand on se lave les dents, ou encore bien trier ses d\u00e9chets, mais ils ne sont pas suffisants. &nbsp;Nous devons aller plus loin pour r\u00e9duire nos besoins \u00e9nerg\u00e9tiques et \u00e9mettre moins de gaz \u00e0 effet de serre.<\/p>\n\n\n\n<p>Nous devons \u00e9galement pr\u00e9server les ressources de la Terre ainsi que la biodiversit\u00e9. Nos modes de vie ne sont plus durables et nous entrons actuellement dans une p\u00e9riode de transition qui va nous conduire vers des fa\u00e7ons de vivre diff\u00e9rentes, laissant une place plus importante \u00e0 la sobri\u00e9t\u00e9, au partage et \u00e0 la solidarit\u00e9.<\/p>\n\n\n\n<p>Ces modifications profondes de nos habitudes ne concernent pas que les jeunes citoyens mais toute la soci\u00e9t\u00e9. Nous pouvons tous agir positivement, \u00e0 notre \u00e9chelle, pour limiter le changement climatique et prot\u00e9ger le vivant.&nbsp;<\/p>\n\n\n\n<p>79 % DES 15-25 ANS d\u00e9clarent accorder une GRANDE IMPORTANCE \u00c0 L&rsquo;ENVIRONNEMENT.<\/p>\n\n\n\n<p><strong>Que vous soyez coll\u00e9gien, lyc\u00e9en ou \u00e9tudiant, ce guide vous apporte des solutions concr\u00e8tes \u00e0 appliquer au quotidien ainsi que des pistes pour vous engager.<\/strong><\/p>\n\n\n\n<p><strong>Pour acc\u00e9der au Guide<\/strong>, cliquez <a href=\"https:\/\/www.asevegarches.fr\/blog\/wp-content\/uploads\/2025\/06\/guide-comment-agir-pour-planete.pdf\"><strong>ICI<\/strong><\/a><\/p>\n\n\n\n<p><\/p>\n","protected":false},"excerpt":{"rendered":"<p>Alors que les impacts du changement climatique sont de plus en plus visibles et que les scientifiques alertent sur l\u2019urgence d&rsquo;agir, de nombreux jeunes s\u2019interrogent sur leurs moyens d\u2019action. Certains \u00e9cogestes sont d\u00e9sormais bien connus, comme \u00e9teindre les lumi\u00e8res, fermer<\/p>\n","protected":false},"author":1,"featured_media":0,"comment_status":"closed","ping_status":"open","sticky":false,"template":"","format":"standard","meta":{"_jetpack_newsletter_access":"","_jetpack_dont_email_post_to_subs":false,"_jetpack_newsletter_tier_id":0,"_jetpack_memberships_contains_paywalled_content":false,"_jetpack_memberships_contains_paid_content":false,"footnotes":""},"categories":[7],"tags":[32,13],"class_list":["post-3729","post","type-post","status-publish","format-standard","hentry","category-actualites","tag-developpement-durable","tag-environnement"],"yoast_head":"<!-- This site is optimized with the Yoast SEO plugin v27.5 - https:\/\/yoast.com\/product\/yoast-seo-wordpress\/ -->\n<title>Agir pour la plan\u00e8te, on s&#039;y met tous ! - ASEVE GARCHES<\/title>\n<meta name=\"robots\" content=\"index, follow, max-snippet:-1, max-image-preview:large, max-video-preview:-1\" \/>\n<link rel=\"canonical\" href=\"https:\/\/www.asevegarches.fr\/blog\/2025\/06\/01\/agir-pour-la-planete-on-sy-met-tous\/\" \/>\n<meta property=\"og:locale\" content=\"fr_FR\" \/>\n<meta property=\"og:type\" content=\"article\" \/>\n<meta property=\"og:title\" content=\"Agir pour la plan\u00e8te, on s&#039;y met tous ! - ASEVE GARCHES\" \/>\n<meta property=\"og:description\" content=\"Alors que les impacts du changement climatique sont de plus en plus visibles et que les scientifiques alertent sur l\u2019urgence d&rsquo;agir, de nombreux jeunes s\u2019interrogent sur leurs moyens d\u2019action. Certains \u00e9cogestes sont d\u00e9sormais bien connus, comme \u00e9teindre les lumi\u00e8res, fermer\" \/>\n<meta property=\"og:url\" content=\"https:\/\/www.asevegarches.fr\/blog\/2025\/06\/01\/agir-pour-la-planete-on-sy-met-tous\/\" \/>\n<meta property=\"og:site_name\" content=\"ASEVE GARCHES\" \/>\n<meta property=\"article:published_time\" content=\"2025-06-01T20:06:24+00:00\" \/>\n<meta property=\"article:modified_time\" content=\"2025-06-01T20:06:27+00:00\" \/>\n<meta property=\"og:image\" content=\"https:\/\/www.asevegarches.fr\/blog\/wp-content\/uploads\/2025\/06\/Capture-decran-2025-06-01-a-20.42.11-814x1024.png\" \/>\n\t<meta property=\"og:image:width\" content=\"814\" \/>\n\t<meta property=\"og:image:height\" content=\"1024\" \/>\n\t<meta property=\"og:image:type\" content=\"image\/png\" \/>\n<meta name=\"author\" content=\"aseve\" \/>\n<meta name=\"twitter:card\" content=\"summary_large_image\" \/>\n<meta name=\"twitter:label1\" content=\"\u00c9crit par\" \/>\n\t<meta name=\"twitter:data1\" content=\"aseve\" \/>\n\t<meta name=\"twitter:label2\" content=\"Dur\u00e9e de lecture estim\u00e9e\" \/>\n\t<meta name=\"twitter:data2\" content=\"2 minutes\" \/>\n<script type=\"application\/ld+json\" class=\"yoast-schema-graph\">{\"@context\":\"https:\\\/\\\/schema.org\",\"@graph\":[{\"@type\":\"Article\",\"@id\":\"https:\\\/\\\/www.asevegarches.fr\\\/blog\\\/2025\\\/06\\\/01\\\/agir-pour-la-planete-on-sy-met-tous\\\/#article\",\"isPartOf\":{\"@id\":\"https:\\\/\\\/www.asevegarches.fr\\\/blog\\\/2025\\\/06\\\/01\\\/agir-pour-la-planete-on-sy-met-tous\\\/\"},\"author\":{\"name\":\"aseve\",\"@id\":\"https:\\\/\\\/www.asevegarches.fr\\\/blog\\\/#\\\/schema\\\/person\\\/428c8c0bdd5ce55a52d81a86ee606c15\"},\"headline\":\"Agir pour la plan\u00e8te, on s&rsquo;y met tous !\",\"datePublished\":\"2025-06-01T20:06:24+00:00\",\"dateModified\":\"2025-06-01T20:06:27+00:00\",\"mainEntityOfPage\":{\"@id\":\"https:\\\/\\\/www.asevegarches.fr\\\/blog\\\/2025\\\/06\\\/01\\\/agir-pour-la-planete-on-sy-met-tous\\\/\"},\"wordCount\":233,\"publisher\":{\"@id\":\"https:\\\/\\\/www.asevegarches.fr\\\/blog\\\/#organization\"},\"image\":{\"@id\":\"https:\\\/\\\/www.asevegarches.fr\\\/blog\\\/2025\\\/06\\\/01\\\/agir-pour-la-planete-on-sy-met-tous\\\/#primaryimage\"},\"thumbnailUrl\":\"https:\\\/\\\/www.asevegarches.fr\\\/blog\\\/wp-content\\\/uploads\\\/2025\\\/06\\\/Capture-decran-2025-06-01-a-20.42.11-814x1024.png\",\"keywords\":[\"d\u00e9veloppement durable\",\"environnement\"],\"articleSection\":[\"Actualit\u00e9s\"],\"inLanguage\":\"fr-FR\"},{\"@type\":\"WebPage\",\"@id\":\"https:\\\/\\\/www.asevegarches.fr\\\/blog\\\/2025\\\/06\\\/01\\\/agir-pour-la-planete-on-sy-met-tous\\\/\",\"url\":\"https:\\\/\\\/www.asevegarches.fr\\\/blog\\\/2025\\\/06\\\/01\\\/agir-pour-la-planete-on-sy-met-tous\\\/\",\"name\":\"Agir pour la plan\u00e8te, on s'y met tous ! - ASEVE GARCHES\",\"isPartOf\":{\"@id\":\"https:\\\/\\\/www.asevegarches.fr\\\/blog\\\/#website\"},\"primaryImageOfPage\":{\"@id\":\"https:\\\/\\\/www.asevegarches.fr\\\/blog\\\/2025\\\/06\\\/01\\\/agir-pour-la-planete-on-sy-met-tous\\\/#primaryimage\"},\"image\":{\"@id\":\"https:\\\/\\\/www.asevegarches.fr\\\/blog\\\/2025\\\/06\\\/01\\\/agir-pour-la-planete-on-sy-met-tous\\\/#primaryimage\"},\"thumbnailUrl\":\"https:\\\/\\\/www.asevegarches.fr\\\/blog\\\/wp-content\\\/uploads\\\/2025\\\/06\\\/Capture-decran-2025-06-01-a-20.42.11-814x1024.png\",\"datePublished\":\"2025-06-01T20:06:24+00:00\",\"dateModified\":\"2025-06-01T20:06:27+00:00\",\"breadcrumb\":{\"@id\":\"https:\\\/\\\/www.asevegarches.fr\\\/blog\\\/2025\\\/06\\\/01\\\/agir-pour-la-planete-on-sy-met-tous\\\/#breadcrumb\"},\"inLanguage\":\"fr-FR\",\"potentialAction\":[{\"@type\":\"ReadAction\",\"target\":[\"https:\\\/\\\/www.asevegarches.fr\\\/blog\\\/2025\\\/06\\\/01\\\/agir-pour-la-planete-on-sy-met-tous\\\/\"]}]},{\"@type\":\"ImageObject\",\"inLanguage\":\"fr-FR\",\"@id\":\"https:\\\/\\\/www.asevegarches.fr\\\/blog\\\/2025\\\/06\\\/01\\\/agir-pour-la-planete-on-sy-met-tous\\\/#primaryimage\",\"url\":\"https:\\\/\\\/www.asevegarches.fr\\\/blog\\\/wp-content\\\/uploads\\\/2025\\\/06\\\/Capture-decran-2025-06-01-a-20.42.11.png\",\"contentUrl\":\"https:\\\/\\\/www.asevegarches.fr\\\/blog\\\/wp-content\\\/uploads\\\/2025\\\/06\\\/Capture-decran-2025-06-01-a-20.42.11.png\",\"width\":1614,\"height\":2030},{\"@type\":\"BreadcrumbList\",\"@id\":\"https:\\\/\\\/www.asevegarches.fr\\\/blog\\\/2025\\\/06\\\/01\\\/agir-pour-la-planete-on-sy-met-tous\\\/#breadcrumb\",\"itemListElement\":[{\"@type\":\"ListItem\",\"position\":1,\"name\":\"Accueil\",\"item\":\"https:\\\/\\\/www.asevegarches.fr\\\/blog\\\/\"},{\"@type\":\"ListItem\",\"position\":2,\"name\":\"Agir pour la plan\u00e8te, on s&rsquo;y met tous !\"}]},{\"@type\":\"WebSite\",\"@id\":\"https:\\\/\\\/www.asevegarches.fr\\\/blog\\\/#website\",\"url\":\"https:\\\/\\\/www.asevegarches.fr\\\/blog\\\/\",\"name\":\"ASEVE GARCHES\",\"description\":\"\",\"publisher\":{\"@id\":\"https:\\\/\\\/www.asevegarches.fr\\\/blog\\\/#organization\"},\"potentialAction\":[{\"@type\":\"SearchAction\",\"target\":{\"@type\":\"EntryPoint\",\"urlTemplate\":\"https:\\\/\\\/www.asevegarches.fr\\\/blog\\\/?s={search_term_string}\"},\"query-input\":{\"@type\":\"PropertyValueSpecification\",\"valueRequired\":true,\"valueName\":\"search_term_string\"}}],\"inLanguage\":\"fr-FR\"},{\"@type\":\"Organization\",\"@id\":\"https:\\\/\\\/www.asevegarches.fr\\\/blog\\\/#organization\",\"name\":\"Association de Sauvegarde des Espaces Verts et de l'Environnement\",\"alternateName\":\"ASEVE\",\"url\":\"https:\\\/\\\/www.asevegarches.fr\\\/blog\\\/\",\"logo\":{\"@type\":\"ImageObject\",\"inLanguage\":\"fr-FR\",\"@id\":\"https:\\\/\\\/www.asevegarches.fr\\\/blog\\\/#\\\/schema\\\/logo\\\/image\\\/\",\"url\":\"https:\\\/\\\/i0.wp.com\\\/www.asevegarches.fr\\\/blog\\\/wp-content\\\/uploads\\\/2022\\\/10\\\/LOGO_logo-facebook.jpg?fit=1501%2C1501\",\"contentUrl\":\"https:\\\/\\\/i0.wp.com\\\/www.asevegarches.fr\\\/blog\\\/wp-content\\\/uploads\\\/2022\\\/10\\\/LOGO_logo-facebook.jpg?fit=1501%2C1501\",\"width\":1501,\"height\":1501,\"caption\":\"Association de Sauvegarde des Espaces Verts et de l'Environnement\"},\"image\":{\"@id\":\"https:\\\/\\\/www.asevegarches.fr\\\/blog\\\/#\\\/schema\\\/logo\\\/image\\\/\"}},{\"@type\":\"Person\",\"@id\":\"https:\\\/\\\/www.asevegarches.fr\\\/blog\\\/#\\\/schema\\\/person\\\/428c8c0bdd5ce55a52d81a86ee606c15\",\"name\":\"aseve\",\"image\":{\"@type\":\"ImageObject\",\"inLanguage\":\"fr-FR\",\"@id\":\"https:\\\/\\\/secure.gravatar.com\\\/avatar\\\/ecef828e21d04ee42984b2273fa699b5c50be14dac440c25fd3edc29fb334f7b?s=96&d=mm&r=g\",\"url\":\"https:\\\/\\\/secure.gravatar.com\\\/avatar\\\/ecef828e21d04ee42984b2273fa699b5c50be14dac440c25fd3edc29fb334f7b?s=96&d=mm&r=g\",\"contentUrl\":\"https:\\\/\\\/secure.gravatar.com\\\/avatar\\\/ecef828e21d04ee42984b2273fa699b5c50be14dac440c25fd3edc29fb334f7b?s=96&d=mm&r=g\",\"caption\":\"aseve\"},\"url\":\"https:\\\/\\\/www.asevegarches.fr\\\/blog\\\/author\\\/admin\\\/\"}]}<\/script>\n<!-- \/ Yoast SEO plugin. -->","yoast_head_json":{"title":"Agir pour la plan\u00e8te, on s'y met tous ! - ASEVE GARCHES","robots":{"index":"index","follow":"follow","max-snippet":"max-snippet:-1","max-image-preview":"max-image-preview:large","max-video-preview":"max-video-preview:-1"},"canonical":"https:\/\/www.asevegarches.fr\/blog\/2025\/06\/01\/agir-pour-la-planete-on-sy-met-tous\/","og_locale":"fr_FR","og_type":"article","og_title":"Agir pour la plan\u00e8te, on s'y met tous ! - ASEVE GARCHES","og_description":"Alors que les impacts du changement climatique sont de plus en plus visibles et que les scientifiques alertent sur l\u2019urgence d&rsquo;agir, de nombreux jeunes s\u2019interrogent sur leurs moyens d\u2019action. Certains \u00e9cogestes sont d\u00e9sormais bien connus, comme \u00e9teindre les lumi\u00e8res, fermer","og_url":"https:\/\/www.asevegarches.fr\/blog\/2025\/06\/01\/agir-pour-la-planete-on-sy-met-tous\/","og_site_name":"ASEVE GARCHES","article_published_time":"2025-06-01T20:06:24+00:00","article_modified_time":"2025-06-01T20:06:27+00:00","og_image":[{"width":814,"height":1024,"url":"https:\/\/www.asevegarches.fr\/blog\/wp-content\/uploads\/2025\/06\/Capture-decran-2025-06-01-a-20.42.11-814x1024.png","type":"image\/png"}],"author":"aseve","twitter_card":"summary_large_image","twitter_misc":{"\u00c9crit par":"aseve","Dur\u00e9e de lecture estim\u00e9e":"2 minutes"},"schema":{"@context":"https:\/\/schema.org","@graph":[{"@type":"Article","@id":"https:\/\/www.asevegarches.fr\/blog\/2025\/06\/01\/agir-pour-la-planete-on-sy-met-tous\/#article","isPartOf":{"@id":"https:\/\/www.asevegarches.fr\/blog\/2025\/06\/01\/agir-pour-la-planete-on-sy-met-tous\/"},"author":{"name":"aseve","@id":"https:\/\/www.asevegarches.fr\/blog\/#\/schema\/person\/428c8c0bdd5ce55a52d81a86ee606c15"},"headline":"Agir pour la plan\u00e8te, on s&rsquo;y met tous !","datePublished":"2025-06-01T20:06:24+00:00","dateModified":"2025-06-01T20:06:27+00:00","mainEntityOfPage":{"@id":"https:\/\/www.asevegarches.fr\/blog\/2025\/06\/01\/agir-pour-la-planete-on-sy-met-tous\/"},"wordCount":233,"publisher":{"@id":"https:\/\/www.asevegarches.fr\/blog\/#organization"},"image":{"@id":"https:\/\/www.asevegarches.fr\/blog\/2025\/06\/01\/agir-pour-la-planete-on-sy-met-tous\/#primaryimage"},"thumbnailUrl":"https:\/\/www.asevegarches.fr\/blog\/wp-content\/uploads\/2025\/06\/Capture-decran-2025-06-01-a-20.42.11-814x1024.png","keywords":["d\u00e9veloppement durable","environnement"],"articleSection":["Actualit\u00e9s"],"inLanguage":"fr-FR"},{"@type":"WebPage","@id":"https:\/\/www.asevegarches.fr\/blog\/2025\/06\/01\/agir-pour-la-planete-on-sy-met-tous\/","url":"https:\/\/www.asevegarches.fr\/blog\/2025\/06\/01\/agir-pour-la-planete-on-sy-met-tous\/","name":"Agir pour la plan\u00e8te, on s'y met tous ! - ASEVE GARCHES","isPartOf":{"@id":"https:\/\/www.asevegarches.fr\/blog\/#website"},"primaryImageOfPage":{"@id":"https:\/\/www.asevegarches.fr\/blog\/2025\/06\/01\/agir-pour-la-planete-on-sy-met-tous\/#primaryimage"},"image":{"@id":"https:\/\/www.asevegarches.fr\/blog\/2025\/06\/01\/agir-pour-la-planete-on-sy-met-tous\/#primaryimage"},"thumbnailUrl":"https:\/\/www.asevegarches.fr\/blog\/wp-content\/uploads\/2025\/06\/Capture-decran-2025-06-01-a-20.42.11-814x1024.png","datePublished":"2025-06-01T20:06:24+00:00","dateModified":"2025-06-01T20:06:27+00:00","breadcrumb":{"@id":"https:\/\/www.asevegarches.fr\/blog\/2025\/06\/01\/agir-pour-la-planete-on-sy-met-tous\/#breadcrumb"},"inLanguage":"fr-FR","potentialAction":[{"@type":"ReadAction","target":["https:\/\/www.asevegarches.fr\/blog\/2025\/06\/01\/agir-pour-la-planete-on-sy-met-tous\/"]}]},{"@type":"ImageObject","inLanguage":"fr-FR","@id":"https:\/\/www.asevegarches.fr\/blog\/2025\/06\/01\/agir-pour-la-planete-on-sy-met-tous\/#primaryimage","url":"https:\/\/www.asevegarches.fr\/blog\/wp-content\/uploads\/2025\/06\/Capture-decran-2025-06-01-a-20.42.11.png","contentUrl":"https:\/\/www.asevegarches.fr\/blog\/wp-content\/uploads\/2025\/06\/Capture-decran-2025-06-01-a-20.42.11.png","width":1614,"height":2030},{"@type":"BreadcrumbList","@id":"https:\/\/www.asevegarches.fr\/blog\/2025\/06\/01\/agir-pour-la-planete-on-sy-met-tous\/#breadcrumb","itemListElement":[{"@type":"ListItem","position":1,"name":"Accueil","item":"https:\/\/www.asevegarches.fr\/blog\/"},{"@type":"ListItem","position":2,"name":"Agir pour la plan\u00e8te, on s&rsquo;y met tous !"}]},{"@type":"WebSite","@id":"https:\/\/www.asevegarches.fr\/blog\/#website","url":"https:\/\/www.asevegarches.fr\/blog\/","name":"ASEVE GARCHES","description":"","publisher":{"@id":"https:\/\/www.asevegarches.fr\/blog\/#organization"},"potentialAction":[{"@type":"SearchAction","target":{"@type":"EntryPoint","urlTemplate":"https:\/\/www.asevegarches.fr\/blog\/?s={search_term_string}"},"query-input":{"@type":"PropertyValueSpecification","valueRequired":true,"valueName":"search_term_string"}}],"inLanguage":"fr-FR"},{"@type":"Organization","@id":"https:\/\/www.asevegarches.fr\/blog\/#organization","name":"Association de Sauvegarde des Espaces Verts et de l'Environnement","alternateName":"ASEVE","url":"https:\/\/www.asevegarches.fr\/blog\/","logo":{"@type":"ImageObject","inLanguage":"fr-FR","@id":"https:\/\/www.asevegarches.fr\/blog\/#\/schema\/logo\/image\/","url":"https:\/\/i0.wp.com\/www.asevegarches.fr\/blog\/wp-content\/uploads\/2022\/10\/LOGO_logo-facebook.jpg?fit=1501%2C1501","contentUrl":"https:\/\/i0.wp.com\/www.asevegarches.fr\/blog\/wp-content\/uploads\/2022\/10\/LOGO_logo-facebook.jpg?fit=1501%2C1501","width":1501,"height":1501,"caption":"Association de Sauvegarde des Espaces Verts et de l'Environnement"},"image":{"@id":"https:\/\/www.asevegarches.fr\/blog\/#\/schema\/logo\/image\/"}},{"@type":"Person","@id":"https:\/\/www.asevegarches.fr\/blog\/#\/schema\/person\/428c8c0bdd5ce55a52d81a86ee606c15","name":"aseve","image":{"@type":"ImageObject","inLanguage":"fr-FR","@id":"https:\/\/secure.gravatar.com\/avatar\/ecef828e21d04ee42984b2273fa699b5c50be14dac440c25fd3edc29fb334f7b?s=96&d=mm&r=g","url":"https:\/\/secure.gravatar.com\/avatar\/ecef828e21d04ee42984b2273fa699b5c50be14dac440c25fd3edc29fb334f7b?s=96&d=mm&r=g","contentUrl":"https:\/\/secure.gravatar.com\/avatar\/ecef828e21d04ee42984b2273fa699b5c50be14dac440c25fd3edc29fb334f7b?s=96&d=mm&r=g","caption":"aseve"},"url":"https:\/\/www.asevegarches.fr\/blog\/author\/admin\/"}]}},"jetpack_featured_media_url":"","jetpack_sharing_enabled":true,"jetpack_shortlink":"https:\/\/wp.me\/p6YGVC-Y9","jetpack-related-posts":[{"id":2933,"url":"https:\/\/www.asevegarches.fr\/blog\/2020\/01\/31\/partants-laseve-2020\/","url_meta":{"origin":3729,"position":0},"title":"PARTANTS AVEC l&rsquo;ASEVE EN 2020 ?","author":"aseve","date":"31 janvier 2020","format":false,"excerpt":"31\/01\/2020 Toute l'\u00e9quipe de l'ASEVE est heureuse de vous souhaiter une bonne et heureuse ann\u00e9e 2020. Cette nouvelle ann\u00e9e marquera les 50 ans d'activit\u00e9 de l'ASEVE dans la protection de l'environnement de Garches et de ses environs. Nous vous remercions de votre fid\u00e9lit\u00e9 et de votre soutien \u00e0 notre association\u2026","rel":"","context":"Dans &quot;Actualit\u00e9s&quot;","block_context":{"text":"Actualit\u00e9s","link":"https:\/\/www.asevegarches.fr\/blog\/category\/actualites\/"},"img":{"alt_text":"","src":"https:\/\/i0.wp.com\/www.asevegarches.fr\/blog\/wp-content\/uploads\/2020\/01\/the-road-815297_1920-300x200.jpg?resize=350%2C200&ssl=1","width":350,"height":200},"classes":[]},{"id":2262,"url":"https:\/\/www.asevegarches.fr\/blog\/2016\/06\/03\/comment-nourrir-la-planete\/","url_meta":{"origin":3729,"position":1},"title":"Conf\u00e9rence de M. Dufumier : Comment nourrir la plan\u00e8te ?","author":"aseve","date":"3 juin 2016","format":false,"excerpt":"En avril 2016, sous l'\u00e9gide des associations ASEVE et FDN, s'est tenue \u00e0 Garches une conf\u00e9rence d\u00e9bat anim\u00e9e par Delphine Ducoeurjoly et donn\u00e9e par M. Dufumier, professeur \u00e9m\u00e9rite d'agriculture compar\u00e9e \u00e0 AgroParisTech. Le th\u00e8me choisi \"Nourrir correctement et durablement l\u2019humanit\u00e9 toute enti\u00e8re\" permit au conf\u00e9rencier de d\u00e9finir dans un premier\u2026","rel":"","context":"Dans &quot;Actualit\u00e9s&quot;","block_context":{"text":"Actualit\u00e9s","link":"https:\/\/www.asevegarches.fr\/blog\/category\/actualites\/"},"img":{"alt_text":"2016-04-07 23.33.10","src":"https:\/\/i0.wp.com\/www.asevegarches.fr\/blog\/wp-content\/uploads\/2016\/06\/2016-04-07-23.33.10-236x300.jpg?resize=350%2C200&ssl=1","width":350,"height":200},"classes":[]},{"id":2998,"url":"https:\/\/www.asevegarches.fr\/blog\/2020\/03\/03\/reponses-3-listes-aux-10-questions-de-laseve\/","url_meta":{"origin":3729,"position":2},"title":"Les r\u00e9ponses des 3 listes aux 10 questions de l&rsquo;ASEVE","author":"aseve","date":"3 mars 2020","format":false,"excerpt":"03\/03\/2020 Les 10 demandes de l'ASEVE 1-Une collecte des d\u00e9chets plus efficace -Passage de 3 \u00e0 2 collectes des d\u00e9chets m\u00e9nagers par semaine. -Suivi de l\u2019impact de l\u2019extension des consignes de tri sur le taux de remplissage des bacs jaunes. Ajustement \u00e9ventuel du nombre de collectes ou du nombre ou\u2026","rel":"","context":"Dans &quot;Actualit\u00e9s&quot;","block_context":{"text":"Actualit\u00e9s","link":"https:\/\/www.asevegarches.fr\/blog\/category\/actualites\/"},"img":{"alt_text":"","src":"https:\/\/i0.wp.com\/www.asevegarches.fr\/blog\/wp-content\/uploads\/2020\/02\/flag-3283466_1920-300x199.jpg?resize=350%2C200&ssl=1","width":350,"height":200},"classes":[]},{"id":2380,"url":"https:\/\/www.asevegarches.fr\/blog\/2016\/09\/26\/proprete-de-garches\/","url_meta":{"origin":3729,"position":3},"title":"Propret\u00e9 de Garches","author":"aseve","date":"26 septembre 2016","format":false,"excerpt":"Cela n'est plus acceptable ! Comme vous le savez, l'ASEVE a entrepris depuis un an une r\u00e9flexion sur la propret\u00e9 des rues \u00e0 Garches. Nous avons men\u00e9\u00a0une \u00e9tude sur les d\u00e9chets m\u00e9nagers, les encombrants ainsi que sur les d\u00e9chets verts et sp\u00e9ciaux. Nous avons pris connaissance avec int\u00e9r\u00eat de l'interview\u2026","rel":"","context":"Dans &quot;Actualit\u00e9s&quot;","block_context":{"text":"Actualit\u00e9s","link":"https:\/\/www.asevegarches.fr\/blog\/category\/actualites\/"},"img":{"alt_text":"131209-15h-guynemer","src":"https:\/\/i0.wp.com\/www.asevegarches.fr\/blog\/wp-content\/uploads\/2016\/09\/131209.15h.Guynemer-300x225.jpg?resize=350%2C200&ssl=1","width":350,"height":200},"classes":[]},{"id":3192,"url":"https:\/\/www.asevegarches.fr\/blog\/2021\/11\/09\/de-gens-prets-a-changer-de-mode-de-vie-sauver-planete-selon-enquete-climat\/","url_meta":{"origin":3729,"position":4},"title":"Peu de gens sont pr\u00eats \u00e0 changer de mode de vie pour sauver la plan\u00e8te, selon une enqu\u00eate sur le climat.","author":"Contact","date":"9 novembre 2021","format":false,"excerpt":"Article paru dans The Guardian Exclusif : un sondage dans 10 pays, dont les \u00c9tats-Unis, le Royaume-Uni, la France et l\u2019Allemagne, r\u00e9v\u00e8le que les gens donnent la priorit\u00e9 \u00e0 des mesures qui sont d\u00e9j\u00e0 des habitudes Les gens se consid\u00e8rent\u00a0 g\u00e9n\u00e9ralement comme beaucoup plus engag\u00e9s envers l\u2019environnement que les autres\u2026","rel":"","context":"Dans &quot;Actualit\u00e9s&quot;","block_context":{"text":"Actualit\u00e9s","link":"https:\/\/www.asevegarches.fr\/blog\/category\/actualites\/"},"img":{"alt_text":"","src":"https:\/\/i0.wp.com\/www.asevegarches.fr\/blog\/wp-content\/uploads\/2021\/11\/SOUS-LES-ARBRES-225x300.jpg?resize=350%2C200&ssl=1","width":350,"height":200},"classes":[]},{"id":3863,"url":"https:\/\/www.asevegarches.fr\/blog\/2026\/01\/28\/les-seniors-leur-engagement-face-aux-enjeux-climatiques\/","url_meta":{"origin":3729,"position":5},"title":"Les seniors : leur engagement face aux enjeux climatiques.","author":"Jean-Claude MASSIAS","date":"28 janvier 2026","format":false,"excerpt":"Les seniors ont parfois la r\u00e9putation d'\u00eatre peu concern\u00e9s et mobilis\u00e9s sur les enjeux environnementaux.\u00a0 Dans cette \u00e9tude in\u00e9dite, qui croise analyse quantitative et entretiens qualitatifs, l\u2019association \u00ab\u00a0Parlons Climat\u00a0\u00bb passe\u00a0\u00a0\u00a0en revue le niveau de connaissances, les pratiques \u00e9cologiques consenties ou non par la g\u00e9n\u00e9ration des baby-boomers (65-80 ans), mais surtout\u2026","rel":"","context":"Dans &quot;Actualit\u00e9s&quot;","block_context":{"text":"Actualit\u00e9s","link":"https:\/\/www.asevegarches.fr\/blog\/category\/actualites\/"},"img":{"alt_text":"","src":"https:\/\/i0.wp.com\/www.asevegarches.fr\/blog\/wp-content\/uploads\/2026\/01\/JARDINS-POTAGERS.jpg?resize=350%2C200&ssl=1","width":350,"height":200,"srcset":"https:\/\/i0.wp.com\/www.asevegarches.fr\/blog\/wp-content\/uploads\/2026\/01\/JARDINS-POTAGERS.jpg?resize=350%2C200&ssl=1 1x, https:\/\/i0.wp.com\/www.asevegarches.fr\/blog\/wp-content\/uploads\/2026\/01\/JARDINS-POTAGERS.jpg?resize=525%2C300&ssl=1 1.5x, https:\/\/i0.wp.com\/www.asevegarches.fr\/blog\/wp-content\/uploads\/2026\/01\/JARDINS-POTAGERS.jpg?resize=700%2C400&ssl=1 2x, https:\/\/i0.wp.com\/www.asevegarches.fr\/blog\/wp-content\/uploads\/2026\/01\/JARDINS-POTAGERS.jpg?resize=1050%2C600&ssl=1 3x"},"classes":[]}],"_links":{"self":[{"href":"https:\/\/www.asevegarches.fr\/blog\/wp-json\/wp\/v2\/posts\/3729","targetHints":{"allow":["GET"]}}],"collection":[{"href":"https:\/\/www.asevegarches.fr\/blog\/wp-json\/wp\/v2\/posts"}],"about":[{"href":"https:\/\/www.asevegarches.fr\/blog\/wp-json\/wp\/v2\/types\/post"}],"author":[{"embeddable":true,"href":"https:\/\/www.asevegarches.fr\/blog\/wp-json\/wp\/v2\/users\/1"}],"replies":[{"embeddable":true,"href":"https:\/\/www.asevegarches.fr\/blog\/wp-json\/wp\/v2\/comments?post=3729"}],"version-history":[{"count":1,"href":"https:\/\/www.asevegarches.fr\/blog\/wp-json\/wp\/v2\/posts\/3729\/revisions"}],"predecessor-version":[{"id":3730,"href":"https:\/\/www.asevegarches.fr\/blog\/wp-json\/wp\/v2\/posts\/3729\/revisions\/3730"}],"wp:attachment":[{"href":"https:\/\/www.asevegarches.fr\/blog\/wp-json\/wp\/v2\/media?parent=3729"}],"wp:term":[{"taxonomy":"category","embeddable":true,"href":"https:\/\/www.asevegarches.fr\/blog\/wp-json\/wp\/v2\/categories?post=3729"},{"taxonomy":"post_tag","embeddable":true,"href":"https:\/\/www.asevegarches.fr\/blog\/wp-json\/wp\/v2\/tags?post=3729"}],"curies":[{"name":"wp","href":"https:\/\/api.w.org\/{rel}","templated":true}]}}