{"id":3709,"date":"2025-04-24T08:38:54","date_gmt":"2025-04-24T07:38:54","guid":{"rendered":"https:\/\/www.asevegarches.fr\/blog\/?p=3709"},"modified":"2025-04-24T08:38:55","modified_gmt":"2025-04-24T07:38:55","slug":"union-europeenne-chine-etats-unis-qui-emet-le-plus-de-gaz-a-effet-de-serre","status":"publish","type":"post","link":"https:\/\/www.asevegarches.fr\/blog\/2025\/04\/24\/union-europeenne-chine-etats-unis-qui-emet-le-plus-de-gaz-a-effet-de-serre\/","title":{"rendered":"Union europ\u00e9enne, Chine, Etats-Unis\u2026                                                                     Qui \u00e9met le plus de gaz \u00e0 effet de\u00a0serre\u00a0???"},"content":{"rendered":"\n<figure class=\"wp-block-image size-full is-resized\"><a href=\"https:\/\/www.asevegarches.fr\/blog\/wp-content\/uploads\/2025\/04\/Image-effet-de-serre.jpg\"><img loading=\"lazy\" decoding=\"async\" width=\"1025\" height=\"685\" data-attachment-id=\"3708\" data-permalink=\"https:\/\/www.asevegarches.fr\/blog\/screenshot-4\/\" data-orig-file=\"https:\/\/www.asevegarches.fr\/blog\/wp-content\/uploads\/2025\/04\/Image-effet-de-serre.jpg\" data-orig-size=\"1025,685\" data-comments-opened=\"0\" data-image-meta=\"{&quot;aperture&quot;:&quot;0&quot;,&quot;credit&quot;:&quot;&quot;,&quot;camera&quot;:&quot;&quot;,&quot;caption&quot;:&quot;Screenshot&quot;,&quot;created_timestamp&quot;:&quot;0&quot;,&quot;copyright&quot;:&quot;&quot;,&quot;focal_length&quot;:&quot;0&quot;,&quot;iso&quot;:&quot;0&quot;,&quot;shutter_speed&quot;:&quot;0&quot;,&quot;title&quot;:&quot;Screenshot&quot;,&quot;orientation&quot;:&quot;1&quot;}\" data-image-title=\"Screenshot\" data-image-description=\"\" data-image-caption=\"&lt;p&gt;Screenshot&lt;\/p&gt;\n\" data-large-file=\"https:\/\/www.asevegarches.fr\/blog\/wp-content\/uploads\/2025\/04\/Image-effet-de-serre.jpg\" src=\"https:\/\/www.asevegarches.fr\/blog\/wp-content\/uploads\/2025\/04\/Image-effet-de-serre.jpg\" alt=\"\" class=\"wp-image-3708\" style=\"width:1100px;height:auto\" srcset=\"https:\/\/www.asevegarches.fr\/blog\/wp-content\/uploads\/2025\/04\/Image-effet-de-serre.jpg 1025w, https:\/\/www.asevegarches.fr\/blog\/wp-content\/uploads\/2025\/04\/Image-effet-de-serre-300x200.jpg 300w, https:\/\/www.asevegarches.fr\/blog\/wp-content\/uploads\/2025\/04\/Image-effet-de-serre-768x513.jpg 768w\" sizes=\"auto, (max-width: 1025px) 100vw, 1025px\" \/><\/a><figcaption class=\"wp-element-caption\">Screenshot<\/figcaption><\/figure>\n\n\n\n<p>Apr\u00e8s une l\u00e9g\u00e8re baisse en 2020 due aux cons\u00e9quences de la pand\u00e9mie de Covid-19, les \u00e9missions mondiales de gaz \u00e0 effet de serre (GES) sont reparties \u00e0 la hausse. En 2023, elles ont ainsi atteint&nbsp;<strong>57,1 gigatonnes<\/strong>&nbsp;en \u00e9quivalent CO2 (GtCO2e), contre 53,7 en 2020 selon le&nbsp;<a href=\"https:\/\/www.unep.org\/resources\/emissions-gap-report-2024\" target=\"_blank\" rel=\"noreferrer noopener\">Programme des Nations unies pour l\u2019environnement<\/a>&nbsp;(PNUE). Ces \u00e9missions de GES&nbsp;<strong>ont augment\u00e9 de 51&nbsp;%<\/strong>&nbsp;entre 1990 et&nbsp;2023.<\/p>\n\n\n\n<p><strong>L\u2019Union europ\u00e9enne<\/strong>&nbsp;repr\u00e9sente environ&nbsp;<strong>6&nbsp;%<\/strong>&nbsp;des \u00e9missions mondiales de GES, suivant l&rsquo;Inde de pr\u00e8s. Les \u00e9missions des 27 Etats membres ont cependant diminu\u00e9 de 33,9&nbsp;% en 2023 par rapport \u00e0 1990, repr\u00e9sentant la baisse la plus importante parmi les gros pollueurs. Celle-ci est notamment due \u00e0 la diminution des \u00e9missions du secteur de l\u2019\u00e9lectricit\u00e9, gr\u00e2ce au remplacement progressif de l&rsquo;utilisation du charbon comme combustible primaire. Le secteur des transports est le seul \u00e0 avoir augment\u00e9 ses \u00e9missions depuis 1990 (+19&nbsp;% en&nbsp;2023).<\/p>\n\n\n\n<p><a href=\"https:\/\/www.asevegarches.fr\/blog\/wp-content\/uploads\/2025\/04\/Article-effet-de-serre.pdf\">En voir plus sur ce sujet.<\/a><\/p>\n\n\n\n<p><\/p>\n","protected":false},"excerpt":{"rendered":"<p>Apr\u00e8s une l\u00e9g\u00e8re baisse en 2020 due aux cons\u00e9quences de la pand\u00e9mie de Covid-19, les \u00e9missions mondiales de gaz \u00e0 effet de serre (GES) sont reparties \u00e0 la hausse. En 2023, elles ont ainsi atteint&nbsp;57,1 gigatonnes&nbsp;en \u00e9quivalent CO2 (GtCO2e), contre<\/p>\n","protected":false},"author":1,"featured_media":0,"comment_status":"closed","ping_status":"open","sticky":false,"template":"","format":"standard","meta":{"_jetpack_newsletter_access":"","_jetpack_dont_email_post_to_subs":false,"_jetpack_newsletter_tier_id":0,"_jetpack_memberships_contains_paywalled_content":false,"_jetpack_memberships_contains_paid_content":false,"footnotes":""},"categories":[7],"tags":[13],"class_list":["post-3709","post","type-post","status-publish","format-standard","hentry","category-actualites","tag-environnement"],"yoast_head":"<!-- This site is optimized with the Yoast SEO plugin v27.5 - https:\/\/yoast.com\/product\/yoast-seo-wordpress\/ -->\n<title>Union europ\u00e9enne, Chine, Etats-Unis\u2026                                   Qui \u00e9met le plus de gaz \u00e0 effet de\u00a0serre\u00a0??? - ASEVE GARCHES<\/title>\n<meta name=\"robots\" content=\"index, follow, max-snippet:-1, max-image-preview:large, max-video-preview:-1\" \/>\n<link rel=\"canonical\" href=\"https:\/\/www.asevegarches.fr\/blog\/2025\/04\/24\/union-europeenne-chine-etats-unis-qui-emet-le-plus-de-gaz-a-effet-de-serre\/\" \/>\n<meta property=\"og:locale\" content=\"fr_FR\" \/>\n<meta property=\"og:type\" content=\"article\" \/>\n<meta property=\"og:title\" content=\"Union europ\u00e9enne, Chine, Etats-Unis\u2026                                   Qui \u00e9met le plus de gaz \u00e0 effet de\u00a0serre\u00a0??? - ASEVE GARCHES\" \/>\n<meta property=\"og:description\" content=\"Apr\u00e8s une l\u00e9g\u00e8re baisse en 2020 due aux cons\u00e9quences de la pand\u00e9mie de Covid-19, les \u00e9missions mondiales de gaz \u00e0 effet de serre (GES) sont reparties \u00e0 la hausse. En 2023, elles ont ainsi atteint&nbsp;57,1 gigatonnes&nbsp;en \u00e9quivalent CO2 (GtCO2e), contre\" \/>\n<meta property=\"og:url\" content=\"https:\/\/www.asevegarches.fr\/blog\/2025\/04\/24\/union-europeenne-chine-etats-unis-qui-emet-le-plus-de-gaz-a-effet-de-serre\/\" \/>\n<meta property=\"og:site_name\" content=\"ASEVE GARCHES\" \/>\n<meta property=\"article:published_time\" content=\"2025-04-24T07:38:54+00:00\" \/>\n<meta property=\"article:modified_time\" content=\"2025-04-24T07:38:55+00:00\" \/>\n<meta property=\"og:image\" content=\"https:\/\/www.asevegarches.fr\/blog\/wp-content\/uploads\/2025\/04\/Image-effet-de-serre.jpg\" \/>\n\t<meta property=\"og:image:width\" content=\"1025\" \/>\n\t<meta property=\"og:image:height\" content=\"685\" \/>\n\t<meta property=\"og:image:type\" content=\"image\/jpeg\" \/>\n<meta name=\"author\" content=\"aseve\" \/>\n<meta name=\"twitter:card\" content=\"summary_large_image\" \/>\n<meta name=\"twitter:label1\" content=\"\u00c9crit par\" \/>\n\t<meta name=\"twitter:data1\" content=\"aseve\" \/>\n\t<meta name=\"twitter:label2\" content=\"Dur\u00e9e de lecture estim\u00e9e\" \/>\n\t<meta name=\"twitter:data2\" content=\"2 minutes\" \/>\n<script type=\"application\/ld+json\" class=\"yoast-schema-graph\">{\"@context\":\"https:\\\/\\\/schema.org\",\"@graph\":[{\"@type\":\"Article\",\"@id\":\"https:\\\/\\\/www.asevegarches.fr\\\/blog\\\/2025\\\/04\\\/24\\\/union-europeenne-chine-etats-unis-qui-emet-le-plus-de-gaz-a-effet-de-serre\\\/#article\",\"isPartOf\":{\"@id\":\"https:\\\/\\\/www.asevegarches.fr\\\/blog\\\/2025\\\/04\\\/24\\\/union-europeenne-chine-etats-unis-qui-emet-le-plus-de-gaz-a-effet-de-serre\\\/\"},\"author\":{\"name\":\"aseve\",\"@id\":\"https:\\\/\\\/www.asevegarches.fr\\\/blog\\\/#\\\/schema\\\/person\\\/428c8c0bdd5ce55a52d81a86ee606c15\"},\"headline\":\"Union europ\u00e9enne, Chine, Etats-Unis\u2026 Qui \u00e9met le plus de gaz \u00e0 effet de\u00a0serre\u00a0???\",\"datePublished\":\"2025-04-24T07:38:54+00:00\",\"dateModified\":\"2025-04-24T07:38:55+00:00\",\"mainEntityOfPage\":{\"@id\":\"https:\\\/\\\/www.asevegarches.fr\\\/blog\\\/2025\\\/04\\\/24\\\/union-europeenne-chine-etats-unis-qui-emet-le-plus-de-gaz-a-effet-de-serre\\\/\"},\"wordCount\":177,\"publisher\":{\"@id\":\"https:\\\/\\\/www.asevegarches.fr\\\/blog\\\/#organization\"},\"image\":{\"@id\":\"https:\\\/\\\/www.asevegarches.fr\\\/blog\\\/2025\\\/04\\\/24\\\/union-europeenne-chine-etats-unis-qui-emet-le-plus-de-gaz-a-effet-de-serre\\\/#primaryimage\"},\"thumbnailUrl\":\"https:\\\/\\\/www.asevegarches.fr\\\/blog\\\/wp-content\\\/uploads\\\/2025\\\/04\\\/Image-effet-de-serre.jpg\",\"keywords\":[\"environnement\"],\"articleSection\":[\"Actualit\u00e9s\"],\"inLanguage\":\"fr-FR\"},{\"@type\":\"WebPage\",\"@id\":\"https:\\\/\\\/www.asevegarches.fr\\\/blog\\\/2025\\\/04\\\/24\\\/union-europeenne-chine-etats-unis-qui-emet-le-plus-de-gaz-a-effet-de-serre\\\/\",\"url\":\"https:\\\/\\\/www.asevegarches.fr\\\/blog\\\/2025\\\/04\\\/24\\\/union-europeenne-chine-etats-unis-qui-emet-le-plus-de-gaz-a-effet-de-serre\\\/\",\"name\":\"Union europ\u00e9enne, Chine, Etats-Unis\u2026 Qui \u00e9met le plus de gaz \u00e0 effet de\u00a0serre\u00a0??? - ASEVE GARCHES\",\"isPartOf\":{\"@id\":\"https:\\\/\\\/www.asevegarches.fr\\\/blog\\\/#website\"},\"primaryImageOfPage\":{\"@id\":\"https:\\\/\\\/www.asevegarches.fr\\\/blog\\\/2025\\\/04\\\/24\\\/union-europeenne-chine-etats-unis-qui-emet-le-plus-de-gaz-a-effet-de-serre\\\/#primaryimage\"},\"image\":{\"@id\":\"https:\\\/\\\/www.asevegarches.fr\\\/blog\\\/2025\\\/04\\\/24\\\/union-europeenne-chine-etats-unis-qui-emet-le-plus-de-gaz-a-effet-de-serre\\\/#primaryimage\"},\"thumbnailUrl\":\"https:\\\/\\\/www.asevegarches.fr\\\/blog\\\/wp-content\\\/uploads\\\/2025\\\/04\\\/Image-effet-de-serre.jpg\",\"datePublished\":\"2025-04-24T07:38:54+00:00\",\"dateModified\":\"2025-04-24T07:38:55+00:00\",\"breadcrumb\":{\"@id\":\"https:\\\/\\\/www.asevegarches.fr\\\/blog\\\/2025\\\/04\\\/24\\\/union-europeenne-chine-etats-unis-qui-emet-le-plus-de-gaz-a-effet-de-serre\\\/#breadcrumb\"},\"inLanguage\":\"fr-FR\",\"potentialAction\":[{\"@type\":\"ReadAction\",\"target\":[\"https:\\\/\\\/www.asevegarches.fr\\\/blog\\\/2025\\\/04\\\/24\\\/union-europeenne-chine-etats-unis-qui-emet-le-plus-de-gaz-a-effet-de-serre\\\/\"]}]},{\"@type\":\"ImageObject\",\"inLanguage\":\"fr-FR\",\"@id\":\"https:\\\/\\\/www.asevegarches.fr\\\/blog\\\/2025\\\/04\\\/24\\\/union-europeenne-chine-etats-unis-qui-emet-le-plus-de-gaz-a-effet-de-serre\\\/#primaryimage\",\"url\":\"https:\\\/\\\/www.asevegarches.fr\\\/blog\\\/wp-content\\\/uploads\\\/2025\\\/04\\\/Image-effet-de-serre.jpg\",\"contentUrl\":\"https:\\\/\\\/www.asevegarches.fr\\\/blog\\\/wp-content\\\/uploads\\\/2025\\\/04\\\/Image-effet-de-serre.jpg\",\"width\":1025,\"height\":685,\"caption\":\"Screenshot\"},{\"@type\":\"BreadcrumbList\",\"@id\":\"https:\\\/\\\/www.asevegarches.fr\\\/blog\\\/2025\\\/04\\\/24\\\/union-europeenne-chine-etats-unis-qui-emet-le-plus-de-gaz-a-effet-de-serre\\\/#breadcrumb\",\"itemListElement\":[{\"@type\":\"ListItem\",\"position\":1,\"name\":\"Accueil\",\"item\":\"https:\\\/\\\/www.asevegarches.fr\\\/blog\\\/\"},{\"@type\":\"ListItem\",\"position\":2,\"name\":\"Union europ\u00e9enne, Chine, Etats-Unis\u2026 Qui \u00e9met le plus de gaz \u00e0 effet de\u00a0serre\u00a0???\"}]},{\"@type\":\"WebSite\",\"@id\":\"https:\\\/\\\/www.asevegarches.fr\\\/blog\\\/#website\",\"url\":\"https:\\\/\\\/www.asevegarches.fr\\\/blog\\\/\",\"name\":\"ASEVE GARCHES\",\"description\":\"\",\"publisher\":{\"@id\":\"https:\\\/\\\/www.asevegarches.fr\\\/blog\\\/#organization\"},\"potentialAction\":[{\"@type\":\"SearchAction\",\"target\":{\"@type\":\"EntryPoint\",\"urlTemplate\":\"https:\\\/\\\/www.asevegarches.fr\\\/blog\\\/?s={search_term_string}\"},\"query-input\":{\"@type\":\"PropertyValueSpecification\",\"valueRequired\":true,\"valueName\":\"search_term_string\"}}],\"inLanguage\":\"fr-FR\"},{\"@type\":\"Organization\",\"@id\":\"https:\\\/\\\/www.asevegarches.fr\\\/blog\\\/#organization\",\"name\":\"Association de Sauvegarde des Espaces Verts et de l'Environnement\",\"alternateName\":\"ASEVE\",\"url\":\"https:\\\/\\\/www.asevegarches.fr\\\/blog\\\/\",\"logo\":{\"@type\":\"ImageObject\",\"inLanguage\":\"fr-FR\",\"@id\":\"https:\\\/\\\/www.asevegarches.fr\\\/blog\\\/#\\\/schema\\\/logo\\\/image\\\/\",\"url\":\"https:\\\/\\\/i0.wp.com\\\/www.asevegarches.fr\\\/blog\\\/wp-content\\\/uploads\\\/2022\\\/10\\\/LOGO_logo-facebook.jpg?fit=1501%2C1501\",\"contentUrl\":\"https:\\\/\\\/i0.wp.com\\\/www.asevegarches.fr\\\/blog\\\/wp-content\\\/uploads\\\/2022\\\/10\\\/LOGO_logo-facebook.jpg?fit=1501%2C1501\",\"width\":1501,\"height\":1501,\"caption\":\"Association de Sauvegarde des Espaces Verts et de l'Environnement\"},\"image\":{\"@id\":\"https:\\\/\\\/www.asevegarches.fr\\\/blog\\\/#\\\/schema\\\/logo\\\/image\\\/\"}},{\"@type\":\"Person\",\"@id\":\"https:\\\/\\\/www.asevegarches.fr\\\/blog\\\/#\\\/schema\\\/person\\\/428c8c0bdd5ce55a52d81a86ee606c15\",\"name\":\"aseve\",\"image\":{\"@type\":\"ImageObject\",\"inLanguage\":\"fr-FR\",\"@id\":\"https:\\\/\\\/secure.gravatar.com\\\/avatar\\\/ecef828e21d04ee42984b2273fa699b5c50be14dac440c25fd3edc29fb334f7b?s=96&d=mm&r=g\",\"url\":\"https:\\\/\\\/secure.gravatar.com\\\/avatar\\\/ecef828e21d04ee42984b2273fa699b5c50be14dac440c25fd3edc29fb334f7b?s=96&d=mm&r=g\",\"contentUrl\":\"https:\\\/\\\/secure.gravatar.com\\\/avatar\\\/ecef828e21d04ee42984b2273fa699b5c50be14dac440c25fd3edc29fb334f7b?s=96&d=mm&r=g\",\"caption\":\"aseve\"},\"url\":\"https:\\\/\\\/www.asevegarches.fr\\\/blog\\\/author\\\/admin\\\/\"}]}<\/script>\n<!-- \/ Yoast SEO plugin. -->","yoast_head_json":{"title":"Union europ\u00e9enne, Chine, Etats-Unis\u2026                                   Qui \u00e9met le plus de gaz \u00e0 effet de\u00a0serre\u00a0??? - ASEVE GARCHES","robots":{"index":"index","follow":"follow","max-snippet":"max-snippet:-1","max-image-preview":"max-image-preview:large","max-video-preview":"max-video-preview:-1"},"canonical":"https:\/\/www.asevegarches.fr\/blog\/2025\/04\/24\/union-europeenne-chine-etats-unis-qui-emet-le-plus-de-gaz-a-effet-de-serre\/","og_locale":"fr_FR","og_type":"article","og_title":"Union europ\u00e9enne, Chine, Etats-Unis\u2026                                   Qui \u00e9met le plus de gaz \u00e0 effet de\u00a0serre\u00a0??? - ASEVE GARCHES","og_description":"Apr\u00e8s une l\u00e9g\u00e8re baisse en 2020 due aux cons\u00e9quences de la pand\u00e9mie de Covid-19, les \u00e9missions mondiales de gaz \u00e0 effet de serre (GES) sont reparties \u00e0 la hausse. En 2023, elles ont ainsi atteint&nbsp;57,1 gigatonnes&nbsp;en \u00e9quivalent CO2 (GtCO2e), contre","og_url":"https:\/\/www.asevegarches.fr\/blog\/2025\/04\/24\/union-europeenne-chine-etats-unis-qui-emet-le-plus-de-gaz-a-effet-de-serre\/","og_site_name":"ASEVE GARCHES","article_published_time":"2025-04-24T07:38:54+00:00","article_modified_time":"2025-04-24T07:38:55+00:00","og_image":[{"width":1025,"height":685,"url":"https:\/\/www.asevegarches.fr\/blog\/wp-content\/uploads\/2025\/04\/Image-effet-de-serre.jpg","type":"image\/jpeg"}],"author":"aseve","twitter_card":"summary_large_image","twitter_misc":{"\u00c9crit par":"aseve","Dur\u00e9e de lecture estim\u00e9e":"2 minutes"},"schema":{"@context":"https:\/\/schema.org","@graph":[{"@type":"Article","@id":"https:\/\/www.asevegarches.fr\/blog\/2025\/04\/24\/union-europeenne-chine-etats-unis-qui-emet-le-plus-de-gaz-a-effet-de-serre\/#article","isPartOf":{"@id":"https:\/\/www.asevegarches.fr\/blog\/2025\/04\/24\/union-europeenne-chine-etats-unis-qui-emet-le-plus-de-gaz-a-effet-de-serre\/"},"author":{"name":"aseve","@id":"https:\/\/www.asevegarches.fr\/blog\/#\/schema\/person\/428c8c0bdd5ce55a52d81a86ee606c15"},"headline":"Union europ\u00e9enne, Chine, Etats-Unis\u2026 Qui \u00e9met le plus de gaz \u00e0 effet de\u00a0serre\u00a0???","datePublished":"2025-04-24T07:38:54+00:00","dateModified":"2025-04-24T07:38:55+00:00","mainEntityOfPage":{"@id":"https:\/\/www.asevegarches.fr\/blog\/2025\/04\/24\/union-europeenne-chine-etats-unis-qui-emet-le-plus-de-gaz-a-effet-de-serre\/"},"wordCount":177,"publisher":{"@id":"https:\/\/www.asevegarches.fr\/blog\/#organization"},"image":{"@id":"https:\/\/www.asevegarches.fr\/blog\/2025\/04\/24\/union-europeenne-chine-etats-unis-qui-emet-le-plus-de-gaz-a-effet-de-serre\/#primaryimage"},"thumbnailUrl":"https:\/\/www.asevegarches.fr\/blog\/wp-content\/uploads\/2025\/04\/Image-effet-de-serre.jpg","keywords":["environnement"],"articleSection":["Actualit\u00e9s"],"inLanguage":"fr-FR"},{"@type":"WebPage","@id":"https:\/\/www.asevegarches.fr\/blog\/2025\/04\/24\/union-europeenne-chine-etats-unis-qui-emet-le-plus-de-gaz-a-effet-de-serre\/","url":"https:\/\/www.asevegarches.fr\/blog\/2025\/04\/24\/union-europeenne-chine-etats-unis-qui-emet-le-plus-de-gaz-a-effet-de-serre\/","name":"Union europ\u00e9enne, Chine, Etats-Unis\u2026 Qui \u00e9met le plus de gaz \u00e0 effet de\u00a0serre\u00a0??? - ASEVE GARCHES","isPartOf":{"@id":"https:\/\/www.asevegarches.fr\/blog\/#website"},"primaryImageOfPage":{"@id":"https:\/\/www.asevegarches.fr\/blog\/2025\/04\/24\/union-europeenne-chine-etats-unis-qui-emet-le-plus-de-gaz-a-effet-de-serre\/#primaryimage"},"image":{"@id":"https:\/\/www.asevegarches.fr\/blog\/2025\/04\/24\/union-europeenne-chine-etats-unis-qui-emet-le-plus-de-gaz-a-effet-de-serre\/#primaryimage"},"thumbnailUrl":"https:\/\/www.asevegarches.fr\/blog\/wp-content\/uploads\/2025\/04\/Image-effet-de-serre.jpg","datePublished":"2025-04-24T07:38:54+00:00","dateModified":"2025-04-24T07:38:55+00:00","breadcrumb":{"@id":"https:\/\/www.asevegarches.fr\/blog\/2025\/04\/24\/union-europeenne-chine-etats-unis-qui-emet-le-plus-de-gaz-a-effet-de-serre\/#breadcrumb"},"inLanguage":"fr-FR","potentialAction":[{"@type":"ReadAction","target":["https:\/\/www.asevegarches.fr\/blog\/2025\/04\/24\/union-europeenne-chine-etats-unis-qui-emet-le-plus-de-gaz-a-effet-de-serre\/"]}]},{"@type":"ImageObject","inLanguage":"fr-FR","@id":"https:\/\/www.asevegarches.fr\/blog\/2025\/04\/24\/union-europeenne-chine-etats-unis-qui-emet-le-plus-de-gaz-a-effet-de-serre\/#primaryimage","url":"https:\/\/www.asevegarches.fr\/blog\/wp-content\/uploads\/2025\/04\/Image-effet-de-serre.jpg","contentUrl":"https:\/\/www.asevegarches.fr\/blog\/wp-content\/uploads\/2025\/04\/Image-effet-de-serre.jpg","width":1025,"height":685,"caption":"Screenshot"},{"@type":"BreadcrumbList","@id":"https:\/\/www.asevegarches.fr\/blog\/2025\/04\/24\/union-europeenne-chine-etats-unis-qui-emet-le-plus-de-gaz-a-effet-de-serre\/#breadcrumb","itemListElement":[{"@type":"ListItem","position":1,"name":"Accueil","item":"https:\/\/www.asevegarches.fr\/blog\/"},{"@type":"ListItem","position":2,"name":"Union europ\u00e9enne, Chine, Etats-Unis\u2026 Qui \u00e9met le plus de gaz \u00e0 effet de\u00a0serre\u00a0???"}]},{"@type":"WebSite","@id":"https:\/\/www.asevegarches.fr\/blog\/#website","url":"https:\/\/www.asevegarches.fr\/blog\/","name":"ASEVE GARCHES","description":"","publisher":{"@id":"https:\/\/www.asevegarches.fr\/blog\/#organization"},"potentialAction":[{"@type":"SearchAction","target":{"@type":"EntryPoint","urlTemplate":"https:\/\/www.asevegarches.fr\/blog\/?s={search_term_string}"},"query-input":{"@type":"PropertyValueSpecification","valueRequired":true,"valueName":"search_term_string"}}],"inLanguage":"fr-FR"},{"@type":"Organization","@id":"https:\/\/www.asevegarches.fr\/blog\/#organization","name":"Association de Sauvegarde des Espaces Verts et de l'Environnement","alternateName":"ASEVE","url":"https:\/\/www.asevegarches.fr\/blog\/","logo":{"@type":"ImageObject","inLanguage":"fr-FR","@id":"https:\/\/www.asevegarches.fr\/blog\/#\/schema\/logo\/image\/","url":"https:\/\/i0.wp.com\/www.asevegarches.fr\/blog\/wp-content\/uploads\/2022\/10\/LOGO_logo-facebook.jpg?fit=1501%2C1501","contentUrl":"https:\/\/i0.wp.com\/www.asevegarches.fr\/blog\/wp-content\/uploads\/2022\/10\/LOGO_logo-facebook.jpg?fit=1501%2C1501","width":1501,"height":1501,"caption":"Association de Sauvegarde des Espaces Verts et de l'Environnement"},"image":{"@id":"https:\/\/www.asevegarches.fr\/blog\/#\/schema\/logo\/image\/"}},{"@type":"Person","@id":"https:\/\/www.asevegarches.fr\/blog\/#\/schema\/person\/428c8c0bdd5ce55a52d81a86ee606c15","name":"aseve","image":{"@type":"ImageObject","inLanguage":"fr-FR","@id":"https:\/\/secure.gravatar.com\/avatar\/ecef828e21d04ee42984b2273fa699b5c50be14dac440c25fd3edc29fb334f7b?s=96&d=mm&r=g","url":"https:\/\/secure.gravatar.com\/avatar\/ecef828e21d04ee42984b2273fa699b5c50be14dac440c25fd3edc29fb334f7b?s=96&d=mm&r=g","contentUrl":"https:\/\/secure.gravatar.com\/avatar\/ecef828e21d04ee42984b2273fa699b5c50be14dac440c25fd3edc29fb334f7b?s=96&d=mm&r=g","caption":"aseve"},"url":"https:\/\/www.asevegarches.fr\/blog\/author\/admin\/"}]}},"jetpack_featured_media_url":"","jetpack_sharing_enabled":true,"jetpack_shortlink":"https:\/\/wp.me\/p6YGVC-XP","jetpack-related-posts":[{"id":3780,"url":"https:\/\/www.asevegarches.fr\/blog\/2025\/10\/05\/evolution-des-emissions-de-gaz-a-effet-de-serre-dans-lunion-europeenne\/","url_meta":{"origin":3709,"position":0},"title":"Evolution des \u00e9missions de gaz \u00e0 effet de serre dans l&rsquo;Union europ\u00e9enne","author":"aseve","date":"5 octobre 2025","format":false,"excerpt":"L'Union europ\u00e9enne a pour objectif de parvenir \u00e0 la neutralit\u00e9 climatique d'ici \u00e0 2050. Quels sont aujourd'hui les Etats membres qui \u00e9mettent le plus de gaz \u00e0 effet de serre ? Et quels sont les secteurs qui en rejettent le plus ? Tour d'horizon. Selon des projections de l'Agence europ\u00e9enne\u2026","rel":"","context":"Dans &quot;Actualit\u00e9s&quot;","block_context":{"text":"Actualit\u00e9s","link":"https:\/\/www.asevegarches.fr\/blog\/category\/actualites\/"},"img":{"alt_text":"","src":"https:\/\/i0.wp.com\/www.asevegarches.fr\/blog\/wp-content\/uploads\/2025\/10\/Evolutiondes-emissions-de-gaz-a-effet-de-serre-dans-lUE.png?resize=350%2C200&ssl=1","width":350,"height":200,"srcset":"https:\/\/i0.wp.com\/www.asevegarches.fr\/blog\/wp-content\/uploads\/2025\/10\/Evolutiondes-emissions-de-gaz-a-effet-de-serre-dans-lUE.png?resize=350%2C200&ssl=1 1x, https:\/\/i0.wp.com\/www.asevegarches.fr\/blog\/wp-content\/uploads\/2025\/10\/Evolutiondes-emissions-de-gaz-a-effet-de-serre-dans-lUE.png?resize=525%2C300&ssl=1 1.5x, https:\/\/i0.wp.com\/www.asevegarches.fr\/blog\/wp-content\/uploads\/2025\/10\/Evolutiondes-emissions-de-gaz-a-effet-de-serre-dans-lUE.png?resize=700%2C400&ssl=1 2x, https:\/\/i0.wp.com\/www.asevegarches.fr\/blog\/wp-content\/uploads\/2025\/10\/Evolutiondes-emissions-de-gaz-a-effet-de-serre-dans-lUE.png?resize=1050%2C600&ssl=1 3x, https:\/\/i0.wp.com\/www.asevegarches.fr\/blog\/wp-content\/uploads\/2025\/10\/Evolutiondes-emissions-de-gaz-a-effet-de-serre-dans-lUE.png?resize=1400%2C800&ssl=1 4x"},"classes":[]},{"id":3553,"url":"https:\/\/www.asevegarches.fr\/blog\/2024\/10\/06\/voyager-leger-un-defi-pour-le-secteur-du-tourisme\/","url_meta":{"origin":3709,"position":1},"title":"Voyager l\u00e9ger : un d\u00e9fi pour le secteur du tourisme","author":"Contact","date":"6 octobre 2024","format":false,"excerpt":"Si le tourisme est un pilier \u00e9conomique majeur de la France, il est aussi tr\u00e8s polluant. En 2022, le secteur a \u00e9mis 97 millions de tonnes de CO2e, soit l\u2019empreinte carbone annuelle de 10,5\u00a0millions de Fran\u00e7ais. En cause, la mobilit\u00e9 et plus particuli\u00e8rement le transport a\u00e9rien. Illustration de la r\u00e9partition\u2026","rel":"","context":"Dans &quot;Actualit\u00e9s&quot;","block_context":{"text":"Actualit\u00e9s","link":"https:\/\/www.asevegarches.fr\/blog\/category\/actualites\/"},"img":{"alt_text":"","src":"https:\/\/i0.wp.com\/www.asevegarches.fr\/blog\/wp-content\/uploads\/2024\/10\/Tourisme-et-effet-de-serre.png?resize=350%2C200&ssl=1","width":350,"height":200,"srcset":"https:\/\/i0.wp.com\/www.asevegarches.fr\/blog\/wp-content\/uploads\/2024\/10\/Tourisme-et-effet-de-serre.png?resize=350%2C200&ssl=1 1x, https:\/\/i0.wp.com\/www.asevegarches.fr\/blog\/wp-content\/uploads\/2024\/10\/Tourisme-et-effet-de-serre.png?resize=525%2C300&ssl=1 1.5x, https:\/\/i0.wp.com\/www.asevegarches.fr\/blog\/wp-content\/uploads\/2024\/10\/Tourisme-et-effet-de-serre.png?resize=700%2C400&ssl=1 2x, https:\/\/i0.wp.com\/www.asevegarches.fr\/blog\/wp-content\/uploads\/2024\/10\/Tourisme-et-effet-de-serre.png?resize=1050%2C600&ssl=1 3x, https:\/\/i0.wp.com\/www.asevegarches.fr\/blog\/wp-content\/uploads\/2024\/10\/Tourisme-et-effet-de-serre.png?resize=1400%2C800&ssl=1 4x"},"classes":[]},{"id":3161,"url":"https:\/\/www.asevegarches.fr\/blog\/2021\/08\/10\/rapport-giec-rappelle-nouvelle-lurgence-reelle-de-prendre-toutes-mesures-necessaires-mettre-pleinement-oeuvre-laccord-de-paris-boussole-a-to\/","url_meta":{"origin":3709,"position":2},"title":"Le rapport du GIEC rappelle une nouvelle fois, l\u2019urgence r\u00e9elle de prendre toutes les mesures n\u00e9cessaires pour mettre pleinement en \u0153uvre l\u2019accord de Paris qui est notre boussole \u00e0 tous, \u00c9tats, collectivit\u00e9s, soci\u00e9t\u00e9 civile, entreprises, ONG pour limiter le r\u00e9chauffement climatique et ses cons\u00e9quences","author":"Contact","date":"10 ao\u00fbt 2021","format":false,"excerpt":"Les conclusions du groupe d\u2019experts intergouvernemental (Giec) qui vient de d\u00e9voiler les \u00e9l\u00e9ments scientifiques de son 6\u00e8me rapport d\u2019\u00e9valuation sont inqui\u00e9tantes. C\u2019est un cri d\u2019alarme pour une prise de conscience collective plan\u00e9taire. Selon la pal\u00e9oclimatologue fran\u00e7aise Val\u00e9rie Masson-Delmotte \u00ab\u00a0Les activit\u00e9s humaines sont \u00e0 l\u2019origine du changement climatique, c\u2019est indiscutable, et\u2026","rel":"","context":"Dans &quot;Actualit\u00e9s&quot;","block_context":{"text":"Actualit\u00e9s","link":"https:\/\/www.asevegarches.fr\/blog\/category\/actualites\/"},"img":{"alt_text":"","src":"https:\/\/i0.wp.com\/www.asevegarches.fr\/blog\/wp-content\/uploads\/2021\/08\/banquise-300x157.jpg?resize=350%2C200&ssl=1","width":350,"height":200},"classes":[]},{"id":3729,"url":"https:\/\/www.asevegarches.fr\/blog\/2025\/06\/01\/agir-pour-la-planete-on-sy-met-tous\/","url_meta":{"origin":3709,"position":3},"title":"Agir pour la plan\u00e8te, on s&rsquo;y met tous !","author":"aseve","date":"1 juin 2025","format":false,"excerpt":"Alors que les impacts du changement climatique sont de plus en plus visibles et que les scientifiques alertent sur l\u2019urgence d'agir, de nombreux jeunes s\u2019interrogent sur leurs moyens d\u2019action. Certains \u00e9cogestes sont d\u00e9sormais bien connus, comme \u00e9teindre les lumi\u00e8res, fermer le robinet quand on se lave les dents, ou encore\u2026","rel":"","context":"Dans &quot;Actualit\u00e9s&quot;","block_context":{"text":"Actualit\u00e9s","link":"https:\/\/www.asevegarches.fr\/blog\/category\/actualites\/"},"img":{"alt_text":"","src":"https:\/\/i0.wp.com\/www.asevegarches.fr\/blog\/wp-content\/uploads\/2025\/06\/Capture-decran-2025-06-01-a-20.42.11.png?resize=350%2C200&ssl=1","width":350,"height":200,"srcset":"https:\/\/i0.wp.com\/www.asevegarches.fr\/blog\/wp-content\/uploads\/2025\/06\/Capture-decran-2025-06-01-a-20.42.11.png?resize=350%2C200&ssl=1 1x, https:\/\/i0.wp.com\/www.asevegarches.fr\/blog\/wp-content\/uploads\/2025\/06\/Capture-decran-2025-06-01-a-20.42.11.png?resize=525%2C300&ssl=1 1.5x, https:\/\/i0.wp.com\/www.asevegarches.fr\/blog\/wp-content\/uploads\/2025\/06\/Capture-decran-2025-06-01-a-20.42.11.png?resize=700%2C400&ssl=1 2x, https:\/\/i0.wp.com\/www.asevegarches.fr\/blog\/wp-content\/uploads\/2025\/06\/Capture-decran-2025-06-01-a-20.42.11.png?resize=1050%2C600&ssl=1 3x, https:\/\/i0.wp.com\/www.asevegarches.fr\/blog\/wp-content\/uploads\/2025\/06\/Capture-decran-2025-06-01-a-20.42.11.png?resize=1400%2C800&ssl=1 4x"},"classes":[]},{"id":3795,"url":"https:\/\/www.asevegarches.fr\/blog\/2025\/10\/21\/etat-de-la-biodiversite-dans-le-monde-et-en-europe\/","url_meta":{"origin":3709,"position":4},"title":"Etat de la \u00ab\u00a0BIODIVERSIT\u00c9\u00a0\u00bb dans le monde et en Europe","author":"aseve","date":"21 octobre 2025","format":false,"excerpt":"Sur l\u2019ensemble du continent europ\u00e9en, plus de 80 % des habitats naturels sont dans un mauvais \u00e9tat de conservation. Avec sa strat\u00e9gie de protection de la biodiversit\u00e9, la Commission europ\u00e9enne veut restaurer les \u00e9cosyst\u00e8mes et prot\u00e9ger 30 % de la superficie marine et terrestre de l'UE \u00e0 horizon 2030. Selon\u2026","rel":"","context":"Dans &quot;Actualit\u00e9s&quot;","block_context":{"text":"Actualit\u00e9s","link":"https:\/\/www.asevegarches.fr\/blog\/category\/actualites\/"},"img":{"alt_text":"","src":"https:\/\/i0.wp.com\/www.asevegarches.fr\/blog\/wp-content\/uploads\/2025\/10\/20140412_155900-edited-1-scaled.jpg?resize=350%2C200&ssl=1","width":350,"height":200,"srcset":"https:\/\/i0.wp.com\/www.asevegarches.fr\/blog\/wp-content\/uploads\/2025\/10\/20140412_155900-edited-1-scaled.jpg?resize=350%2C200&ssl=1 1x, https:\/\/i0.wp.com\/www.asevegarches.fr\/blog\/wp-content\/uploads\/2025\/10\/20140412_155900-edited-1-scaled.jpg?resize=525%2C300&ssl=1 1.5x, https:\/\/i0.wp.com\/www.asevegarches.fr\/blog\/wp-content\/uploads\/2025\/10\/20140412_155900-edited-1-scaled.jpg?resize=700%2C400&ssl=1 2x, https:\/\/i0.wp.com\/www.asevegarches.fr\/blog\/wp-content\/uploads\/2025\/10\/20140412_155900-edited-1-scaled.jpg?resize=1050%2C600&ssl=1 3x, https:\/\/i0.wp.com\/www.asevegarches.fr\/blog\/wp-content\/uploads\/2025\/10\/20140412_155900-edited-1-scaled.jpg?resize=1400%2C800&ssl=1 4x"},"classes":[]},{"id":3198,"url":"https:\/\/www.asevegarches.fr\/blog\/2021\/12\/19\/laseve-impliquee-concernee-defense-patrimoine-de-commune\/","url_meta":{"origin":3709,"position":5},"title":"L\u2019ASEVE impliqu\u00e9e et concern\u00e9e par la d\u00e9fense du patrimoine de notre commune.","author":"Contact","date":"19 d\u00e9cembre 2021","format":false,"excerpt":"La municipalit\u00e9 a entrepris une deuxi\u00e8me modification du PLU dans le but de mieux prot\u00e9ger le b\u00e2ti de qualit\u00e9 \u00e0 Garches (18 maisons remarquables). L\u2019ASEVE a \u00e9t\u00e9 sollicit\u00e9e par le POLD (Paris Ouest La D\u00e9fense), organisme d\u00e9cideur, pour donner son avis sur le dossier. L\u2019ASEVE, apr\u00e8s une \u00e9tude approfondie des\u2026","rel":"","context":"Dans &quot;Actualit\u00e9s&quot;","block_context":{"text":"Actualit\u00e9s","link":"https:\/\/www.asevegarches.fr\/blog\/category\/actualites\/"},"img":{"alt_text":"","src":"https:\/\/i0.wp.com\/www.asevegarches.fr\/blog\/wp-content\/uploads\/2021\/12\/affiche1.jpg?resize=350%2C200&ssl=1","width":350,"height":200},"classes":[]}],"_links":{"self":[{"href":"https:\/\/www.asevegarches.fr\/blog\/wp-json\/wp\/v2\/posts\/3709","targetHints":{"allow":["GET"]}}],"collection":[{"href":"https:\/\/www.asevegarches.fr\/blog\/wp-json\/wp\/v2\/posts"}],"about":[{"href":"https:\/\/www.asevegarches.fr\/blog\/wp-json\/wp\/v2\/types\/post"}],"author":[{"embeddable":true,"href":"https:\/\/www.asevegarches.fr\/blog\/wp-json\/wp\/v2\/users\/1"}],"replies":[{"embeddable":true,"href":"https:\/\/www.asevegarches.fr\/blog\/wp-json\/wp\/v2\/comments?post=3709"}],"version-history":[{"count":1,"href":"https:\/\/www.asevegarches.fr\/blog\/wp-json\/wp\/v2\/posts\/3709\/revisions"}],"predecessor-version":[{"id":3710,"href":"https:\/\/www.asevegarches.fr\/blog\/wp-json\/wp\/v2\/posts\/3709\/revisions\/3710"}],"wp:attachment":[{"href":"https:\/\/www.asevegarches.fr\/blog\/wp-json\/wp\/v2\/media?parent=3709"}],"wp:term":[{"taxonomy":"category","embeddable":true,"href":"https:\/\/www.asevegarches.fr\/blog\/wp-json\/wp\/v2\/categories?post=3709"},{"taxonomy":"post_tag","embeddable":true,"href":"https:\/\/www.asevegarches.fr\/blog\/wp-json\/wp\/v2\/tags?post=3709"}],"curies":[{"name":"wp","href":"https:\/\/api.w.org\/{rel}","templated":true}]}}