{"id":3541,"date":"2024-09-10T20:49:33","date_gmt":"2024-09-10T19:49:33","guid":{"rendered":"https:\/\/www.asevegarches.fr\/blog\/?p=3541"},"modified":"2024-09-10T20:49:38","modified_gmt":"2024-09-10T19:49:38","slug":"en-plein-essor-lagriculture-urbaine-se-structure-en-ile-de-france","status":"publish","type":"post","link":"https:\/\/www.asevegarches.fr\/blog\/2024\/09\/10\/en-plein-essor-lagriculture-urbaine-se-structure-en-ile-de-france\/","title":{"rendered":"En plein essor, l\u2019agriculture urbaine se structure en \u00cele-de-France"},"content":{"rendered":"\n<figure class=\"wp-block-image size-large\"><a href=\"https:\/\/www.asevegarches.fr\/blog\/wp-content\/uploads\/2024\/09\/Agriculture-urbaine-Photo.png\"><img loading=\"lazy\" decoding=\"async\" width=\"1024\" height=\"379\" data-attachment-id=\"3537\" data-permalink=\"https:\/\/www.asevegarches.fr\/blog\/agriculture-urbaine-photo\/\" data-orig-file=\"https:\/\/www.asevegarches.fr\/blog\/wp-content\/uploads\/2024\/09\/Agriculture-urbaine-Photo.png\" data-orig-size=\"1239,459\" data-comments-opened=\"0\" data-image-meta=\"{&quot;aperture&quot;:&quot;0&quot;,&quot;credit&quot;:&quot;&quot;,&quot;camera&quot;:&quot;&quot;,&quot;caption&quot;:&quot;&quot;,&quot;created_timestamp&quot;:&quot;0&quot;,&quot;copyright&quot;:&quot;&quot;,&quot;focal_length&quot;:&quot;0&quot;,&quot;iso&quot;:&quot;0&quot;,&quot;shutter_speed&quot;:&quot;0&quot;,&quot;title&quot;:&quot;&quot;,&quot;orientation&quot;:&quot;0&quot;}\" data-image-title=\"Agriculture urbaine Photo\" data-image-description=\"\" data-image-caption=\"\" data-large-file=\"https:\/\/www.asevegarches.fr\/blog\/wp-content\/uploads\/2024\/09\/Agriculture-urbaine-Photo-1024x379.png\" src=\"https:\/\/www.asevegarches.fr\/blog\/wp-content\/uploads\/2024\/09\/Agriculture-urbaine-Photo-1024x379.png\" alt=\"\" class=\"wp-image-3537\" srcset=\"https:\/\/www.asevegarches.fr\/blog\/wp-content\/uploads\/2024\/09\/Agriculture-urbaine-Photo-1024x379.png 1024w, https:\/\/www.asevegarches.fr\/blog\/wp-content\/uploads\/2024\/09\/Agriculture-urbaine-Photo-300x111.png 300w, https:\/\/www.asevegarches.fr\/blog\/wp-content\/uploads\/2024\/09\/Agriculture-urbaine-Photo-768x285.png 768w, https:\/\/www.asevegarches.fr\/blog\/wp-content\/uploads\/2024\/09\/Agriculture-urbaine-Photo-600x222.png 600w, https:\/\/www.asevegarches.fr\/blog\/wp-content\/uploads\/2024\/09\/Agriculture-urbaine-Photo.png 1239w\" sizes=\"auto, (max-width: 1024px) 100vw, 1024px\" \/><\/a><\/figure>\n\n\n\n<p><strong>Fermes urbaines sur des toits, carr\u00e9s potagers en pied d\u2019immeuble, jardins partag\u00e9s dans des rues ou des parkings&#8230; <\/strong>L\u2019agriculture urbaine est en plein essor, en particulier en \u00cele-de-France, o\u00f9 <em><strong>plus de 190 hectares sont d\u00e9sormais cultiv\u00e9s, soit l\u2019\u00e9quivalent de 270 terrains de football !<\/strong><\/em> Pour f\u00e9d\u00e9rer les acteurs de ce secteur, l\u2019association fran\u00e7aise d\u2019agriculture urbaine professionnelle (AFAUP) a cr\u00e9\u00e9, en 2023, le R\u00e9seau Francilien des Agricultures Urbaines, soutenu par l\u2019ADEME. R\u00e9cemment, une nouvelle convention a \u00e9t\u00e9 sign\u00e9e entre l\u2019AFAUP et l\u2019ADEME afin de p\u00e9renniser la dynamique de r\u00e9seau.<\/p>\n\n\n\n<h2 class=\"wp-block-heading\">L\u2019agriculture urbaine, c\u2019est quoi ?<\/h2>\n\n\n\n<p>L\u2019agriculture urbaine d\u00e9signe la production alimentaire au c\u0153ur ou en p\u00e9riph\u00e9rie des villes. Elle englobe diverses pratiques et techniques de culture\u00a0telles que : jardins et potagers collectifs, fermes urbaines, pleine terre, hydroponie et aquaponie, mara\u00eechage sur sol vivants comme les potagers communautaires&#8230; En \u00cele-de-France, cette forme d\u2019agriculture conna\u00eet un r\u00e9el engouement avec plus de <strong>1 600 projets recens\u00e9s aujourd\u2019hui.<\/strong>\u00a0<\/p>\n\n\n\n<p>Lire la suite en cliquant sur ce lien :<a href=\"https:\/\/www.asevegarches.fr\/blog\/wp-content\/uploads\/2024\/09\/Agriculture-urbaine-1.pdf\"> l&rsquo;agriculture urbaine<\/a><\/p>\n","protected":false},"excerpt":{"rendered":"<p>Fermes urbaines sur des toits, carr\u00e9s potagers en pied d\u2019immeuble, jardins partag\u00e9s dans des rues ou des parkings&#8230; L\u2019agriculture urbaine est en plein essor, en particulier en \u00cele-de-France, o\u00f9 plus de 190 hectares sont d\u00e9sormais cultiv\u00e9s, soit l\u2019\u00e9quivalent de 270<\/p>\n","protected":false},"author":15,"featured_media":0,"comment_status":"closed","ping_status":"open","sticky":false,"template":"","format":"standard","meta":{"_jetpack_newsletter_access":"","_jetpack_dont_email_post_to_subs":true,"_jetpack_newsletter_tier_id":0,"_jetpack_memberships_contains_paywalled_content":false,"_jetpack_memberships_contains_paid_content":false,"footnotes":""},"categories":[7],"tags":[],"class_list":["post-3541","post","type-post","status-publish","format-standard","hentry","category-actualites"],"yoast_head":"<!-- This site is optimized with the Yoast SEO plugin v27.5 - https:\/\/yoast.com\/product\/yoast-seo-wordpress\/ -->\n<title>En plein essor, l\u2019agriculture urbaine se structure en \u00cele-de-France - ASEVE GARCHES<\/title>\n<meta name=\"robots\" content=\"index, follow, max-snippet:-1, max-image-preview:large, max-video-preview:-1\" \/>\n<link rel=\"canonical\" href=\"https:\/\/www.asevegarches.fr\/blog\/2024\/09\/10\/en-plein-essor-lagriculture-urbaine-se-structure-en-ile-de-france\/\" \/>\n<meta property=\"og:locale\" content=\"fr_FR\" \/>\n<meta property=\"og:type\" content=\"article\" \/>\n<meta property=\"og:title\" content=\"En plein essor, l\u2019agriculture urbaine se structure en \u00cele-de-France - ASEVE GARCHES\" \/>\n<meta property=\"og:description\" content=\"Fermes urbaines sur des toits, carr\u00e9s potagers en pied d\u2019immeuble, jardins partag\u00e9s dans des rues ou des parkings&#8230; L\u2019agriculture urbaine est en plein essor, en particulier en \u00cele-de-France, o\u00f9 plus de 190 hectares sont d\u00e9sormais cultiv\u00e9s, soit l\u2019\u00e9quivalent de 270\" \/>\n<meta property=\"og:url\" content=\"https:\/\/www.asevegarches.fr\/blog\/2024\/09\/10\/en-plein-essor-lagriculture-urbaine-se-structure-en-ile-de-france\/\" \/>\n<meta property=\"og:site_name\" content=\"ASEVE GARCHES\" \/>\n<meta property=\"article:published_time\" content=\"2024-09-10T19:49:33+00:00\" \/>\n<meta property=\"article:modified_time\" content=\"2024-09-10T19:49:38+00:00\" \/>\n<meta property=\"og:image\" content=\"https:\/\/www.asevegarches.fr\/blog\/wp-content\/uploads\/2024\/09\/Agriculture-urbaine-Photo-1024x379.png\" \/>\n<meta name=\"author\" content=\"Contact\" \/>\n<meta name=\"twitter:card\" content=\"summary_large_image\" \/>\n<meta name=\"twitter:label1\" content=\"\u00c9crit par\" \/>\n\t<meta name=\"twitter:data1\" content=\"Contact\" \/>\n\t<meta name=\"twitter:label2\" content=\"Dur\u00e9e de lecture estim\u00e9e\" \/>\n\t<meta name=\"twitter:data2\" content=\"2 minutes\" \/>\n<script type=\"application\/ld+json\" class=\"yoast-schema-graph\">{\"@context\":\"https:\\\/\\\/schema.org\",\"@graph\":[{\"@type\":\"Article\",\"@id\":\"https:\\\/\\\/www.asevegarches.fr\\\/blog\\\/2024\\\/09\\\/10\\\/en-plein-essor-lagriculture-urbaine-se-structure-en-ile-de-france\\\/#article\",\"isPartOf\":{\"@id\":\"https:\\\/\\\/www.asevegarches.fr\\\/blog\\\/2024\\\/09\\\/10\\\/en-plein-essor-lagriculture-urbaine-se-structure-en-ile-de-france\\\/\"},\"author\":{\"name\":\"Contact\",\"@id\":\"https:\\\/\\\/www.asevegarches.fr\\\/blog\\\/#\\\/schema\\\/person\\\/2ca7f4ba994cf07016841fb21977dc5e\"},\"headline\":\"En plein essor, l\u2019agriculture urbaine se structure en \u00cele-de-France\",\"datePublished\":\"2024-09-10T19:49:33+00:00\",\"dateModified\":\"2024-09-10T19:49:38+00:00\",\"mainEntityOfPage\":{\"@id\":\"https:\\\/\\\/www.asevegarches.fr\\\/blog\\\/2024\\\/09\\\/10\\\/en-plein-essor-lagriculture-urbaine-se-structure-en-ile-de-france\\\/\"},\"wordCount\":198,\"publisher\":{\"@id\":\"https:\\\/\\\/www.asevegarches.fr\\\/blog\\\/#organization\"},\"image\":{\"@id\":\"https:\\\/\\\/www.asevegarches.fr\\\/blog\\\/2024\\\/09\\\/10\\\/en-plein-essor-lagriculture-urbaine-se-structure-en-ile-de-france\\\/#primaryimage\"},\"thumbnailUrl\":\"https:\\\/\\\/www.asevegarches.fr\\\/blog\\\/wp-content\\\/uploads\\\/2024\\\/09\\\/Agriculture-urbaine-Photo-1024x379.png\",\"articleSection\":[\"Actualit\u00e9s\"],\"inLanguage\":\"fr-FR\"},{\"@type\":\"WebPage\",\"@id\":\"https:\\\/\\\/www.asevegarches.fr\\\/blog\\\/2024\\\/09\\\/10\\\/en-plein-essor-lagriculture-urbaine-se-structure-en-ile-de-france\\\/\",\"url\":\"https:\\\/\\\/www.asevegarches.fr\\\/blog\\\/2024\\\/09\\\/10\\\/en-plein-essor-lagriculture-urbaine-se-structure-en-ile-de-france\\\/\",\"name\":\"En plein essor, l\u2019agriculture urbaine se structure en \u00cele-de-France - ASEVE GARCHES\",\"isPartOf\":{\"@id\":\"https:\\\/\\\/www.asevegarches.fr\\\/blog\\\/#website\"},\"primaryImageOfPage\":{\"@id\":\"https:\\\/\\\/www.asevegarches.fr\\\/blog\\\/2024\\\/09\\\/10\\\/en-plein-essor-lagriculture-urbaine-se-structure-en-ile-de-france\\\/#primaryimage\"},\"image\":{\"@id\":\"https:\\\/\\\/www.asevegarches.fr\\\/blog\\\/2024\\\/09\\\/10\\\/en-plein-essor-lagriculture-urbaine-se-structure-en-ile-de-france\\\/#primaryimage\"},\"thumbnailUrl\":\"https:\\\/\\\/www.asevegarches.fr\\\/blog\\\/wp-content\\\/uploads\\\/2024\\\/09\\\/Agriculture-urbaine-Photo-1024x379.png\",\"datePublished\":\"2024-09-10T19:49:33+00:00\",\"dateModified\":\"2024-09-10T19:49:38+00:00\",\"breadcrumb\":{\"@id\":\"https:\\\/\\\/www.asevegarches.fr\\\/blog\\\/2024\\\/09\\\/10\\\/en-plein-essor-lagriculture-urbaine-se-structure-en-ile-de-france\\\/#breadcrumb\"},\"inLanguage\":\"fr-FR\",\"potentialAction\":[{\"@type\":\"ReadAction\",\"target\":[\"https:\\\/\\\/www.asevegarches.fr\\\/blog\\\/2024\\\/09\\\/10\\\/en-plein-essor-lagriculture-urbaine-se-structure-en-ile-de-france\\\/\"]}]},{\"@type\":\"ImageObject\",\"inLanguage\":\"fr-FR\",\"@id\":\"https:\\\/\\\/www.asevegarches.fr\\\/blog\\\/2024\\\/09\\\/10\\\/en-plein-essor-lagriculture-urbaine-se-structure-en-ile-de-france\\\/#primaryimage\",\"url\":\"https:\\\/\\\/www.asevegarches.fr\\\/blog\\\/wp-content\\\/uploads\\\/2024\\\/09\\\/Agriculture-urbaine-Photo.png\",\"contentUrl\":\"https:\\\/\\\/www.asevegarches.fr\\\/blog\\\/wp-content\\\/uploads\\\/2024\\\/09\\\/Agriculture-urbaine-Photo.png\",\"width\":1239,\"height\":459},{\"@type\":\"BreadcrumbList\",\"@id\":\"https:\\\/\\\/www.asevegarches.fr\\\/blog\\\/2024\\\/09\\\/10\\\/en-plein-essor-lagriculture-urbaine-se-structure-en-ile-de-france\\\/#breadcrumb\",\"itemListElement\":[{\"@type\":\"ListItem\",\"position\":1,\"name\":\"Accueil\",\"item\":\"https:\\\/\\\/www.asevegarches.fr\\\/blog\\\/\"},{\"@type\":\"ListItem\",\"position\":2,\"name\":\"En plein essor, l\u2019agriculture urbaine se structure en \u00cele-de-France\"}]},{\"@type\":\"WebSite\",\"@id\":\"https:\\\/\\\/www.asevegarches.fr\\\/blog\\\/#website\",\"url\":\"https:\\\/\\\/www.asevegarches.fr\\\/blog\\\/\",\"name\":\"ASEVE GARCHES\",\"description\":\"\",\"publisher\":{\"@id\":\"https:\\\/\\\/www.asevegarches.fr\\\/blog\\\/#organization\"},\"potentialAction\":[{\"@type\":\"SearchAction\",\"target\":{\"@type\":\"EntryPoint\",\"urlTemplate\":\"https:\\\/\\\/www.asevegarches.fr\\\/blog\\\/?s={search_term_string}\"},\"query-input\":{\"@type\":\"PropertyValueSpecification\",\"valueRequired\":true,\"valueName\":\"search_term_string\"}}],\"inLanguage\":\"fr-FR\"},{\"@type\":\"Organization\",\"@id\":\"https:\\\/\\\/www.asevegarches.fr\\\/blog\\\/#organization\",\"name\":\"Association de Sauvegarde des Espaces Verts et de l'Environnement\",\"alternateName\":\"ASEVE\",\"url\":\"https:\\\/\\\/www.asevegarches.fr\\\/blog\\\/\",\"logo\":{\"@type\":\"ImageObject\",\"inLanguage\":\"fr-FR\",\"@id\":\"https:\\\/\\\/www.asevegarches.fr\\\/blog\\\/#\\\/schema\\\/logo\\\/image\\\/\",\"url\":\"https:\\\/\\\/i0.wp.com\\\/www.asevegarches.fr\\\/blog\\\/wp-content\\\/uploads\\\/2022\\\/10\\\/LOGO_logo-facebook.jpg?fit=1501%2C1501\",\"contentUrl\":\"https:\\\/\\\/i0.wp.com\\\/www.asevegarches.fr\\\/blog\\\/wp-content\\\/uploads\\\/2022\\\/10\\\/LOGO_logo-facebook.jpg?fit=1501%2C1501\",\"width\":1501,\"height\":1501,\"caption\":\"Association de Sauvegarde des Espaces Verts et de l'Environnement\"},\"image\":{\"@id\":\"https:\\\/\\\/www.asevegarches.fr\\\/blog\\\/#\\\/schema\\\/logo\\\/image\\\/\"}},{\"@type\":\"Person\",\"@id\":\"https:\\\/\\\/www.asevegarches.fr\\\/blog\\\/#\\\/schema\\\/person\\\/2ca7f4ba994cf07016841fb21977dc5e\",\"name\":\"Contact\",\"image\":{\"@type\":\"ImageObject\",\"inLanguage\":\"fr-FR\",\"@id\":\"https:\\\/\\\/secure.gravatar.com\\\/avatar\\\/10a81d51f0ad649f0b6beba984c9ffc503584c1f3bcce223cbd240a46ebed48d?s=96&d=mm&r=g\",\"url\":\"https:\\\/\\\/secure.gravatar.com\\\/avatar\\\/10a81d51f0ad649f0b6beba984c9ffc503584c1f3bcce223cbd240a46ebed48d?s=96&d=mm&r=g\",\"contentUrl\":\"https:\\\/\\\/secure.gravatar.com\\\/avatar\\\/10a81d51f0ad649f0b6beba984c9ffc503584c1f3bcce223cbd240a46ebed48d?s=96&d=mm&r=g\",\"caption\":\"Contact\"},\"url\":\"https:\\\/\\\/www.asevegarches.fr\\\/blog\\\/author\\\/daniele\\\/\"}]}<\/script>\n<!-- \/ Yoast SEO plugin. -->","yoast_head_json":{"title":"En plein essor, l\u2019agriculture urbaine se structure en \u00cele-de-France - ASEVE GARCHES","robots":{"index":"index","follow":"follow","max-snippet":"max-snippet:-1","max-image-preview":"max-image-preview:large","max-video-preview":"max-video-preview:-1"},"canonical":"https:\/\/www.asevegarches.fr\/blog\/2024\/09\/10\/en-plein-essor-lagriculture-urbaine-se-structure-en-ile-de-france\/","og_locale":"fr_FR","og_type":"article","og_title":"En plein essor, l\u2019agriculture urbaine se structure en \u00cele-de-France - ASEVE GARCHES","og_description":"Fermes urbaines sur des toits, carr\u00e9s potagers en pied d\u2019immeuble, jardins partag\u00e9s dans des rues ou des parkings&#8230; L\u2019agriculture urbaine est en plein essor, en particulier en \u00cele-de-France, o\u00f9 plus de 190 hectares sont d\u00e9sormais cultiv\u00e9s, soit l\u2019\u00e9quivalent de 270","og_url":"https:\/\/www.asevegarches.fr\/blog\/2024\/09\/10\/en-plein-essor-lagriculture-urbaine-se-structure-en-ile-de-france\/","og_site_name":"ASEVE GARCHES","article_published_time":"2024-09-10T19:49:33+00:00","article_modified_time":"2024-09-10T19:49:38+00:00","og_image":[{"url":"https:\/\/www.asevegarches.fr\/blog\/wp-content\/uploads\/2024\/09\/Agriculture-urbaine-Photo-1024x379.png","type":"","width":"","height":""}],"author":"Contact","twitter_card":"summary_large_image","twitter_misc":{"\u00c9crit par":"Contact","Dur\u00e9e de lecture estim\u00e9e":"2 minutes"},"schema":{"@context":"https:\/\/schema.org","@graph":[{"@type":"Article","@id":"https:\/\/www.asevegarches.fr\/blog\/2024\/09\/10\/en-plein-essor-lagriculture-urbaine-se-structure-en-ile-de-france\/#article","isPartOf":{"@id":"https:\/\/www.asevegarches.fr\/blog\/2024\/09\/10\/en-plein-essor-lagriculture-urbaine-se-structure-en-ile-de-france\/"},"author":{"name":"Contact","@id":"https:\/\/www.asevegarches.fr\/blog\/#\/schema\/person\/2ca7f4ba994cf07016841fb21977dc5e"},"headline":"En plein essor, l\u2019agriculture urbaine se structure en \u00cele-de-France","datePublished":"2024-09-10T19:49:33+00:00","dateModified":"2024-09-10T19:49:38+00:00","mainEntityOfPage":{"@id":"https:\/\/www.asevegarches.fr\/blog\/2024\/09\/10\/en-plein-essor-lagriculture-urbaine-se-structure-en-ile-de-france\/"},"wordCount":198,"publisher":{"@id":"https:\/\/www.asevegarches.fr\/blog\/#organization"},"image":{"@id":"https:\/\/www.asevegarches.fr\/blog\/2024\/09\/10\/en-plein-essor-lagriculture-urbaine-se-structure-en-ile-de-france\/#primaryimage"},"thumbnailUrl":"https:\/\/www.asevegarches.fr\/blog\/wp-content\/uploads\/2024\/09\/Agriculture-urbaine-Photo-1024x379.png","articleSection":["Actualit\u00e9s"],"inLanguage":"fr-FR"},{"@type":"WebPage","@id":"https:\/\/www.asevegarches.fr\/blog\/2024\/09\/10\/en-plein-essor-lagriculture-urbaine-se-structure-en-ile-de-france\/","url":"https:\/\/www.asevegarches.fr\/blog\/2024\/09\/10\/en-plein-essor-lagriculture-urbaine-se-structure-en-ile-de-france\/","name":"En plein essor, l\u2019agriculture urbaine se structure en \u00cele-de-France - ASEVE GARCHES","isPartOf":{"@id":"https:\/\/www.asevegarches.fr\/blog\/#website"},"primaryImageOfPage":{"@id":"https:\/\/www.asevegarches.fr\/blog\/2024\/09\/10\/en-plein-essor-lagriculture-urbaine-se-structure-en-ile-de-france\/#primaryimage"},"image":{"@id":"https:\/\/www.asevegarches.fr\/blog\/2024\/09\/10\/en-plein-essor-lagriculture-urbaine-se-structure-en-ile-de-france\/#primaryimage"},"thumbnailUrl":"https:\/\/www.asevegarches.fr\/blog\/wp-content\/uploads\/2024\/09\/Agriculture-urbaine-Photo-1024x379.png","datePublished":"2024-09-10T19:49:33+00:00","dateModified":"2024-09-10T19:49:38+00:00","breadcrumb":{"@id":"https:\/\/www.asevegarches.fr\/blog\/2024\/09\/10\/en-plein-essor-lagriculture-urbaine-se-structure-en-ile-de-france\/#breadcrumb"},"inLanguage":"fr-FR","potentialAction":[{"@type":"ReadAction","target":["https:\/\/www.asevegarches.fr\/blog\/2024\/09\/10\/en-plein-essor-lagriculture-urbaine-se-structure-en-ile-de-france\/"]}]},{"@type":"ImageObject","inLanguage":"fr-FR","@id":"https:\/\/www.asevegarches.fr\/blog\/2024\/09\/10\/en-plein-essor-lagriculture-urbaine-se-structure-en-ile-de-france\/#primaryimage","url":"https:\/\/www.asevegarches.fr\/blog\/wp-content\/uploads\/2024\/09\/Agriculture-urbaine-Photo.png","contentUrl":"https:\/\/www.asevegarches.fr\/blog\/wp-content\/uploads\/2024\/09\/Agriculture-urbaine-Photo.png","width":1239,"height":459},{"@type":"BreadcrumbList","@id":"https:\/\/www.asevegarches.fr\/blog\/2024\/09\/10\/en-plein-essor-lagriculture-urbaine-se-structure-en-ile-de-france\/#breadcrumb","itemListElement":[{"@type":"ListItem","position":1,"name":"Accueil","item":"https:\/\/www.asevegarches.fr\/blog\/"},{"@type":"ListItem","position":2,"name":"En plein essor, l\u2019agriculture urbaine se structure en \u00cele-de-France"}]},{"@type":"WebSite","@id":"https:\/\/www.asevegarches.fr\/blog\/#website","url":"https:\/\/www.asevegarches.fr\/blog\/","name":"ASEVE GARCHES","description":"","publisher":{"@id":"https:\/\/www.asevegarches.fr\/blog\/#organization"},"potentialAction":[{"@type":"SearchAction","target":{"@type":"EntryPoint","urlTemplate":"https:\/\/www.asevegarches.fr\/blog\/?s={search_term_string}"},"query-input":{"@type":"PropertyValueSpecification","valueRequired":true,"valueName":"search_term_string"}}],"inLanguage":"fr-FR"},{"@type":"Organization","@id":"https:\/\/www.asevegarches.fr\/blog\/#organization","name":"Association de Sauvegarde des Espaces Verts et de l'Environnement","alternateName":"ASEVE","url":"https:\/\/www.asevegarches.fr\/blog\/","logo":{"@type":"ImageObject","inLanguage":"fr-FR","@id":"https:\/\/www.asevegarches.fr\/blog\/#\/schema\/logo\/image\/","url":"https:\/\/i0.wp.com\/www.asevegarches.fr\/blog\/wp-content\/uploads\/2022\/10\/LOGO_logo-facebook.jpg?fit=1501%2C1501","contentUrl":"https:\/\/i0.wp.com\/www.asevegarches.fr\/blog\/wp-content\/uploads\/2022\/10\/LOGO_logo-facebook.jpg?fit=1501%2C1501","width":1501,"height":1501,"caption":"Association de Sauvegarde des Espaces Verts et de l'Environnement"},"image":{"@id":"https:\/\/www.asevegarches.fr\/blog\/#\/schema\/logo\/image\/"}},{"@type":"Person","@id":"https:\/\/www.asevegarches.fr\/blog\/#\/schema\/person\/2ca7f4ba994cf07016841fb21977dc5e","name":"Contact","image":{"@type":"ImageObject","inLanguage":"fr-FR","@id":"https:\/\/secure.gravatar.com\/avatar\/10a81d51f0ad649f0b6beba984c9ffc503584c1f3bcce223cbd240a46ebed48d?s=96&d=mm&r=g","url":"https:\/\/secure.gravatar.com\/avatar\/10a81d51f0ad649f0b6beba984c9ffc503584c1f3bcce223cbd240a46ebed48d?s=96&d=mm&r=g","contentUrl":"https:\/\/secure.gravatar.com\/avatar\/10a81d51f0ad649f0b6beba984c9ffc503584c1f3bcce223cbd240a46ebed48d?s=96&d=mm&r=g","caption":"Contact"},"url":"https:\/\/www.asevegarches.fr\/blog\/author\/daniele\/"}]}},"jetpack_featured_media_url":"","jetpack_sharing_enabled":true,"jetpack_shortlink":"https:\/\/wp.me\/p6YGVC-V7","jetpack-related-posts":[{"id":3533,"url":"https:\/\/www.asevegarches.fr\/blog\/2024\/09\/08\/le-vrai-du-faux-de-lelectricite-verte\/","url_meta":{"origin":3541,"position":0},"title":"Le vrai du faux de l&rsquo;\u00e9lectricit\u00e9 verte","author":"Contact","date":"8 septembre 2024","format":false,"excerpt":"l Aujourd\u2019hui, de nombreuses offres d\u2019\u00e9lectricit\u00e9 sont dites \u00ab vertes \u00bb. Mais qu\u2019est-ce que cela signifie ? Comment faire le bon choix ? Est-ce \u00e9conomique ? Qu\u2019est-ce que le label VertVolt ? D\u00e9m\u00ealons le vrai du faux avec Johann Thomas, coordinateur scientifique et technique de l\u2019ADEME. La plupart des offres\u2026","rel":"","context":"Dans &quot;Actualit\u00e9s&quot;","block_context":{"text":"Actualit\u00e9s","link":"https:\/\/www.asevegarches.fr\/blog\/category\/actualites\/"},"img":{"alt_text":"","src":"https:\/\/i0.wp.com\/www.asevegarches.fr\/blog\/wp-content\/uploads\/2024\/09\/Electricite-verte-24-09-08.png?resize=350%2C200&ssl=1","width":350,"height":200,"srcset":"https:\/\/i0.wp.com\/www.asevegarches.fr\/blog\/wp-content\/uploads\/2024\/09\/Electricite-verte-24-09-08.png?resize=350%2C200&ssl=1 1x, https:\/\/i0.wp.com\/www.asevegarches.fr\/blog\/wp-content\/uploads\/2024\/09\/Electricite-verte-24-09-08.png?resize=525%2C300&ssl=1 1.5x, https:\/\/i0.wp.com\/www.asevegarches.fr\/blog\/wp-content\/uploads\/2024\/09\/Electricite-verte-24-09-08.png?resize=700%2C400&ssl=1 2x, https:\/\/i0.wp.com\/www.asevegarches.fr\/blog\/wp-content\/uploads\/2024\/09\/Electricite-verte-24-09-08.png?resize=1050%2C600&ssl=1 3x"},"classes":[]},{"id":3795,"url":"https:\/\/www.asevegarches.fr\/blog\/2025\/10\/21\/etat-de-la-biodiversite-dans-le-monde-et-en-europe\/","url_meta":{"origin":3541,"position":1},"title":"Etat de la \u00ab\u00a0BIODIVERSIT\u00c9\u00a0\u00bb dans le monde et en Europe","author":"aseve","date":"21 octobre 2025","format":false,"excerpt":"Sur l\u2019ensemble du continent europ\u00e9en, plus de 80 % des habitats naturels sont dans un mauvais \u00e9tat de conservation. Avec sa strat\u00e9gie de protection de la biodiversit\u00e9, la Commission europ\u00e9enne veut restaurer les \u00e9cosyst\u00e8mes et prot\u00e9ger 30 % de la superficie marine et terrestre de l'UE \u00e0 horizon 2030. Selon\u2026","rel":"","context":"Dans &quot;Actualit\u00e9s&quot;","block_context":{"text":"Actualit\u00e9s","link":"https:\/\/www.asevegarches.fr\/blog\/category\/actualites\/"},"img":{"alt_text":"","src":"https:\/\/i0.wp.com\/www.asevegarches.fr\/blog\/wp-content\/uploads\/2025\/10\/20140412_155900-edited-1-scaled.jpg?resize=350%2C200&ssl=1","width":350,"height":200,"srcset":"https:\/\/i0.wp.com\/www.asevegarches.fr\/blog\/wp-content\/uploads\/2025\/10\/20140412_155900-edited-1-scaled.jpg?resize=350%2C200&ssl=1 1x, https:\/\/i0.wp.com\/www.asevegarches.fr\/blog\/wp-content\/uploads\/2025\/10\/20140412_155900-edited-1-scaled.jpg?resize=525%2C300&ssl=1 1.5x, https:\/\/i0.wp.com\/www.asevegarches.fr\/blog\/wp-content\/uploads\/2025\/10\/20140412_155900-edited-1-scaled.jpg?resize=700%2C400&ssl=1 2x, https:\/\/i0.wp.com\/www.asevegarches.fr\/blog\/wp-content\/uploads\/2025\/10\/20140412_155900-edited-1-scaled.jpg?resize=1050%2C600&ssl=1 3x, https:\/\/i0.wp.com\/www.asevegarches.fr\/blog\/wp-content\/uploads\/2025\/10\/20140412_155900-edited-1-scaled.jpg?resize=1400%2C800&ssl=1 4x"},"classes":[]},{"id":3754,"url":"https:\/\/www.asevegarches.fr\/blog\/2025\/06\/14\/reparer-plutot-que-jeter-ou-en-sont-les-francais\/","url_meta":{"origin":3541,"position":2},"title":"R\u00e9parer plut\u00f4t que jeter : o\u00f9 en sont les Fran\u00e7ais ?","author":"Jean-Claude MASSIAS","date":"14 juin 2025","format":false,"excerpt":"La r\u00e9paration s\u00e9duit de plus en plus de Fran\u00e7ais, qui y voient un moyen concret de lutter contre la surconsommation et de pr\u00e9server l\u2019environnement. Si cette dynamique est prometteuse, elle se heurte encore \u00e0 plusieurs obstacles. Pour transformer l\u2019essai, l\u2019offre de r\u00e9paration doit \u00eatre plus visible, plus simple et plus\u2026","rel":"","context":"Dans &quot;Actualit\u00e9s&quot;","block_context":{"text":"Actualit\u00e9s","link":"https:\/\/www.asevegarches.fr\/blog\/category\/actualites\/"},"img":{"alt_text":"","src":"https:\/\/i0.wp.com\/www.asevegarches.fr\/blog\/wp-content\/uploads\/2025\/06\/Reparer-plutot-que-jeter.jpg?resize=350%2C200&ssl=1","width":350,"height":200},"classes":[]},{"id":3830,"url":"https:\/\/www.asevegarches.fr\/blog\/2025\/12\/11\/labels-bios-comment-vous-y-retrouver\/","url_meta":{"origin":3541,"position":3},"title":"Labels bios\u00a0: comment vous y retrouver\u00a0?","author":"aseve","date":"11 d\u00e9cembre 2025","format":false,"excerpt":"Qu'est-ce qu'un produit bio ? Pour \u00eatre consid\u00e9r\u00e9 comme bio, un produit doit r\u00e9pondre aux exigences de la\u00a0r\u00e9glementation europ\u00e9enne en agriculture biologique, notamment : aucune utilisation de produits chimiques de synth\u00e8se\u00a0(pesticides, engrais, d\u00e9sherbants...), aucune utilisation d\u2019OGM, respect du bien-\u00eatre animal\u00a0(transport, conditions d\u2019\u00e9levage, abattage\u2026), pour les produits transform\u00e9s, au moins 95%\u2026","rel":"","context":"Dans &quot;Actualit\u00e9s&quot;","block_context":{"text":"Actualit\u00e9s","link":"https:\/\/www.asevegarches.fr\/blog\/category\/actualites\/"},"img":{"alt_text":"","src":"https:\/\/i0.wp.com\/www.asevegarches.fr\/blog\/wp-content\/uploads\/2025\/12\/Photo-produits-bio-e1765477686836.jpg?resize=350%2C200&ssl=1","width":350,"height":200},"classes":[]},{"id":3487,"url":"https:\/\/www.asevegarches.fr\/blog\/2024\/07\/10\/quel-equipement-pour-faire-son-compost\/","url_meta":{"origin":3541,"position":4},"title":"QUEL \u00c9QUIPEMENT POUR FAIRE SON COMPOST ?","author":"aseve","date":"10 juillet 2024","format":false,"excerpt":"Il existe diffe\u0301rents types de syste\u0300mes pour faire du compost a\u0300 domicile avec ses de\u0301chets alimentaires et les ve\u0301ge\u0301taux coupe\u0301s du jardin. Quels sont-ils et ont-ils tous la me\u0302me efficacite\u0301 ? Cliquez ici, l\u2019ADEME vous donne toutes les solutions et la d\u00e9marche \u00e0 suivre","rel":"","context":"Dans &quot;Actualit\u00e9s&quot;","block_context":{"text":"Actualit\u00e9s","link":"https:\/\/www.asevegarches.fr\/blog\/category\/actualites\/"},"img":{"alt_text":"","src":"","width":0,"height":0},"classes":[]},{"id":3136,"url":"https:\/\/www.asevegarches.fr\/blog\/2021\/03\/25\/foret-domaniale-de-malmaisonbois-de-saint-cucufa-analyse-dossier-suite-a-rencontre-lonf\/","url_meta":{"origin":3541,"position":5},"title":"For\u00eat Domaniale de la Malmaison\/Bois de Saint Cucufa : analyse du dossier suite \u00e0 la rencontre avec l\u2019ONF.","author":"Contact","date":"25 mars 2021","format":false,"excerpt":"Depuis quelques mois, des voix se font entendre pour d\u00e9noncer les abattages ex\u00e9cut\u00e9s dans la For\u00eat Domaniale de la Malmaison, bois de St Cucufa par l\u2019ONF. Deux conceptions et deux approches diff\u00e9rentes de la gestion des espaces bois\u00e9s\u00a0: D\u2019un c\u00f4t\u00e9 des riverains, surpris, inquiets et constern\u00e9s, qui voient se modifier\u2026","rel":"","context":"Dans &quot;Actualit\u00e9s&quot;","block_context":{"text":"Actualit\u00e9s","link":"https:\/\/www.asevegarches.fr\/blog\/category\/actualites\/"},"img":{"alt_text":"","src":"https:\/\/i0.wp.com\/www.asevegarches.fr\/blog\/wp-content\/uploads\/2020\/05\/aseve4-219x300.jpg?resize=350%2C200&ssl=1","width":350,"height":200},"classes":[]}],"_links":{"self":[{"href":"https:\/\/www.asevegarches.fr\/blog\/wp-json\/wp\/v2\/posts\/3541","targetHints":{"allow":["GET"]}}],"collection":[{"href":"https:\/\/www.asevegarches.fr\/blog\/wp-json\/wp\/v2\/posts"}],"about":[{"href":"https:\/\/www.asevegarches.fr\/blog\/wp-json\/wp\/v2\/types\/post"}],"author":[{"embeddable":true,"href":"https:\/\/www.asevegarches.fr\/blog\/wp-json\/wp\/v2\/users\/15"}],"replies":[{"embeddable":true,"href":"https:\/\/www.asevegarches.fr\/blog\/wp-json\/wp\/v2\/comments?post=3541"}],"version-history":[{"count":2,"href":"https:\/\/www.asevegarches.fr\/blog\/wp-json\/wp\/v2\/posts\/3541\/revisions"}],"predecessor-version":[{"id":3562,"href":"https:\/\/www.asevegarches.fr\/blog\/wp-json\/wp\/v2\/posts\/3541\/revisions\/3562"}],"wp:attachment":[{"href":"https:\/\/www.asevegarches.fr\/blog\/wp-json\/wp\/v2\/media?parent=3541"}],"wp:term":[{"taxonomy":"category","embeddable":true,"href":"https:\/\/www.asevegarches.fr\/blog\/wp-json\/wp\/v2\/categories?post=3541"},{"taxonomy":"post_tag","embeddable":true,"href":"https:\/\/www.asevegarches.fr\/blog\/wp-json\/wp\/v2\/tags?post=3541"}],"curies":[{"name":"wp","href":"https:\/\/api.w.org\/{rel}","templated":true}]}}