{"id":3467,"date":"2024-07-09T11:32:26","date_gmt":"2024-07-09T10:32:26","guid":{"rendered":"https:\/\/www.asevegarches.fr\/blog\/?p=3467"},"modified":"2024-07-10T19:32:25","modified_gmt":"2024-07-10T18:32:25","slug":"feux-de-foret-et-de-vegetation-ayons-les-bons-reflexes","status":"publish","type":"post","link":"https:\/\/www.asevegarches.fr\/blog\/2024\/07\/09\/feux-de-foret-et-de-vegetation-ayons-les-bons-reflexes\/","title":{"rendered":"Feux de for\u00eat et de v\u00e9g\u00e9tation : ayons les bons r\u00e9flexes !"},"content":{"rendered":"\n<p><\/p>\n\n\n<div class=\"wp-block-image\">\n<figure class=\"aligncenter size-full\"><a href=\"https:\/\/www.asevegarches.fr\/blog\/wp-content\/uploads\/2024\/07\/feu-foret.png\"><img loading=\"lazy\" decoding=\"async\" width=\"849\" height=\"239\" data-attachment-id=\"3468\" data-permalink=\"https:\/\/www.asevegarches.fr\/blog\/feu-foret\/\" data-orig-file=\"https:\/\/www.asevegarches.fr\/blog\/wp-content\/uploads\/2024\/07\/feu-foret.png\" data-orig-size=\"849,239\" data-comments-opened=\"0\" data-image-meta=\"{&quot;aperture&quot;:&quot;0&quot;,&quot;credit&quot;:&quot;&quot;,&quot;camera&quot;:&quot;&quot;,&quot;caption&quot;:&quot;&quot;,&quot;created_timestamp&quot;:&quot;0&quot;,&quot;copyright&quot;:&quot;&quot;,&quot;focal_length&quot;:&quot;0&quot;,&quot;iso&quot;:&quot;0&quot;,&quot;shutter_speed&quot;:&quot;0&quot;,&quot;title&quot;:&quot;&quot;,&quot;orientation&quot;:&quot;0&quot;}\" data-image-title=\"feu foret\" data-image-description=\"\" data-image-caption=\"\" data-large-file=\"https:\/\/www.asevegarches.fr\/blog\/wp-content\/uploads\/2024\/07\/feu-foret.png\" src=\"https:\/\/www.asevegarches.fr\/blog\/wp-content\/uploads\/2024\/07\/feu-foret.png\" alt=\"\" class=\"wp-image-3468\" srcset=\"https:\/\/www.asevegarches.fr\/blog\/wp-content\/uploads\/2024\/07\/feu-foret.png 849w, https:\/\/www.asevegarches.fr\/blog\/wp-content\/uploads\/2024\/07\/feu-foret-300x84.png 300w, https:\/\/www.asevegarches.fr\/blog\/wp-content\/uploads\/2024\/07\/feu-foret-768x216.png 768w, https:\/\/www.asevegarches.fr\/blog\/wp-content\/uploads\/2024\/07\/feu-foret-600x169.png 600w\" sizes=\"auto, (max-width: 849px) 100vw, 849px\" \/><\/a><\/figure>\n<\/div>\n\n\n<p class=\"has-text-align-center\">Bastien Guerche\/S\u00e9curit\u00e9 civile<\/p>\n\n\n\n<p class=\"has-text-align-center\"><strong>Un feu de v\u00e9g\u00e9tation <\/strong>d\u00e9marre du sol et, dans 9 cas sur 10, \u00e0 cause d\u2019une action humaine. Les \u00e9l\u00e9ments fins de la v\u00e9g\u00e9tation s&rsquo;enflamment (herbes, broussailles, petites branches, aiguilles, etc.) et le feu se propage gr\u00e2ce aux arbustes et branches mortes plus proches du sol vers les cimes des arbres.<\/p>\n\n\n\n<p><\/p>\n\n\n\n<h3 class=\"wp-block-heading\">Comprendre les feux de for\u00eat et de v\u00e9g\u00e9tation en France<\/h3>\n\n\n\n<p>9 feux de for\u00eat sur 10 sont d&rsquo;origine humaine, dont la moiti\u00e9 par imprudence : ayons les bons r\u00e9flexes pour pr\u00e9venir les feux de for\u00eat et de v\u00e9g\u00e9tation.<\/p>\n\n\n\n<p class=\"has-vivid-green-cyan-color has-text-color has-link-color wp-elements-db32862cf51cfc660f5f228d28074347\"><a href=\"https:\/\/www.asevegarches.fr\/blog\/wp-content\/uploads\/2024\/07\/Feux-de-foret-et-de-vegetation.pdf\">Lire la suite de l&rsquo;article<\/a><\/p>\n","protected":false},"excerpt":{"rendered":"<p>Bastien Guerche\/S\u00e9curit\u00e9 civile Un feu de v\u00e9g\u00e9tation d\u00e9marre du sol et, dans 9 cas sur 10, \u00e0 cause d\u2019une action humaine. Les \u00e9l\u00e9ments fins de la v\u00e9g\u00e9tation s&rsquo;enflamment (herbes, broussailles, petites branches, aiguilles, etc.) et le feu se propage gr\u00e2ce<\/p>\n","protected":false},"author":1,"featured_media":0,"comment_status":"closed","ping_status":"open","sticky":false,"template":"","format":"standard","meta":{"_jetpack_newsletter_access":"","_jetpack_dont_email_post_to_subs":false,"_jetpack_newsletter_tier_id":0,"_jetpack_memberships_contains_paywalled_content":false,"_jetpack_memberships_contains_paid_content":false,"footnotes":""},"categories":[7],"tags":[],"class_list":["post-3467","post","type-post","status-publish","format-standard","hentry","category-actualites"],"yoast_head":"<!-- This site is optimized with the Yoast SEO plugin v27.4 - https:\/\/yoast.com\/product\/yoast-seo-wordpress\/ -->\n<title>Feux de for\u00eat et de v\u00e9g\u00e9tation : ayons les bons r\u00e9flexes ! - ASEVE GARCHES<\/title>\n<meta name=\"robots\" content=\"index, follow, max-snippet:-1, max-image-preview:large, max-video-preview:-1\" \/>\n<link rel=\"canonical\" href=\"https:\/\/www.asevegarches.fr\/blog\/2024\/07\/09\/feux-de-foret-et-de-vegetation-ayons-les-bons-reflexes\/\" \/>\n<meta property=\"og:locale\" content=\"fr_FR\" \/>\n<meta property=\"og:type\" content=\"article\" \/>\n<meta property=\"og:title\" content=\"Feux de for\u00eat et de v\u00e9g\u00e9tation : ayons les bons r\u00e9flexes ! - ASEVE GARCHES\" \/>\n<meta property=\"og:description\" content=\"Bastien Guerche\/S\u00e9curit\u00e9 civile Un feu de v\u00e9g\u00e9tation d\u00e9marre du sol et, dans 9 cas sur 10, \u00e0 cause d\u2019une action humaine. Les \u00e9l\u00e9ments fins de la v\u00e9g\u00e9tation s&rsquo;enflamment (herbes, broussailles, petites branches, aiguilles, etc.) et le feu se propage gr\u00e2ce\" \/>\n<meta property=\"og:url\" content=\"https:\/\/www.asevegarches.fr\/blog\/2024\/07\/09\/feux-de-foret-et-de-vegetation-ayons-les-bons-reflexes\/\" \/>\n<meta property=\"og:site_name\" content=\"ASEVE GARCHES\" \/>\n<meta property=\"article:published_time\" content=\"2024-07-09T10:32:26+00:00\" \/>\n<meta property=\"article:modified_time\" content=\"2024-07-10T18:32:25+00:00\" \/>\n<meta property=\"og:image\" content=\"https:\/\/www.asevegarches.fr\/blog\/wp-content\/uploads\/2024\/07\/feu-foret.png\" \/>\n<meta name=\"author\" content=\"aseve\" \/>\n<meta name=\"twitter:card\" content=\"summary_large_image\" \/>\n<meta name=\"twitter:label1\" content=\"\u00c9crit par\" \/>\n\t<meta name=\"twitter:data1\" content=\"aseve\" \/>\n\t<meta name=\"twitter:label2\" content=\"Dur\u00e9e de lecture estim\u00e9e\" \/>\n\t<meta name=\"twitter:data2\" content=\"1 minute\" \/>\n<script type=\"application\/ld+json\" class=\"yoast-schema-graph\">{\"@context\":\"https:\\\/\\\/schema.org\",\"@graph\":[{\"@type\":\"Article\",\"@id\":\"https:\\\/\\\/www.asevegarches.fr\\\/blog\\\/2024\\\/07\\\/09\\\/feux-de-foret-et-de-vegetation-ayons-les-bons-reflexes\\\/#article\",\"isPartOf\":{\"@id\":\"https:\\\/\\\/www.asevegarches.fr\\\/blog\\\/2024\\\/07\\\/09\\\/feux-de-foret-et-de-vegetation-ayons-les-bons-reflexes\\\/\"},\"author\":{\"name\":\"aseve\",\"@id\":\"https:\\\/\\\/www.asevegarches.fr\\\/blog\\\/#\\\/schema\\\/person\\\/428c8c0bdd5ce55a52d81a86ee606c15\"},\"headline\":\"Feux de for\u00eat et de v\u00e9g\u00e9tation : ayons les bons r\u00e9flexes !\",\"datePublished\":\"2024-07-09T10:32:26+00:00\",\"dateModified\":\"2024-07-10T18:32:25+00:00\",\"mainEntityOfPage\":{\"@id\":\"https:\\\/\\\/www.asevegarches.fr\\\/blog\\\/2024\\\/07\\\/09\\\/feux-de-foret-et-de-vegetation-ayons-les-bons-reflexes\\\/\"},\"wordCount\":124,\"publisher\":{\"@id\":\"https:\\\/\\\/www.asevegarches.fr\\\/blog\\\/#organization\"},\"image\":{\"@id\":\"https:\\\/\\\/www.asevegarches.fr\\\/blog\\\/2024\\\/07\\\/09\\\/feux-de-foret-et-de-vegetation-ayons-les-bons-reflexes\\\/#primaryimage\"},\"thumbnailUrl\":\"https:\\\/\\\/www.asevegarches.fr\\\/blog\\\/wp-content\\\/uploads\\\/2024\\\/07\\\/feu-foret.png\",\"articleSection\":[\"Actualit\u00e9s\"],\"inLanguage\":\"fr-FR\"},{\"@type\":\"WebPage\",\"@id\":\"https:\\\/\\\/www.asevegarches.fr\\\/blog\\\/2024\\\/07\\\/09\\\/feux-de-foret-et-de-vegetation-ayons-les-bons-reflexes\\\/\",\"url\":\"https:\\\/\\\/www.asevegarches.fr\\\/blog\\\/2024\\\/07\\\/09\\\/feux-de-foret-et-de-vegetation-ayons-les-bons-reflexes\\\/\",\"name\":\"Feux de for\u00eat et de v\u00e9g\u00e9tation : ayons les bons r\u00e9flexes ! - ASEVE GARCHES\",\"isPartOf\":{\"@id\":\"https:\\\/\\\/www.asevegarches.fr\\\/blog\\\/#website\"},\"primaryImageOfPage\":{\"@id\":\"https:\\\/\\\/www.asevegarches.fr\\\/blog\\\/2024\\\/07\\\/09\\\/feux-de-foret-et-de-vegetation-ayons-les-bons-reflexes\\\/#primaryimage\"},\"image\":{\"@id\":\"https:\\\/\\\/www.asevegarches.fr\\\/blog\\\/2024\\\/07\\\/09\\\/feux-de-foret-et-de-vegetation-ayons-les-bons-reflexes\\\/#primaryimage\"},\"thumbnailUrl\":\"https:\\\/\\\/www.asevegarches.fr\\\/blog\\\/wp-content\\\/uploads\\\/2024\\\/07\\\/feu-foret.png\",\"datePublished\":\"2024-07-09T10:32:26+00:00\",\"dateModified\":\"2024-07-10T18:32:25+00:00\",\"breadcrumb\":{\"@id\":\"https:\\\/\\\/www.asevegarches.fr\\\/blog\\\/2024\\\/07\\\/09\\\/feux-de-foret-et-de-vegetation-ayons-les-bons-reflexes\\\/#breadcrumb\"},\"inLanguage\":\"fr-FR\",\"potentialAction\":[{\"@type\":\"ReadAction\",\"target\":[\"https:\\\/\\\/www.asevegarches.fr\\\/blog\\\/2024\\\/07\\\/09\\\/feux-de-foret-et-de-vegetation-ayons-les-bons-reflexes\\\/\"]}]},{\"@type\":\"ImageObject\",\"inLanguage\":\"fr-FR\",\"@id\":\"https:\\\/\\\/www.asevegarches.fr\\\/blog\\\/2024\\\/07\\\/09\\\/feux-de-foret-et-de-vegetation-ayons-les-bons-reflexes\\\/#primaryimage\",\"url\":\"https:\\\/\\\/www.asevegarches.fr\\\/blog\\\/wp-content\\\/uploads\\\/2024\\\/07\\\/feu-foret.png\",\"contentUrl\":\"https:\\\/\\\/www.asevegarches.fr\\\/blog\\\/wp-content\\\/uploads\\\/2024\\\/07\\\/feu-foret.png\",\"width\":849,\"height\":239},{\"@type\":\"BreadcrumbList\",\"@id\":\"https:\\\/\\\/www.asevegarches.fr\\\/blog\\\/2024\\\/07\\\/09\\\/feux-de-foret-et-de-vegetation-ayons-les-bons-reflexes\\\/#breadcrumb\",\"itemListElement\":[{\"@type\":\"ListItem\",\"position\":1,\"name\":\"Accueil\",\"item\":\"https:\\\/\\\/www.asevegarches.fr\\\/blog\\\/\"},{\"@type\":\"ListItem\",\"position\":2,\"name\":\"Feux de for\u00eat et de v\u00e9g\u00e9tation : ayons les bons r\u00e9flexes !\"}]},{\"@type\":\"WebSite\",\"@id\":\"https:\\\/\\\/www.asevegarches.fr\\\/blog\\\/#website\",\"url\":\"https:\\\/\\\/www.asevegarches.fr\\\/blog\\\/\",\"name\":\"ASEVE GARCHES\",\"description\":\"\",\"publisher\":{\"@id\":\"https:\\\/\\\/www.asevegarches.fr\\\/blog\\\/#organization\"},\"potentialAction\":[{\"@type\":\"SearchAction\",\"target\":{\"@type\":\"EntryPoint\",\"urlTemplate\":\"https:\\\/\\\/www.asevegarches.fr\\\/blog\\\/?s={search_term_string}\"},\"query-input\":{\"@type\":\"PropertyValueSpecification\",\"valueRequired\":true,\"valueName\":\"search_term_string\"}}],\"inLanguage\":\"fr-FR\"},{\"@type\":\"Organization\",\"@id\":\"https:\\\/\\\/www.asevegarches.fr\\\/blog\\\/#organization\",\"name\":\"Association de Sauvegarde des Espaces Verts et de l'Environnement\",\"alternateName\":\"ASEVE\",\"url\":\"https:\\\/\\\/www.asevegarches.fr\\\/blog\\\/\",\"logo\":{\"@type\":\"ImageObject\",\"inLanguage\":\"fr-FR\",\"@id\":\"https:\\\/\\\/www.asevegarches.fr\\\/blog\\\/#\\\/schema\\\/logo\\\/image\\\/\",\"url\":\"https:\\\/\\\/i0.wp.com\\\/www.asevegarches.fr\\\/blog\\\/wp-content\\\/uploads\\\/2022\\\/10\\\/LOGO_logo-facebook.jpg?fit=1501%2C1501\",\"contentUrl\":\"https:\\\/\\\/i0.wp.com\\\/www.asevegarches.fr\\\/blog\\\/wp-content\\\/uploads\\\/2022\\\/10\\\/LOGO_logo-facebook.jpg?fit=1501%2C1501\",\"width\":1501,\"height\":1501,\"caption\":\"Association de Sauvegarde des Espaces Verts et de l'Environnement\"},\"image\":{\"@id\":\"https:\\\/\\\/www.asevegarches.fr\\\/blog\\\/#\\\/schema\\\/logo\\\/image\\\/\"}},{\"@type\":\"Person\",\"@id\":\"https:\\\/\\\/www.asevegarches.fr\\\/blog\\\/#\\\/schema\\\/person\\\/428c8c0bdd5ce55a52d81a86ee606c15\",\"name\":\"aseve\",\"image\":{\"@type\":\"ImageObject\",\"inLanguage\":\"fr-FR\",\"@id\":\"https:\\\/\\\/secure.gravatar.com\\\/avatar\\\/ecef828e21d04ee42984b2273fa699b5c50be14dac440c25fd3edc29fb334f7b?s=96&d=mm&r=g\",\"url\":\"https:\\\/\\\/secure.gravatar.com\\\/avatar\\\/ecef828e21d04ee42984b2273fa699b5c50be14dac440c25fd3edc29fb334f7b?s=96&d=mm&r=g\",\"contentUrl\":\"https:\\\/\\\/secure.gravatar.com\\\/avatar\\\/ecef828e21d04ee42984b2273fa699b5c50be14dac440c25fd3edc29fb334f7b?s=96&d=mm&r=g\",\"caption\":\"aseve\"},\"url\":\"https:\\\/\\\/www.asevegarches.fr\\\/blog\\\/author\\\/admin\\\/\"}]}<\/script>\n<!-- \/ Yoast SEO plugin. -->","yoast_head_json":{"title":"Feux de for\u00eat et de v\u00e9g\u00e9tation : ayons les bons r\u00e9flexes ! - ASEVE GARCHES","robots":{"index":"index","follow":"follow","max-snippet":"max-snippet:-1","max-image-preview":"max-image-preview:large","max-video-preview":"max-video-preview:-1"},"canonical":"https:\/\/www.asevegarches.fr\/blog\/2024\/07\/09\/feux-de-foret-et-de-vegetation-ayons-les-bons-reflexes\/","og_locale":"fr_FR","og_type":"article","og_title":"Feux de for\u00eat et de v\u00e9g\u00e9tation : ayons les bons r\u00e9flexes ! - ASEVE GARCHES","og_description":"Bastien Guerche\/S\u00e9curit\u00e9 civile Un feu de v\u00e9g\u00e9tation d\u00e9marre du sol et, dans 9 cas sur 10, \u00e0 cause d\u2019une action humaine. Les \u00e9l\u00e9ments fins de la v\u00e9g\u00e9tation s&rsquo;enflamment (herbes, broussailles, petites branches, aiguilles, etc.) et le feu se propage gr\u00e2ce","og_url":"https:\/\/www.asevegarches.fr\/blog\/2024\/07\/09\/feux-de-foret-et-de-vegetation-ayons-les-bons-reflexes\/","og_site_name":"ASEVE GARCHES","article_published_time":"2024-07-09T10:32:26+00:00","article_modified_time":"2024-07-10T18:32:25+00:00","og_image":[{"url":"https:\/\/www.asevegarches.fr\/blog\/wp-content\/uploads\/2024\/07\/feu-foret.png","type":"","width":"","height":""}],"author":"aseve","twitter_card":"summary_large_image","twitter_misc":{"\u00c9crit par":"aseve","Dur\u00e9e de lecture estim\u00e9e":"1 minute"},"schema":{"@context":"https:\/\/schema.org","@graph":[{"@type":"Article","@id":"https:\/\/www.asevegarches.fr\/blog\/2024\/07\/09\/feux-de-foret-et-de-vegetation-ayons-les-bons-reflexes\/#article","isPartOf":{"@id":"https:\/\/www.asevegarches.fr\/blog\/2024\/07\/09\/feux-de-foret-et-de-vegetation-ayons-les-bons-reflexes\/"},"author":{"name":"aseve","@id":"https:\/\/www.asevegarches.fr\/blog\/#\/schema\/person\/428c8c0bdd5ce55a52d81a86ee606c15"},"headline":"Feux de for\u00eat et de v\u00e9g\u00e9tation : ayons les bons r\u00e9flexes !","datePublished":"2024-07-09T10:32:26+00:00","dateModified":"2024-07-10T18:32:25+00:00","mainEntityOfPage":{"@id":"https:\/\/www.asevegarches.fr\/blog\/2024\/07\/09\/feux-de-foret-et-de-vegetation-ayons-les-bons-reflexes\/"},"wordCount":124,"publisher":{"@id":"https:\/\/www.asevegarches.fr\/blog\/#organization"},"image":{"@id":"https:\/\/www.asevegarches.fr\/blog\/2024\/07\/09\/feux-de-foret-et-de-vegetation-ayons-les-bons-reflexes\/#primaryimage"},"thumbnailUrl":"https:\/\/www.asevegarches.fr\/blog\/wp-content\/uploads\/2024\/07\/feu-foret.png","articleSection":["Actualit\u00e9s"],"inLanguage":"fr-FR"},{"@type":"WebPage","@id":"https:\/\/www.asevegarches.fr\/blog\/2024\/07\/09\/feux-de-foret-et-de-vegetation-ayons-les-bons-reflexes\/","url":"https:\/\/www.asevegarches.fr\/blog\/2024\/07\/09\/feux-de-foret-et-de-vegetation-ayons-les-bons-reflexes\/","name":"Feux de for\u00eat et de v\u00e9g\u00e9tation : ayons les bons r\u00e9flexes ! - ASEVE GARCHES","isPartOf":{"@id":"https:\/\/www.asevegarches.fr\/blog\/#website"},"primaryImageOfPage":{"@id":"https:\/\/www.asevegarches.fr\/blog\/2024\/07\/09\/feux-de-foret-et-de-vegetation-ayons-les-bons-reflexes\/#primaryimage"},"image":{"@id":"https:\/\/www.asevegarches.fr\/blog\/2024\/07\/09\/feux-de-foret-et-de-vegetation-ayons-les-bons-reflexes\/#primaryimage"},"thumbnailUrl":"https:\/\/www.asevegarches.fr\/blog\/wp-content\/uploads\/2024\/07\/feu-foret.png","datePublished":"2024-07-09T10:32:26+00:00","dateModified":"2024-07-10T18:32:25+00:00","breadcrumb":{"@id":"https:\/\/www.asevegarches.fr\/blog\/2024\/07\/09\/feux-de-foret-et-de-vegetation-ayons-les-bons-reflexes\/#breadcrumb"},"inLanguage":"fr-FR","potentialAction":[{"@type":"ReadAction","target":["https:\/\/www.asevegarches.fr\/blog\/2024\/07\/09\/feux-de-foret-et-de-vegetation-ayons-les-bons-reflexes\/"]}]},{"@type":"ImageObject","inLanguage":"fr-FR","@id":"https:\/\/www.asevegarches.fr\/blog\/2024\/07\/09\/feux-de-foret-et-de-vegetation-ayons-les-bons-reflexes\/#primaryimage","url":"https:\/\/www.asevegarches.fr\/blog\/wp-content\/uploads\/2024\/07\/feu-foret.png","contentUrl":"https:\/\/www.asevegarches.fr\/blog\/wp-content\/uploads\/2024\/07\/feu-foret.png","width":849,"height":239},{"@type":"BreadcrumbList","@id":"https:\/\/www.asevegarches.fr\/blog\/2024\/07\/09\/feux-de-foret-et-de-vegetation-ayons-les-bons-reflexes\/#breadcrumb","itemListElement":[{"@type":"ListItem","position":1,"name":"Accueil","item":"https:\/\/www.asevegarches.fr\/blog\/"},{"@type":"ListItem","position":2,"name":"Feux de for\u00eat et de v\u00e9g\u00e9tation : ayons les bons r\u00e9flexes !"}]},{"@type":"WebSite","@id":"https:\/\/www.asevegarches.fr\/blog\/#website","url":"https:\/\/www.asevegarches.fr\/blog\/","name":"ASEVE GARCHES","description":"","publisher":{"@id":"https:\/\/www.asevegarches.fr\/blog\/#organization"},"potentialAction":[{"@type":"SearchAction","target":{"@type":"EntryPoint","urlTemplate":"https:\/\/www.asevegarches.fr\/blog\/?s={search_term_string}"},"query-input":{"@type":"PropertyValueSpecification","valueRequired":true,"valueName":"search_term_string"}}],"inLanguage":"fr-FR"},{"@type":"Organization","@id":"https:\/\/www.asevegarches.fr\/blog\/#organization","name":"Association de Sauvegarde des Espaces Verts et de l'Environnement","alternateName":"ASEVE","url":"https:\/\/www.asevegarches.fr\/blog\/","logo":{"@type":"ImageObject","inLanguage":"fr-FR","@id":"https:\/\/www.asevegarches.fr\/blog\/#\/schema\/logo\/image\/","url":"https:\/\/i0.wp.com\/www.asevegarches.fr\/blog\/wp-content\/uploads\/2022\/10\/LOGO_logo-facebook.jpg?fit=1501%2C1501","contentUrl":"https:\/\/i0.wp.com\/www.asevegarches.fr\/blog\/wp-content\/uploads\/2022\/10\/LOGO_logo-facebook.jpg?fit=1501%2C1501","width":1501,"height":1501,"caption":"Association de Sauvegarde des Espaces Verts et de l'Environnement"},"image":{"@id":"https:\/\/www.asevegarches.fr\/blog\/#\/schema\/logo\/image\/"}},{"@type":"Person","@id":"https:\/\/www.asevegarches.fr\/blog\/#\/schema\/person\/428c8c0bdd5ce55a52d81a86ee606c15","name":"aseve","image":{"@type":"ImageObject","inLanguage":"fr-FR","@id":"https:\/\/secure.gravatar.com\/avatar\/ecef828e21d04ee42984b2273fa699b5c50be14dac440c25fd3edc29fb334f7b?s=96&d=mm&r=g","url":"https:\/\/secure.gravatar.com\/avatar\/ecef828e21d04ee42984b2273fa699b5c50be14dac440c25fd3edc29fb334f7b?s=96&d=mm&r=g","contentUrl":"https:\/\/secure.gravatar.com\/avatar\/ecef828e21d04ee42984b2273fa699b5c50be14dac440c25fd3edc29fb334f7b?s=96&d=mm&r=g","caption":"aseve"},"url":"https:\/\/www.asevegarches.fr\/blog\/author\/admin\/"}]}},"jetpack_featured_media_url":"","jetpack_sharing_enabled":true,"jetpack_shortlink":"https:\/\/wp.me\/p6YGVC-TV","jetpack-related-posts":[{"id":3823,"url":"https:\/\/www.asevegarches.fr\/blog\/2025\/12\/05\/la-gestion-de-leau-aujourdhui-un-defi-pour-demain\/","url_meta":{"origin":3467,"position":0},"title":"La gestion de l\u2019eau aujourd\u2019hui, un d\u00e9fi pour demain ?","author":"aseve","date":"5 d\u00e9cembre 2025","format":false,"excerpt":"L\u2019eau est une ressource indispensable pour notre sant\u00e9, nos \u00e9cosyst\u00e8mes et notre \u00e9conomie. C\u2019est aussi une ressource en tension, menac\u00e9e par le changement climatique et nos activit\u00e9s humaines.\u00a0 Alors l\u2019eau risque-t-elle de se faire de plus en plus rare dans les prochaines d\u00e9cennies ? Selon l\u2019Organisation des Nations Unies, la\u2026","rel":"","context":"Dans &quot;Actualit\u00e9s&quot;","block_context":{"text":"Actualit\u00e9s","link":"https:\/\/www.asevegarches.fr\/blog\/category\/actualites\/"},"img":{"alt_text":"","src":"https:\/\/i0.wp.com\/www.asevegarches.fr\/blog\/wp-content\/uploads\/2025\/12\/Gestion-de-leau-image-3-150x150.png?resize=350%2C200&ssl=1","width":350,"height":200},"classes":[]},{"id":2998,"url":"https:\/\/www.asevegarches.fr\/blog\/2020\/03\/03\/reponses-3-listes-aux-10-questions-de-laseve\/","url_meta":{"origin":3467,"position":1},"title":"Les r\u00e9ponses des 3 listes aux 10 questions de l&rsquo;ASEVE","author":"aseve","date":"3 mars 2020","format":false,"excerpt":"03\/03\/2020 Les 10 demandes de l'ASEVE 1-Une collecte des d\u00e9chets plus efficace -Passage de 3 \u00e0 2 collectes des d\u00e9chets m\u00e9nagers par semaine. -Suivi de l\u2019impact de l\u2019extension des consignes de tri sur le taux de remplissage des bacs jaunes. Ajustement \u00e9ventuel du nombre de collectes ou du nombre ou\u2026","rel":"","context":"Dans &quot;Actualit\u00e9s&quot;","block_context":{"text":"Actualit\u00e9s","link":"https:\/\/www.asevegarches.fr\/blog\/category\/actualites\/"},"img":{"alt_text":"","src":"https:\/\/i0.wp.com\/www.asevegarches.fr\/blog\/wp-content\/uploads\/2020\/02\/flag-3283466_1920-300x199.jpg?resize=350%2C200&ssl=1","width":350,"height":200},"classes":[]},{"id":2736,"url":"https:\/\/www.asevegarches.fr\/blog\/2019\/12\/16\/choisir-sapin-de-noel\/","url_meta":{"origin":3467,"position":2},"title":"COMMENT CHOISIR SON SAPIN DE NO\u00cbL ?","author":"aseve","date":"16 d\u00e9cembre 2019","format":false,"excerpt":"16\/12\/2019 No\u00ebl approche et vous vous demandez peut-\u00eatre comment choisir un sapin qui aurait moins d\u2019impact sur la plan\u00e8te\u00a0? Plusieurs options sont possibles\u00a0: Un vrai sapin\u00a0: Il est naturel, sent bon et il est biod\u00e9gradable. Choisissez-le fran\u00e7ais (il aura parcouru moins de kms), bio (il aura pouss\u00e9 sans engrais et\u2026","rel":"","context":"Dans &quot;Actualit\u00e9s&quot;","block_context":{"text":"Actualit\u00e9s","link":"https:\/\/www.asevegarches.fr\/blog\/category\/actualites\/"},"img":{"alt_text":"","src":"https:\/\/i0.wp.com\/www.asevegarches.fr\/blog\/wp-content\/uploads\/2019\/12\/Sans-titre-234x300.png?resize=350%2C200&ssl=1","width":350,"height":200},"classes":[]},{"id":3136,"url":"https:\/\/www.asevegarches.fr\/blog\/2021\/03\/25\/foret-domaniale-de-malmaisonbois-de-saint-cucufa-analyse-dossier-suite-a-rencontre-lonf\/","url_meta":{"origin":3467,"position":3},"title":"For\u00eat Domaniale de la Malmaison\/Bois de Saint Cucufa : analyse du dossier suite \u00e0 la rencontre avec l\u2019ONF.","author":"Contact","date":"25 mars 2021","format":false,"excerpt":"Depuis quelques mois, des voix se font entendre pour d\u00e9noncer les abattages ex\u00e9cut\u00e9s dans la For\u00eat Domaniale de la Malmaison, bois de St Cucufa par l\u2019ONF. Deux conceptions et deux approches diff\u00e9rentes de la gestion des espaces bois\u00e9s\u00a0: D\u2019un c\u00f4t\u00e9 des riverains, surpris, inquiets et constern\u00e9s, qui voient se modifier\u2026","rel":"","context":"Dans &quot;Actualit\u00e9s&quot;","block_context":{"text":"Actualit\u00e9s","link":"https:\/\/www.asevegarches.fr\/blog\/category\/actualites\/"},"img":{"alt_text":"","src":"https:\/\/i0.wp.com\/www.asevegarches.fr\/blog\/wp-content\/uploads\/2020\/05\/aseve4-219x300.jpg?resize=350%2C200&ssl=1","width":350,"height":200},"classes":[]},{"id":183,"url":"https:\/\/www.asevegarches.fr\/blog\/2015\/03\/06\/randonnees-pedestres\/","url_meta":{"origin":3467,"position":4},"title":"Randonn\u00e9es p\u00e9destres","author":"aseve","date":"6 mars 2015","format":false,"excerpt":"Par une apr\u00e8s-midi ensoleill\u00e9e, pr\u00e8s de 20 participants, membres de l'ASEVE,\u00a0ont parcouru les avenues, rues et sentes de Garches pour achever le recensement des arbres remarquables de notre ville.Cette p\u00e9riode hivernale est particuli\u00e8rement int\u00e9ressante pour appr\u00e9cier l'\u00e9quilibre des feuillus\u00a0(ch\u00eanes, h\u00eatres, ...), leur structure et leur ramure (branches charpenti\u00e8res et secondaires...).\u2026","rel":"","context":"Dans &quot;Actualit\u00e9s&quot;","block_context":{"text":"Actualit\u00e9s","link":"https:\/\/www.asevegarches.fr\/blog\/category\/actualites\/"},"img":{"alt_text":"","src":"https:\/\/i0.wp.com\/4.bp.blogspot.com\/-Iz9F9tq0ueY\/VPBQ24tCWBI\/AAAAAAAAAhk\/EAEKwRymBMA\/s1600\/100.Ch%C3%AAnes.7%2Call%C3%A9e-de-la-Marche.JPG?resize=350%2C200","width":350,"height":200},"classes":[]},{"id":3740,"url":"https:\/\/www.asevegarches.fr\/blog\/2025\/06\/13\/mers-et-oceans\/","url_meta":{"origin":3467,"position":5},"title":"MERS ET OC\u00c9ANS","author":"aseve","date":"13 juin 2025","format":false,"excerpt":"Alors qu'ils abritent des tr\u00e9sors de biodiversit\u00e9 et de pr\u00e9cieuses ressources pour les activit\u00e9s humaines, les oc\u00e9ans sont menac\u00e9s par la pollution et la surp\u00eache.\u00a0 De son c\u00f4t\u00e9, l'Union europ\u00e9enne tente de se positionner en acteur cl\u00e9, notamment en mati\u00e8re de d\u00e9carbonation du transport maritime ou de lutte contre les\u2026","rel":"","context":"Dans &quot;Actualit\u00e9s&quot;","block_context":{"text":"Actualit\u00e9s","link":"https:\/\/www.asevegarches.fr\/blog\/category\/actualites\/"},"img":{"alt_text":"","src":"https:\/\/i0.wp.com\/www.asevegarches.fr\/blog\/wp-content\/uploads\/2025\/06\/Image-oceans-02-150x150.jpg?resize=350%2C200&ssl=1","width":350,"height":200,"srcset":"https:\/\/i0.wp.com\/www.asevegarches.fr\/blog\/wp-content\/uploads\/2025\/06\/Image-oceans-02-150x150.jpg?resize=350%2C200&ssl=1 1x, https:\/\/i0.wp.com\/www.asevegarches.fr\/blog\/wp-content\/uploads\/2025\/06\/Image-oceans-02-150x150.jpg?resize=525%2C300&ssl=1 1.5x, https:\/\/i0.wp.com\/www.asevegarches.fr\/blog\/wp-content\/uploads\/2025\/06\/Image-oceans-02-150x150.jpg?resize=700%2C400&ssl=1 2x, https:\/\/i0.wp.com\/www.asevegarches.fr\/blog\/wp-content\/uploads\/2025\/06\/Image-oceans-02-150x150.jpg?resize=1050%2C600&ssl=1 3x"},"classes":[]}],"_links":{"self":[{"href":"https:\/\/www.asevegarches.fr\/blog\/wp-json\/wp\/v2\/posts\/3467","targetHints":{"allow":["GET"]}}],"collection":[{"href":"https:\/\/www.asevegarches.fr\/blog\/wp-json\/wp\/v2\/posts"}],"about":[{"href":"https:\/\/www.asevegarches.fr\/blog\/wp-json\/wp\/v2\/types\/post"}],"author":[{"embeddable":true,"href":"https:\/\/www.asevegarches.fr\/blog\/wp-json\/wp\/v2\/users\/1"}],"replies":[{"embeddable":true,"href":"https:\/\/www.asevegarches.fr\/blog\/wp-json\/wp\/v2\/comments?post=3467"}],"version-history":[{"count":3,"href":"https:\/\/www.asevegarches.fr\/blog\/wp-json\/wp\/v2\/posts\/3467\/revisions"}],"predecessor-version":[{"id":3503,"href":"https:\/\/www.asevegarches.fr\/blog\/wp-json\/wp\/v2\/posts\/3467\/revisions\/3503"}],"wp:attachment":[{"href":"https:\/\/www.asevegarches.fr\/blog\/wp-json\/wp\/v2\/media?parent=3467"}],"wp:term":[{"taxonomy":"category","embeddable":true,"href":"https:\/\/www.asevegarches.fr\/blog\/wp-json\/wp\/v2\/categories?post=3467"},{"taxonomy":"post_tag","embeddable":true,"href":"https:\/\/www.asevegarches.fr\/blog\/wp-json\/wp\/v2\/tags?post=3467"}],"curies":[{"name":"wp","href":"https:\/\/api.w.org\/{rel}","templated":true}]}}