{"id":3107,"date":"2020-12-31T20:14:26","date_gmt":"2020-12-31T19:14:26","guid":{"rendered":"https:\/\/www.asevegarches.fr\/blog\/?p=3107"},"modified":"2020-12-31T20:20:11","modified_gmt":"2020-12-31T19:20:11","slug":"belle-heureuse-annee-2021","status":"publish","type":"post","link":"https:\/\/www.asevegarches.fr\/blog\/2020\/12\/31\/belle-heureuse-annee-2021\/","title":{"rendered":"Belle et heureuse ann\u00e9e 2021!"},"content":{"rendered":"<p><span style=\"color: #808080;\">31\/12\/2020<\/span><\/p>\n<p><a href=\"https:\/\/www.asevegarches.fr\/blog\/wp-content\/uploads\/2020\/12\/voeux-aseve-1.jpg\"><img loading=\"lazy\" decoding=\"async\" data-attachment-id=\"3108\" data-permalink=\"https:\/\/www.asevegarches.fr\/blog\/2020\/12\/31\/belle-heureuse-annee-2021\/voeux-aseve-1\/\" data-orig-file=\"https:\/\/www.asevegarches.fr\/blog\/wp-content\/uploads\/2020\/12\/voeux-aseve-1.jpg\" data-orig-size=\"1024,683\" data-comments-opened=\"0\" data-image-meta=\"{&quot;aperture&quot;:&quot;13&quot;,&quot;credit&quot;:&quot;tatili.com&quot;,&quot;camera&quot;:&quot;Canon EOS 7D&quot;,&quot;caption&quot;:&quot;&quot;,&quot;created_timestamp&quot;:&quot;1280240427&quot;,&quot;copyright&quot;:&quot;&quot;,&quot;focal_length&quot;:&quot;26&quot;,&quot;iso&quot;:&quot;200&quot;,&quot;shutter_speed&quot;:&quot;0.005&quot;,&quot;title&quot;:&quot;&quot;,&quot;orientation&quot;:&quot;1&quot;}\" data-image-title=\"voeux aseve 1\" data-image-description=\"\" data-image-caption=\"\" data-large-file=\"https:\/\/www.asevegarches.fr\/blog\/wp-content\/uploads\/2020\/12\/voeux-aseve-1-1024x683.jpg\" class=\"size-medium wp-image-3108 alignleft\" src=\"https:\/\/www.asevegarches.fr\/blog\/wp-content\/uploads\/2020\/12\/voeux-aseve-1-300x200.jpg\" alt=\"\" width=\"300\" height=\"200\" srcset=\"https:\/\/www.asevegarches.fr\/blog\/wp-content\/uploads\/2020\/12\/voeux-aseve-1-300x200.jpg 300w, https:\/\/www.asevegarches.fr\/blog\/wp-content\/uploads\/2020\/12\/voeux-aseve-1-768x512.jpg 768w, https:\/\/www.asevegarches.fr\/blog\/wp-content\/uploads\/2020\/12\/voeux-aseve-1.jpg 1024w, https:\/\/www.asevegarches.fr\/blog\/wp-content\/uploads\/2020\/12\/voeux-aseve-1-600x400.jpg 600w\" sizes=\"auto, (max-width: 300px) 100vw, 300px\" \/><\/a>Toute l&rsquo;\u00e9quipe de l&rsquo;ASEVE vous souhaite de belles et douces f\u00eates de fin d\u2019ann\u00e9e<\/p>\n<p>et formule des v\u0153ux pour que l\u2019ann\u00e9e 2021 soit porteuse d\u2019espoir et de projets pour chacun et chacune.<\/p>\n<p>Elle vous remercie de votre fid\u00e9lit\u00e9 et vous assure qu\u2019elle poursuivra sa mission pour mener, avec vous,<\/p>\n<p>de nombreuses actions pour la protection, l&rsquo;am\u00e9lioration de notre cadre de vie&#8230;dans un monde apais\u00e9 et solidaire.<\/p>\n<p><a href=\"https:\/\/www.asevegarches.fr\/blog\/wp-content\/uploads\/2020\/12\/voeux-aseve-2.jpg\"><img loading=\"lazy\" decoding=\"async\" data-attachment-id=\"3109\" data-permalink=\"https:\/\/www.asevegarches.fr\/blog\/2020\/12\/31\/belle-heureuse-annee-2021\/voeux-aseve-2\/\" data-orig-file=\"https:\/\/www.asevegarches.fr\/blog\/wp-content\/uploads\/2020\/12\/voeux-aseve-2.jpg\" data-orig-size=\"1024,631\" data-comments-opened=\"0\" data-image-meta=\"{&quot;aperture&quot;:&quot;11&quot;,&quot;credit&quot;:&quot;tatili.com&quot;,&quot;camera&quot;:&quot;Canon EOS 7D&quot;,&quot;caption&quot;:&quot;&quot;,&quot;created_timestamp&quot;:&quot;1288705704&quot;,&quot;copyright&quot;:&quot;&quot;,&quot;focal_length&quot;:&quot;70&quot;,&quot;iso&quot;:&quot;200&quot;,&quot;shutter_speed&quot;:&quot;0.016666666666667&quot;,&quot;title&quot;:&quot;&quot;,&quot;orientation&quot;:&quot;1&quot;}\" data-image-title=\"voeux aseve 2\" data-image-description=\"\" data-image-caption=\"\" data-large-file=\"https:\/\/www.asevegarches.fr\/blog\/wp-content\/uploads\/2020\/12\/voeux-aseve-2-1024x631.jpg\" class=\" wp-image-3109 alignleft\" src=\"https:\/\/www.asevegarches.fr\/blog\/wp-content\/uploads\/2020\/12\/voeux-aseve-2-300x185.jpg\" alt=\"\" width=\"318\" height=\"196\" srcset=\"https:\/\/www.asevegarches.fr\/blog\/wp-content\/uploads\/2020\/12\/voeux-aseve-2-300x185.jpg 300w, https:\/\/www.asevegarches.fr\/blog\/wp-content\/uploads\/2020\/12\/voeux-aseve-2-768x473.jpg 768w, https:\/\/www.asevegarches.fr\/blog\/wp-content\/uploads\/2020\/12\/voeux-aseve-2.jpg 1024w, https:\/\/www.asevegarches.fr\/blog\/wp-content\/uploads\/2020\/12\/voeux-aseve-2-600x370.jpg 600w\" sizes=\"auto, (max-width: 318px) 100vw, 318px\" \/><\/a><\/p>\n<p>&nbsp;<\/p>\n<p>&nbsp;<\/p>\n","protected":false},"excerpt":{"rendered":"<p>31\/12\/2020 Toute l&rsquo;\u00e9quipe de l&rsquo;ASEVE vous souhaite de belles et douces f\u00eates de fin d\u2019ann\u00e9e et formule des v\u0153ux pour que l\u2019ann\u00e9e 2021 soit porteuse d\u2019espoir et de projets pour chacun et chacune. Elle vous remercie de votre fid\u00e9lit\u00e9 et<\/p>\n","protected":false},"author":1,"featured_media":0,"comment_status":"closed","ping_status":"open","sticky":false,"template":"","format":"standard","meta":{"_jetpack_newsletter_access":"","_jetpack_dont_email_post_to_subs":false,"_jetpack_newsletter_tier_id":0,"_jetpack_memberships_contains_paywalled_content":false,"_jetpack_memberships_contains_paid_content":false,"footnotes":""},"categories":[7],"tags":[],"class_list":["post-3107","post","type-post","status-publish","format-standard","hentry","category-actualites"],"yoast_head":"<!-- This site is optimized with the Yoast SEO plugin v27.5 - https:\/\/yoast.com\/product\/yoast-seo-wordpress\/ -->\n<title>Belle et heureuse ann\u00e9e 2021! - ASEVE GARCHES<\/title>\n<meta name=\"robots\" content=\"index, follow, max-snippet:-1, max-image-preview:large, max-video-preview:-1\" \/>\n<link rel=\"canonical\" href=\"https:\/\/www.asevegarches.fr\/blog\/2020\/12\/31\/belle-heureuse-annee-2021\/\" \/>\n<meta property=\"og:locale\" content=\"fr_FR\" \/>\n<meta property=\"og:type\" content=\"article\" \/>\n<meta property=\"og:title\" content=\"Belle et heureuse ann\u00e9e 2021! - ASEVE GARCHES\" \/>\n<meta property=\"og:description\" content=\"31\/12\/2020 Toute l&rsquo;\u00e9quipe de l&rsquo;ASEVE vous souhaite de belles et douces f\u00eates de fin d\u2019ann\u00e9e et formule des v\u0153ux pour que l\u2019ann\u00e9e 2021 soit porteuse d\u2019espoir et de projets pour chacun et chacune. Elle vous remercie de votre fid\u00e9lit\u00e9 et\" \/>\n<meta property=\"og:url\" content=\"https:\/\/www.asevegarches.fr\/blog\/2020\/12\/31\/belle-heureuse-annee-2021\/\" \/>\n<meta property=\"og:site_name\" content=\"ASEVE GARCHES\" \/>\n<meta property=\"article:published_time\" content=\"2020-12-31T19:14:26+00:00\" \/>\n<meta property=\"article:modified_time\" content=\"2020-12-31T19:20:11+00:00\" \/>\n<meta property=\"og:image\" content=\"https:\/\/www.asevegarches.fr\/blog\/wp-content\/uploads\/2020\/12\/voeux-aseve-1-300x200.jpg\" \/>\n<meta name=\"author\" content=\"aseve\" \/>\n<meta name=\"twitter:card\" content=\"summary_large_image\" \/>\n<meta name=\"twitter:label1\" content=\"\u00c9crit par\" \/>\n\t<meta name=\"twitter:data1\" content=\"aseve\" \/>\n<script type=\"application\/ld+json\" class=\"yoast-schema-graph\">{\"@context\":\"https:\\\/\\\/schema.org\",\"@graph\":[{\"@type\":\"Article\",\"@id\":\"https:\\\/\\\/www.asevegarches.fr\\\/blog\\\/2020\\\/12\\\/31\\\/belle-heureuse-annee-2021\\\/#article\",\"isPartOf\":{\"@id\":\"https:\\\/\\\/www.asevegarches.fr\\\/blog\\\/2020\\\/12\\\/31\\\/belle-heureuse-annee-2021\\\/\"},\"author\":{\"name\":\"aseve\",\"@id\":\"https:\\\/\\\/www.asevegarches.fr\\\/blog\\\/#\\\/schema\\\/person\\\/428c8c0bdd5ce55a52d81a86ee606c15\"},\"headline\":\"Belle et heureuse ann\u00e9e 2021!\",\"datePublished\":\"2020-12-31T19:14:26+00:00\",\"dateModified\":\"2020-12-31T19:20:11+00:00\",\"mainEntityOfPage\":{\"@id\":\"https:\\\/\\\/www.asevegarches.fr\\\/blog\\\/2020\\\/12\\\/31\\\/belle-heureuse-annee-2021\\\/\"},\"wordCount\":84,\"publisher\":{\"@id\":\"https:\\\/\\\/www.asevegarches.fr\\\/blog\\\/#organization\"},\"image\":{\"@id\":\"https:\\\/\\\/www.asevegarches.fr\\\/blog\\\/2020\\\/12\\\/31\\\/belle-heureuse-annee-2021\\\/#primaryimage\"},\"thumbnailUrl\":\"https:\\\/\\\/www.asevegarches.fr\\\/blog\\\/wp-content\\\/uploads\\\/2020\\\/12\\\/voeux-aseve-1-300x200.jpg\",\"articleSection\":[\"Actualit\u00e9s\"],\"inLanguage\":\"fr-FR\"},{\"@type\":\"WebPage\",\"@id\":\"https:\\\/\\\/www.asevegarches.fr\\\/blog\\\/2020\\\/12\\\/31\\\/belle-heureuse-annee-2021\\\/\",\"url\":\"https:\\\/\\\/www.asevegarches.fr\\\/blog\\\/2020\\\/12\\\/31\\\/belle-heureuse-annee-2021\\\/\",\"name\":\"Belle et heureuse ann\u00e9e 2021! - ASEVE GARCHES\",\"isPartOf\":{\"@id\":\"https:\\\/\\\/www.asevegarches.fr\\\/blog\\\/#website\"},\"primaryImageOfPage\":{\"@id\":\"https:\\\/\\\/www.asevegarches.fr\\\/blog\\\/2020\\\/12\\\/31\\\/belle-heureuse-annee-2021\\\/#primaryimage\"},\"image\":{\"@id\":\"https:\\\/\\\/www.asevegarches.fr\\\/blog\\\/2020\\\/12\\\/31\\\/belle-heureuse-annee-2021\\\/#primaryimage\"},\"thumbnailUrl\":\"https:\\\/\\\/www.asevegarches.fr\\\/blog\\\/wp-content\\\/uploads\\\/2020\\\/12\\\/voeux-aseve-1-300x200.jpg\",\"datePublished\":\"2020-12-31T19:14:26+00:00\",\"dateModified\":\"2020-12-31T19:20:11+00:00\",\"breadcrumb\":{\"@id\":\"https:\\\/\\\/www.asevegarches.fr\\\/blog\\\/2020\\\/12\\\/31\\\/belle-heureuse-annee-2021\\\/#breadcrumb\"},\"inLanguage\":\"fr-FR\",\"potentialAction\":[{\"@type\":\"ReadAction\",\"target\":[\"https:\\\/\\\/www.asevegarches.fr\\\/blog\\\/2020\\\/12\\\/31\\\/belle-heureuse-annee-2021\\\/\"]}]},{\"@type\":\"ImageObject\",\"inLanguage\":\"fr-FR\",\"@id\":\"https:\\\/\\\/www.asevegarches.fr\\\/blog\\\/2020\\\/12\\\/31\\\/belle-heureuse-annee-2021\\\/#primaryimage\",\"url\":\"https:\\\/\\\/www.asevegarches.fr\\\/blog\\\/wp-content\\\/uploads\\\/2020\\\/12\\\/voeux-aseve-1.jpg\",\"contentUrl\":\"https:\\\/\\\/www.asevegarches.fr\\\/blog\\\/wp-content\\\/uploads\\\/2020\\\/12\\\/voeux-aseve-1.jpg\",\"width\":1024,\"height\":683},{\"@type\":\"BreadcrumbList\",\"@id\":\"https:\\\/\\\/www.asevegarches.fr\\\/blog\\\/2020\\\/12\\\/31\\\/belle-heureuse-annee-2021\\\/#breadcrumb\",\"itemListElement\":[{\"@type\":\"ListItem\",\"position\":1,\"name\":\"Accueil\",\"item\":\"https:\\\/\\\/www.asevegarches.fr\\\/blog\\\/\"},{\"@type\":\"ListItem\",\"position\":2,\"name\":\"Belle et heureuse ann\u00e9e 2021!\"}]},{\"@type\":\"WebSite\",\"@id\":\"https:\\\/\\\/www.asevegarches.fr\\\/blog\\\/#website\",\"url\":\"https:\\\/\\\/www.asevegarches.fr\\\/blog\\\/\",\"name\":\"ASEVE GARCHES\",\"description\":\"\",\"publisher\":{\"@id\":\"https:\\\/\\\/www.asevegarches.fr\\\/blog\\\/#organization\"},\"potentialAction\":[{\"@type\":\"SearchAction\",\"target\":{\"@type\":\"EntryPoint\",\"urlTemplate\":\"https:\\\/\\\/www.asevegarches.fr\\\/blog\\\/?s={search_term_string}\"},\"query-input\":{\"@type\":\"PropertyValueSpecification\",\"valueRequired\":true,\"valueName\":\"search_term_string\"}}],\"inLanguage\":\"fr-FR\"},{\"@type\":\"Organization\",\"@id\":\"https:\\\/\\\/www.asevegarches.fr\\\/blog\\\/#organization\",\"name\":\"Association de Sauvegarde des Espaces Verts et de l'Environnement\",\"alternateName\":\"ASEVE\",\"url\":\"https:\\\/\\\/www.asevegarches.fr\\\/blog\\\/\",\"logo\":{\"@type\":\"ImageObject\",\"inLanguage\":\"fr-FR\",\"@id\":\"https:\\\/\\\/www.asevegarches.fr\\\/blog\\\/#\\\/schema\\\/logo\\\/image\\\/\",\"url\":\"https:\\\/\\\/i0.wp.com\\\/www.asevegarches.fr\\\/blog\\\/wp-content\\\/uploads\\\/2022\\\/10\\\/LOGO_logo-facebook.jpg?fit=1501%2C1501\",\"contentUrl\":\"https:\\\/\\\/i0.wp.com\\\/www.asevegarches.fr\\\/blog\\\/wp-content\\\/uploads\\\/2022\\\/10\\\/LOGO_logo-facebook.jpg?fit=1501%2C1501\",\"width\":1501,\"height\":1501,\"caption\":\"Association de Sauvegarde des Espaces Verts et de l'Environnement\"},\"image\":{\"@id\":\"https:\\\/\\\/www.asevegarches.fr\\\/blog\\\/#\\\/schema\\\/logo\\\/image\\\/\"}},{\"@type\":\"Person\",\"@id\":\"https:\\\/\\\/www.asevegarches.fr\\\/blog\\\/#\\\/schema\\\/person\\\/428c8c0bdd5ce55a52d81a86ee606c15\",\"name\":\"aseve\",\"image\":{\"@type\":\"ImageObject\",\"inLanguage\":\"fr-FR\",\"@id\":\"https:\\\/\\\/secure.gravatar.com\\\/avatar\\\/ecef828e21d04ee42984b2273fa699b5c50be14dac440c25fd3edc29fb334f7b?s=96&d=mm&r=g\",\"url\":\"https:\\\/\\\/secure.gravatar.com\\\/avatar\\\/ecef828e21d04ee42984b2273fa699b5c50be14dac440c25fd3edc29fb334f7b?s=96&d=mm&r=g\",\"contentUrl\":\"https:\\\/\\\/secure.gravatar.com\\\/avatar\\\/ecef828e21d04ee42984b2273fa699b5c50be14dac440c25fd3edc29fb334f7b?s=96&d=mm&r=g\",\"caption\":\"aseve\"},\"url\":\"https:\\\/\\\/www.asevegarches.fr\\\/blog\\\/author\\\/admin\\\/\"}]}<\/script>\n<!-- \/ Yoast SEO plugin. -->","yoast_head_json":{"title":"Belle et heureuse ann\u00e9e 2021! - ASEVE GARCHES","robots":{"index":"index","follow":"follow","max-snippet":"max-snippet:-1","max-image-preview":"max-image-preview:large","max-video-preview":"max-video-preview:-1"},"canonical":"https:\/\/www.asevegarches.fr\/blog\/2020\/12\/31\/belle-heureuse-annee-2021\/","og_locale":"fr_FR","og_type":"article","og_title":"Belle et heureuse ann\u00e9e 2021! - ASEVE GARCHES","og_description":"31\/12\/2020 Toute l&rsquo;\u00e9quipe de l&rsquo;ASEVE vous souhaite de belles et douces f\u00eates de fin d\u2019ann\u00e9e et formule des v\u0153ux pour que l\u2019ann\u00e9e 2021 soit porteuse d\u2019espoir et de projets pour chacun et chacune. Elle vous remercie de votre fid\u00e9lit\u00e9 et","og_url":"https:\/\/www.asevegarches.fr\/blog\/2020\/12\/31\/belle-heureuse-annee-2021\/","og_site_name":"ASEVE GARCHES","article_published_time":"2020-12-31T19:14:26+00:00","article_modified_time":"2020-12-31T19:20:11+00:00","og_image":[{"url":"https:\/\/www.asevegarches.fr\/blog\/wp-content\/uploads\/2020\/12\/voeux-aseve-1-300x200.jpg","type":"","width":"","height":""}],"author":"aseve","twitter_card":"summary_large_image","twitter_misc":{"\u00c9crit par":"aseve"},"schema":{"@context":"https:\/\/schema.org","@graph":[{"@type":"Article","@id":"https:\/\/www.asevegarches.fr\/blog\/2020\/12\/31\/belle-heureuse-annee-2021\/#article","isPartOf":{"@id":"https:\/\/www.asevegarches.fr\/blog\/2020\/12\/31\/belle-heureuse-annee-2021\/"},"author":{"name":"aseve","@id":"https:\/\/www.asevegarches.fr\/blog\/#\/schema\/person\/428c8c0bdd5ce55a52d81a86ee606c15"},"headline":"Belle et heureuse ann\u00e9e 2021!","datePublished":"2020-12-31T19:14:26+00:00","dateModified":"2020-12-31T19:20:11+00:00","mainEntityOfPage":{"@id":"https:\/\/www.asevegarches.fr\/blog\/2020\/12\/31\/belle-heureuse-annee-2021\/"},"wordCount":84,"publisher":{"@id":"https:\/\/www.asevegarches.fr\/blog\/#organization"},"image":{"@id":"https:\/\/www.asevegarches.fr\/blog\/2020\/12\/31\/belle-heureuse-annee-2021\/#primaryimage"},"thumbnailUrl":"https:\/\/www.asevegarches.fr\/blog\/wp-content\/uploads\/2020\/12\/voeux-aseve-1-300x200.jpg","articleSection":["Actualit\u00e9s"],"inLanguage":"fr-FR"},{"@type":"WebPage","@id":"https:\/\/www.asevegarches.fr\/blog\/2020\/12\/31\/belle-heureuse-annee-2021\/","url":"https:\/\/www.asevegarches.fr\/blog\/2020\/12\/31\/belle-heureuse-annee-2021\/","name":"Belle et heureuse ann\u00e9e 2021! - ASEVE GARCHES","isPartOf":{"@id":"https:\/\/www.asevegarches.fr\/blog\/#website"},"primaryImageOfPage":{"@id":"https:\/\/www.asevegarches.fr\/blog\/2020\/12\/31\/belle-heureuse-annee-2021\/#primaryimage"},"image":{"@id":"https:\/\/www.asevegarches.fr\/blog\/2020\/12\/31\/belle-heureuse-annee-2021\/#primaryimage"},"thumbnailUrl":"https:\/\/www.asevegarches.fr\/blog\/wp-content\/uploads\/2020\/12\/voeux-aseve-1-300x200.jpg","datePublished":"2020-12-31T19:14:26+00:00","dateModified":"2020-12-31T19:20:11+00:00","breadcrumb":{"@id":"https:\/\/www.asevegarches.fr\/blog\/2020\/12\/31\/belle-heureuse-annee-2021\/#breadcrumb"},"inLanguage":"fr-FR","potentialAction":[{"@type":"ReadAction","target":["https:\/\/www.asevegarches.fr\/blog\/2020\/12\/31\/belle-heureuse-annee-2021\/"]}]},{"@type":"ImageObject","inLanguage":"fr-FR","@id":"https:\/\/www.asevegarches.fr\/blog\/2020\/12\/31\/belle-heureuse-annee-2021\/#primaryimage","url":"https:\/\/www.asevegarches.fr\/blog\/wp-content\/uploads\/2020\/12\/voeux-aseve-1.jpg","contentUrl":"https:\/\/www.asevegarches.fr\/blog\/wp-content\/uploads\/2020\/12\/voeux-aseve-1.jpg","width":1024,"height":683},{"@type":"BreadcrumbList","@id":"https:\/\/www.asevegarches.fr\/blog\/2020\/12\/31\/belle-heureuse-annee-2021\/#breadcrumb","itemListElement":[{"@type":"ListItem","position":1,"name":"Accueil","item":"https:\/\/www.asevegarches.fr\/blog\/"},{"@type":"ListItem","position":2,"name":"Belle et heureuse ann\u00e9e 2021!"}]},{"@type":"WebSite","@id":"https:\/\/www.asevegarches.fr\/blog\/#website","url":"https:\/\/www.asevegarches.fr\/blog\/","name":"ASEVE GARCHES","description":"","publisher":{"@id":"https:\/\/www.asevegarches.fr\/blog\/#organization"},"potentialAction":[{"@type":"SearchAction","target":{"@type":"EntryPoint","urlTemplate":"https:\/\/www.asevegarches.fr\/blog\/?s={search_term_string}"},"query-input":{"@type":"PropertyValueSpecification","valueRequired":true,"valueName":"search_term_string"}}],"inLanguage":"fr-FR"},{"@type":"Organization","@id":"https:\/\/www.asevegarches.fr\/blog\/#organization","name":"Association de Sauvegarde des Espaces Verts et de l'Environnement","alternateName":"ASEVE","url":"https:\/\/www.asevegarches.fr\/blog\/","logo":{"@type":"ImageObject","inLanguage":"fr-FR","@id":"https:\/\/www.asevegarches.fr\/blog\/#\/schema\/logo\/image\/","url":"https:\/\/i0.wp.com\/www.asevegarches.fr\/blog\/wp-content\/uploads\/2022\/10\/LOGO_logo-facebook.jpg?fit=1501%2C1501","contentUrl":"https:\/\/i0.wp.com\/www.asevegarches.fr\/blog\/wp-content\/uploads\/2022\/10\/LOGO_logo-facebook.jpg?fit=1501%2C1501","width":1501,"height":1501,"caption":"Association de Sauvegarde des Espaces Verts et de l'Environnement"},"image":{"@id":"https:\/\/www.asevegarches.fr\/blog\/#\/schema\/logo\/image\/"}},{"@type":"Person","@id":"https:\/\/www.asevegarches.fr\/blog\/#\/schema\/person\/428c8c0bdd5ce55a52d81a86ee606c15","name":"aseve","image":{"@type":"ImageObject","inLanguage":"fr-FR","@id":"https:\/\/secure.gravatar.com\/avatar\/ecef828e21d04ee42984b2273fa699b5c50be14dac440c25fd3edc29fb334f7b?s=96&d=mm&r=g","url":"https:\/\/secure.gravatar.com\/avatar\/ecef828e21d04ee42984b2273fa699b5c50be14dac440c25fd3edc29fb334f7b?s=96&d=mm&r=g","contentUrl":"https:\/\/secure.gravatar.com\/avatar\/ecef828e21d04ee42984b2273fa699b5c50be14dac440c25fd3edc29fb334f7b?s=96&d=mm&r=g","caption":"aseve"},"url":"https:\/\/www.asevegarches.fr\/blog\/author\/admin\/"}]}},"jetpack_featured_media_url":"","jetpack_sharing_enabled":true,"jetpack_shortlink":"https:\/\/wp.me\/p6YGVC-O7","jetpack-related-posts":[{"id":3118,"url":"https:\/\/www.asevegarches.fr\/blog\/2021\/02\/18\/laseve-mobilise-devenir-de-foret-domaniale-de-rueil-malmaisonbois-de-saint-cucufa\/","url_meta":{"origin":3107,"position":0},"title":"L\u2019ASEVE mobilis\u00e9 sur le devenir de la For\u00eat Domaniale de Rueil Malmaison\/Bois de Saint Cucufa.","author":"Contact","date":"18 f\u00e9vrier 2021","format":false,"excerpt":"Depuis plusieurs semaines, via notre page Facebook, nous vous avons tenu inform\u00e9 sur la situation de la For\u00eat Domaniale de Rueil Malmaison qui subit des coupes importantes de ch\u00e2taigniers et de ch\u00eanes effectu\u00e9s par l\u2019ONF, Les riverains ont manifest\u00e9 leur incompr\u00e9hension, leur \u00e9motion et leur col\u00e8re face \u00e0 la destruction\u2026","rel":"","context":"Dans &quot;Actualit\u00e9s&quot;","block_context":{"text":"Actualit\u00e9s","link":"https:\/\/www.asevegarches.fr\/blog\/category\/actualites\/"},"img":{"alt_text":"","src":"https:\/\/i0.wp.com\/www.asevegarches.fr\/blog\/wp-content\/uploads\/2020\/05\/aseve4-219x300.jpg?resize=350%2C200&ssl=1","width":350,"height":200},"classes":[]},{"id":3188,"url":"https:\/\/www.asevegarches.fr\/blog\/2021\/11\/07\/repair-cafe\/","url_meta":{"origin":3107,"position":1},"title":"REPAIR CAFE","author":"Contact","date":"7 novembre 2021","format":false,"excerpt":"Samedi 20 novembre \u00a0de 14h \u00e0 17h Espace coworking\u00a0 \u00a02 Place Saint Louis \u00e0 Garche Organis\u00e9 par l\u2019association ASEVE, avec le soutien de la Mairie de \u00a0 Garches, cet \u00e9v\u00e8nement, participatif et convivial, est une initiative citoyenne contre le gaspillage permettant de r\u00e9duire les d\u00e9chets et favoriser le d\u00e9veloppement durable.\u2026","rel":"","context":"Dans &quot;Actualit\u00e9s&quot;","block_context":{"text":"Actualit\u00e9s","link":"https:\/\/www.asevegarches.fr\/blog\/category\/actualites\/"},"img":{"alt_text":"","src":"https:\/\/i0.wp.com\/www.asevegarches.fr\/blog\/wp-content\/uploads\/2021\/11\/Image1-300x60.png?resize=350%2C200&ssl=1","width":350,"height":200},"classes":[]},{"id":3851,"url":"https:\/\/www.asevegarches.fr\/blog\/2026\/01\/13\/deces-degbert-steffen\/","url_meta":{"origin":3107,"position":2},"title":"D\u00e9c\u00e8s d&rsquo;Egbert STEFFEN","author":"aseve","date":"13 janvier 2026","format":false,"excerpt":"Notre ami, Egbert Steffen, Vice-Pr\u00e9sident de l\u2019ASEVE est parti naviguer sur d'autres rives. Homme engag\u00e9 pour la d\u00e9fense de l\u2019environnement, il repr\u00e9sentait l\u2019ASEVE \u00e0 la commission de l\u2019urbanisme et a r\u00e9dig\u00e9 de nombreuses recommandations pour am\u00e9liorer le PLU de 2021. Egbert \u00e9tait connu pour son enthousiasme, ses convictions et sa\u2026","rel":"","context":"Dans &quot;Actualit\u00e9s&quot;","block_context":{"text":"Actualit\u00e9s","link":"https:\/\/www.asevegarches.fr\/blog\/category\/actualites\/"},"img":{"alt_text":"","src":"https:\/\/i0.wp.com\/www.asevegarches.fr\/blog\/wp-content\/uploads\/2026\/01\/Egbert-cire-jaune.png?resize=350%2C200&ssl=1","width":350,"height":200},"classes":[]},{"id":2933,"url":"https:\/\/www.asevegarches.fr\/blog\/2020\/01\/31\/partants-laseve-2020\/","url_meta":{"origin":3107,"position":3},"title":"PARTANTS AVEC l&rsquo;ASEVE EN 2020 ?","author":"aseve","date":"31 janvier 2020","format":false,"excerpt":"31\/01\/2020 Toute l'\u00e9quipe de l'ASEVE est heureuse de vous souhaiter une bonne et heureuse ann\u00e9e 2020. Cette nouvelle ann\u00e9e marquera les 50 ans d'activit\u00e9 de l'ASEVE dans la protection de l'environnement de Garches et de ses environs. Nous vous remercions de votre fid\u00e9lit\u00e9 et de votre soutien \u00e0 notre association\u2026","rel":"","context":"Dans &quot;Actualit\u00e9s&quot;","block_context":{"text":"Actualit\u00e9s","link":"https:\/\/www.asevegarches.fr\/blog\/category\/actualites\/"},"img":{"alt_text":"","src":"https:\/\/i0.wp.com\/www.asevegarches.fr\/blog\/wp-content\/uploads\/2020\/01\/the-road-815297_1920-300x200.jpg?resize=350%2C200&ssl=1","width":350,"height":200},"classes":[]},{"id":2736,"url":"https:\/\/www.asevegarches.fr\/blog\/2019\/12\/16\/choisir-sapin-de-noel\/","url_meta":{"origin":3107,"position":4},"title":"COMMENT CHOISIR SON SAPIN DE NO\u00cbL ?","author":"aseve","date":"16 d\u00e9cembre 2019","format":false,"excerpt":"16\/12\/2019 No\u00ebl approche et vous vous demandez peut-\u00eatre comment choisir un sapin qui aurait moins d\u2019impact sur la plan\u00e8te\u00a0? Plusieurs options sont possibles\u00a0: Un vrai sapin\u00a0: Il est naturel, sent bon et il est biod\u00e9gradable. Choisissez-le fran\u00e7ais (il aura parcouru moins de kms), bio (il aura pouss\u00e9 sans engrais et\u2026","rel":"","context":"Dans &quot;Actualit\u00e9s&quot;","block_context":{"text":"Actualit\u00e9s","link":"https:\/\/www.asevegarches.fr\/blog\/category\/actualites\/"},"img":{"alt_text":"","src":"https:\/\/i0.wp.com\/www.asevegarches.fr\/blog\/wp-content\/uploads\/2019\/12\/Sans-titre-234x300.png?resize=350%2C200&ssl=1","width":350,"height":200},"classes":[]},{"id":3804,"url":"https:\/\/www.asevegarches.fr\/blog\/2025\/11\/02\/quelles-sont-les-bonnes-pratiques-pour-reduire-limpact-des-equipements-electriques-et-electroniques\/","url_meta":{"origin":3107,"position":5},"title":"Quelles sont les bonnes pratiques pour r\u00e9duire l\u2019impact des \u00e9quipements \u00e9lectriques et \u00e9lectroniques\u00a0?","author":"aseve","date":"2 novembre 2025","format":false,"excerpt":"Les \u00e9quipements \u00e9lectriques et \u00e9lectronique(EEE) sont tous les produits qui ont besoin d\u2019un courant \u00e9lectrique ou de champs \u00e9lectromagn\u00e9tiques pour fonctionner. Par exemple\u00a0: smartphone, e-cigarettes, petits et gros \u00e9lectrom\u00e9nagers, climatiseurs, enceintes, v\u00e9los \u00e9lectriques, panneaux photovolta\u00efques\u2026 En fin de vie, ces \u00e9quipements doivent \u00eatre tri\u00e9s et collect\u00e9s par des fili\u00e8res sp\u00e9cifiques.\u2026","rel":"","context":"Dans &quot;Environnement&quot;","block_context":{"text":"Environnement","link":"https:\/\/www.asevegarches.fr\/blog\/category\/environnement-2\/"},"img":{"alt_text":"","src":"https:\/\/i0.wp.com\/www.asevegarches.fr\/blog\/wp-content\/uploads\/2025\/11\/Dechets-electriques.png?resize=350%2C200&ssl=1","width":350,"height":200,"srcset":"https:\/\/i0.wp.com\/www.asevegarches.fr\/blog\/wp-content\/uploads\/2025\/11\/Dechets-electriques.png?resize=350%2C200&ssl=1 1x, https:\/\/i0.wp.com\/www.asevegarches.fr\/blog\/wp-content\/uploads\/2025\/11\/Dechets-electriques.png?resize=525%2C300&ssl=1 1.5x, https:\/\/i0.wp.com\/www.asevegarches.fr\/blog\/wp-content\/uploads\/2025\/11\/Dechets-electriques.png?resize=700%2C400&ssl=1 2x"},"classes":[]}],"_links":{"self":[{"href":"https:\/\/www.asevegarches.fr\/blog\/wp-json\/wp\/v2\/posts\/3107","targetHints":{"allow":["GET"]}}],"collection":[{"href":"https:\/\/www.asevegarches.fr\/blog\/wp-json\/wp\/v2\/posts"}],"about":[{"href":"https:\/\/www.asevegarches.fr\/blog\/wp-json\/wp\/v2\/types\/post"}],"author":[{"embeddable":true,"href":"https:\/\/www.asevegarches.fr\/blog\/wp-json\/wp\/v2\/users\/1"}],"replies":[{"embeddable":true,"href":"https:\/\/www.asevegarches.fr\/blog\/wp-json\/wp\/v2\/comments?post=3107"}],"version-history":[{"count":3,"href":"https:\/\/www.asevegarches.fr\/blog\/wp-json\/wp\/v2\/posts\/3107\/revisions"}],"predecessor-version":[{"id":3112,"href":"https:\/\/www.asevegarches.fr\/blog\/wp-json\/wp\/v2\/posts\/3107\/revisions\/3112"}],"wp:attachment":[{"href":"https:\/\/www.asevegarches.fr\/blog\/wp-json\/wp\/v2\/media?parent=3107"}],"wp:term":[{"taxonomy":"category","embeddable":true,"href":"https:\/\/www.asevegarches.fr\/blog\/wp-json\/wp\/v2\/categories?post=3107"},{"taxonomy":"post_tag","embeddable":true,"href":"https:\/\/www.asevegarches.fr\/blog\/wp-json\/wp\/v2\/tags?post=3107"}],"curies":[{"name":"wp","href":"https:\/\/api.w.org\/{rel}","templated":true}]}}