{"id":3009,"date":"2020-04-28T18:46:25","date_gmt":"2020-04-28T17:46:25","guid":{"rendered":"https:\/\/www.asevegarches.fr\/blog\/?p=3009"},"modified":"2020-04-28T20:27:46","modified_gmt":"2020-04-28T19:27:46","slug":"nature-a-garches","status":"publish","type":"post","link":"https:\/\/www.asevegarches.fr\/blog\/2020\/04\/28\/nature-a-garches\/","title":{"rendered":"LA NATURE \u00c0 GARCHES!!"},"content":{"rendered":"<p><span style=\"color: #808080;\">28\/04\/2020<\/span><\/p>\n<p><a href=\"https:\/\/www.asevegarches.fr\/blog\/wp-content\/uploads\/2020\/04\/JLL3.jpg\"><img loading=\"lazy\" decoding=\"async\" data-attachment-id=\"3017\" data-permalink=\"https:\/\/www.asevegarches.fr\/blog\/2020\/04\/28\/nature-a-garches\/jll3\/\" data-orig-file=\"https:\/\/www.asevegarches.fr\/blog\/wp-content\/uploads\/2020\/04\/JLL3.jpg\" data-orig-size=\"453,304\" data-comments-opened=\"0\" data-image-meta=\"{&quot;aperture&quot;:&quot;0&quot;,&quot;credit&quot;:&quot;&quot;,&quot;camera&quot;:&quot;&quot;,&quot;caption&quot;:&quot;&quot;,&quot;created_timestamp&quot;:&quot;0&quot;,&quot;copyright&quot;:&quot;&quot;,&quot;focal_length&quot;:&quot;0&quot;,&quot;iso&quot;:&quot;0&quot;,&quot;shutter_speed&quot;:&quot;0&quot;,&quot;title&quot;:&quot;&quot;,&quot;orientation&quot;:&quot;0&quot;}\" data-image-title=\"JLL3\" data-image-description=\"\" data-image-caption=\"\" data-large-file=\"https:\/\/www.asevegarches.fr\/blog\/wp-content\/uploads\/2020\/04\/JLL3.jpg\" class=\"size-medium wp-image-3017 alignleft\" src=\"https:\/\/www.asevegarches.fr\/blog\/wp-content\/uploads\/2020\/04\/JLL3-300x201.jpg\" alt=\"\" width=\"300\" height=\"201\" srcset=\"https:\/\/www.asevegarches.fr\/blog\/wp-content\/uploads\/2020\/04\/JLL3-300x201.jpg 300w, https:\/\/www.asevegarches.fr\/blog\/wp-content\/uploads\/2020\/04\/JLL3.jpg 453w\" sizes=\"auto, (max-width: 300px) 100vw, 300px\" \/><\/a>Les semaines de \u00ab\u00a0confinement\u00a0\u00bb, que nous subissons plus ou moins bien, peuvent nous conduire \u00e0 repenser notre mode de vie vers des plaisirs que nous offre la Nature.<\/p>\n<p>\u00c0 Garches et ses environs imm\u00e9diats (le Parc de Saint-Cloud, le site de Villeneuve, les for\u00eats de Fausses-Reposes et de la Malmaison, \u2026) nous avons des plantes, des arbres, des oiseaux\u2026 dont une simple vue est passionnante et reposante. Il convient que nous les prot\u00e9gions.<\/p>\n<p>Profitons de ces richesses encore plus \u2026 lorsque le n\u00e9cessaire \u00ab\u00a0confinement\u00a0\u00bb sera lev\u00e9\u00a0!!!<\/p>\n<p>Prenez patience avec l\u2019ASEVE&#8230; En attendant, acceptez nos meilleurs v\u0153ux pour une prochaine vie moins contrainte.<!--more--><\/p>\n<p><a href=\"https:\/\/www.asevegarches.fr\/blog\/wp-content\/uploads\/2020\/04\/JLL2.jpg\"><img loading=\"lazy\" decoding=\"async\" data-attachment-id=\"3016\" data-permalink=\"https:\/\/www.asevegarches.fr\/blog\/2020\/04\/28\/nature-a-garches\/jll2\/\" data-orig-file=\"https:\/\/www.asevegarches.fr\/blog\/wp-content\/uploads\/2020\/04\/JLL2.jpg\" data-orig-size=\"453,337\" data-comments-opened=\"0\" data-image-meta=\"{&quot;aperture&quot;:&quot;0&quot;,&quot;credit&quot;:&quot;&quot;,&quot;camera&quot;:&quot;&quot;,&quot;caption&quot;:&quot;&quot;,&quot;created_timestamp&quot;:&quot;0&quot;,&quot;copyright&quot;:&quot;&quot;,&quot;focal_length&quot;:&quot;0&quot;,&quot;iso&quot;:&quot;0&quot;,&quot;shutter_speed&quot;:&quot;0&quot;,&quot;title&quot;:&quot;&quot;,&quot;orientation&quot;:&quot;0&quot;}\" data-image-title=\"JLL2\" data-image-description=\"\" data-image-caption=\"\" data-large-file=\"https:\/\/www.asevegarches.fr\/blog\/wp-content\/uploads\/2020\/04\/JLL2.jpg\" class=\"alignleft wp-image-3016\" src=\"https:\/\/www.asevegarches.fr\/blog\/wp-content\/uploads\/2020\/04\/JLL2-300x223.jpg\" alt=\"\" width=\"300\" height=\"223\" srcset=\"https:\/\/www.asevegarches.fr\/blog\/wp-content\/uploads\/2020\/04\/JLL2-300x223.jpg 300w, https:\/\/www.asevegarches.fr\/blog\/wp-content\/uploads\/2020\/04\/JLL2.jpg 453w\" sizes=\"auto, (max-width: 300px) 100vw, 300px\" \/><\/a><a href=\"https:\/\/www.asevegarches.fr\/blog\/wp-content\/uploads\/2020\/04\/Sans-titre.jpg\"><img loading=\"lazy\" decoding=\"async\" data-attachment-id=\"3013\" data-permalink=\"https:\/\/www.asevegarches.fr\/blog\/2020\/04\/28\/nature-a-garches\/sans-titre-3\/\" data-orig-file=\"https:\/\/www.asevegarches.fr\/blog\/wp-content\/uploads\/2020\/04\/Sans-titre.jpg\" data-orig-size=\"453,350\" data-comments-opened=\"0\" data-image-meta=\"{&quot;aperture&quot;:&quot;0&quot;,&quot;credit&quot;:&quot;&quot;,&quot;camera&quot;:&quot;&quot;,&quot;caption&quot;:&quot;&quot;,&quot;created_timestamp&quot;:&quot;0&quot;,&quot;copyright&quot;:&quot;&quot;,&quot;focal_length&quot;:&quot;0&quot;,&quot;iso&quot;:&quot;0&quot;,&quot;shutter_speed&quot;:&quot;0&quot;,&quot;title&quot;:&quot;&quot;,&quot;orientation&quot;:&quot;0&quot;}\" data-image-title=\"Sans titre\" data-image-description=\"\" data-image-caption=\"\" data-large-file=\"https:\/\/www.asevegarches.fr\/blog\/wp-content\/uploads\/2020\/04\/Sans-titre.jpg\" class=\"alignleft wp-image-3013\" src=\"https:\/\/www.asevegarches.fr\/blog\/wp-content\/uploads\/2020\/04\/Sans-titre-300x232.jpg\" alt=\"\" width=\"289\" height=\"223\" srcset=\"https:\/\/www.asevegarches.fr\/blog\/wp-content\/uploads\/2020\/04\/Sans-titre-300x232.jpg 300w, https:\/\/www.asevegarches.fr\/blog\/wp-content\/uploads\/2020\/04\/Sans-titre.jpg 453w\" sizes=\"auto, (max-width: 289px) 100vw, 289px\" \/><\/a><\/p>\n<p>&nbsp;<\/p>\n<p>&nbsp;<\/p>\n<p>&nbsp;<\/p>\n<p>&nbsp;<\/p>\n<p>&nbsp;<\/p>\n<p><a href=\"https:\/\/www.asevegarches.fr\/blog\/wp-content\/uploads\/2020\/04\/4612A124-6872-4B02-928C-7EACA7F3E752.jpeg\"><img loading=\"lazy\" decoding=\"async\" data-attachment-id=\"3019\" data-permalink=\"https:\/\/www.asevegarches.fr\/blog\/2020\/04\/28\/nature-a-garches\/4612a124-6872-4b02-928c-7eaca7f3e752\/\" data-orig-file=\"https:\/\/www.asevegarches.fr\/blog\/wp-content\/uploads\/2020\/04\/4612A124-6872-4B02-928C-7EACA7F3E752.jpeg\" data-orig-size=\"1920,1279\" data-comments-opened=\"0\" data-image-meta=\"{&quot;aperture&quot;:&quot;0&quot;,&quot;credit&quot;:&quot;&quot;,&quot;camera&quot;:&quot;&quot;,&quot;caption&quot;:&quot;&quot;,&quot;created_timestamp&quot;:&quot;0&quot;,&quot;copyright&quot;:&quot;&quot;,&quot;focal_length&quot;:&quot;0&quot;,&quot;iso&quot;:&quot;0&quot;,&quot;shutter_speed&quot;:&quot;0&quot;,&quot;title&quot;:&quot;&quot;,&quot;orientation&quot;:&quot;0&quot;}\" data-image-title=\"4612A124-6872-4B02-928C-7EACA7F3E752\" data-image-description=\"\" data-image-caption=\"\" data-large-file=\"https:\/\/www.asevegarches.fr\/blog\/wp-content\/uploads\/2020\/04\/4612A124-6872-4B02-928C-7EACA7F3E752-1024x682.jpeg\" class=\"size-medium wp-image-3019 alignleft\" src=\"https:\/\/www.asevegarches.fr\/blog\/wp-content\/uploads\/2020\/04\/4612A124-6872-4B02-928C-7EACA7F3E752-300x200.jpeg\" alt=\"\" width=\"300\" height=\"200\" srcset=\"https:\/\/www.asevegarches.fr\/blog\/wp-content\/uploads\/2020\/04\/4612A124-6872-4B02-928C-7EACA7F3E752-300x200.jpeg 300w, https:\/\/www.asevegarches.fr\/blog\/wp-content\/uploads\/2020\/04\/4612A124-6872-4B02-928C-7EACA7F3E752-768x512.jpeg 768w, https:\/\/www.asevegarches.fr\/blog\/wp-content\/uploads\/2020\/04\/4612A124-6872-4B02-928C-7EACA7F3E752-1024x682.jpeg 1024w, https:\/\/www.asevegarches.fr\/blog\/wp-content\/uploads\/2020\/04\/4612A124-6872-4B02-928C-7EACA7F3E752-600x400.jpeg 600w, https:\/\/www.asevegarches.fr\/blog\/wp-content\/uploads\/2020\/04\/4612A124-6872-4B02-928C-7EACA7F3E752.jpeg 1920w\" sizes=\"auto, (max-width: 300px) 100vw, 300px\" \/><\/a><a href=\"https:\/\/www.asevegarches.fr\/blog\/wp-content\/uploads\/2020\/04\/8890BE55-6C1D-4B1C-B19A-6208F724DE3A.jpeg\"><img loading=\"lazy\" decoding=\"async\" data-attachment-id=\"3018\" data-permalink=\"https:\/\/www.asevegarches.fr\/blog\/2020\/04\/28\/nature-a-garches\/8890be55-6c1d-4b1c-b19a-6208f724de3a\/\" data-orig-file=\"https:\/\/www.asevegarches.fr\/blog\/wp-content\/uploads\/2020\/04\/8890BE55-6C1D-4B1C-B19A-6208F724DE3A.jpeg\" data-orig-size=\"1920,1280\" data-comments-opened=\"0\" data-image-meta=\"{&quot;aperture&quot;:&quot;0&quot;,&quot;credit&quot;:&quot;&quot;,&quot;camera&quot;:&quot;&quot;,&quot;caption&quot;:&quot;&quot;,&quot;created_timestamp&quot;:&quot;0&quot;,&quot;copyright&quot;:&quot;&quot;,&quot;focal_length&quot;:&quot;0&quot;,&quot;iso&quot;:&quot;0&quot;,&quot;shutter_speed&quot;:&quot;0&quot;,&quot;title&quot;:&quot;&quot;,&quot;orientation&quot;:&quot;0&quot;}\" data-image-title=\"8890BE55-6C1D-4B1C-B19A-6208F724DE3A\" data-image-description=\"\" data-image-caption=\"\" data-large-file=\"https:\/\/www.asevegarches.fr\/blog\/wp-content\/uploads\/2020\/04\/8890BE55-6C1D-4B1C-B19A-6208F724DE3A-1024x683.jpeg\" class=\"size-medium wp-image-3018 alignleft\" src=\"https:\/\/www.asevegarches.fr\/blog\/wp-content\/uploads\/2020\/04\/8890BE55-6C1D-4B1C-B19A-6208F724DE3A-300x200.jpeg\" alt=\"\" width=\"300\" height=\"200\" srcset=\"https:\/\/www.asevegarches.fr\/blog\/wp-content\/uploads\/2020\/04\/8890BE55-6C1D-4B1C-B19A-6208F724DE3A-300x200.jpeg 300w, https:\/\/www.asevegarches.fr\/blog\/wp-content\/uploads\/2020\/04\/8890BE55-6C1D-4B1C-B19A-6208F724DE3A-768x512.jpeg 768w, https:\/\/www.asevegarches.fr\/blog\/wp-content\/uploads\/2020\/04\/8890BE55-6C1D-4B1C-B19A-6208F724DE3A-1024x683.jpeg 1024w, https:\/\/www.asevegarches.fr\/blog\/wp-content\/uploads\/2020\/04\/8890BE55-6C1D-4B1C-B19A-6208F724DE3A-600x400.jpeg 600w, https:\/\/www.asevegarches.fr\/blog\/wp-content\/uploads\/2020\/04\/8890BE55-6C1D-4B1C-B19A-6208F724DE3A.jpeg 1920w\" sizes=\"auto, (max-width: 300px) 100vw, 300px\" \/><\/a><\/p>\n<p>&nbsp;<\/p>\n<p>&nbsp;<\/p>\n<p>&nbsp;<\/p>\n<p>&nbsp;<\/p>\n<p>&nbsp;<\/p>\n","protected":false},"excerpt":{"rendered":"<p>28\/04\/2020 Les semaines de \u00ab\u00a0confinement\u00a0\u00bb, que nous subissons plus ou moins bien, peuvent nous conduire \u00e0 repenser notre mode de vie vers des plaisirs que nous offre la Nature. \u00c0 Garches et ses environs imm\u00e9diats (le Parc de Saint-Cloud, le<\/p>\n","protected":false},"author":1,"featured_media":0,"comment_status":"closed","ping_status":"open","sticky":false,"template":"","format":"standard","meta":{"_jetpack_newsletter_access":"","_jetpack_dont_email_post_to_subs":false,"_jetpack_newsletter_tier_id":0,"_jetpack_memberships_contains_paywalled_content":false,"_jetpack_memberships_contains_paid_content":false,"footnotes":""},"categories":[7],"tags":[59,58,57,60],"class_list":["post-3009","post","type-post","status-publish","format-standard","hentry","category-actualites","tag-arbres","tag-nature","tag-oiseaux","tag-plantes"],"yoast_head":"<!-- This site is optimized with the Yoast SEO plugin v27.5 - https:\/\/yoast.com\/product\/yoast-seo-wordpress\/ -->\n<title>LA NATURE \u00c0 GARCHES!! - ASEVE GARCHES<\/title>\n<meta name=\"robots\" content=\"index, follow, max-snippet:-1, max-image-preview:large, max-video-preview:-1\" \/>\n<link rel=\"canonical\" href=\"https:\/\/www.asevegarches.fr\/blog\/2020\/04\/28\/nature-a-garches\/\" \/>\n<meta property=\"og:locale\" content=\"fr_FR\" \/>\n<meta property=\"og:type\" content=\"article\" \/>\n<meta property=\"og:title\" content=\"LA NATURE \u00c0 GARCHES!! - ASEVE GARCHES\" \/>\n<meta property=\"og:description\" content=\"28\/04\/2020 Les semaines de \u00ab\u00a0confinement\u00a0\u00bb, que nous subissons plus ou moins bien, peuvent nous conduire \u00e0 repenser notre mode de vie vers des plaisirs que nous offre la Nature. \u00c0 Garches et ses environs imm\u00e9diats (le Parc de Saint-Cloud, le\" \/>\n<meta property=\"og:url\" content=\"https:\/\/www.asevegarches.fr\/blog\/2020\/04\/28\/nature-a-garches\/\" \/>\n<meta property=\"og:site_name\" content=\"ASEVE GARCHES\" \/>\n<meta property=\"article:published_time\" content=\"2020-04-28T17:46:25+00:00\" \/>\n<meta property=\"article:modified_time\" content=\"2020-04-28T19:27:46+00:00\" \/>\n<meta property=\"og:image\" content=\"https:\/\/www.asevegarches.fr\/blog\/wp-content\/uploads\/2020\/04\/JLL3-300x201.jpg\" \/>\n<meta name=\"author\" content=\"aseve\" \/>\n<meta name=\"twitter:card\" content=\"summary_large_image\" \/>\n<meta name=\"twitter:label1\" content=\"\u00c9crit par\" \/>\n\t<meta name=\"twitter:data1\" content=\"aseve\" \/>\n\t<meta name=\"twitter:label2\" content=\"Dur\u00e9e de lecture estim\u00e9e\" \/>\n\t<meta name=\"twitter:data2\" content=\"1 minute\" \/>\n<script type=\"application\/ld+json\" class=\"yoast-schema-graph\">{\"@context\":\"https:\\\/\\\/schema.org\",\"@graph\":[{\"@type\":\"Article\",\"@id\":\"https:\\\/\\\/www.asevegarches.fr\\\/blog\\\/2020\\\/04\\\/28\\\/nature-a-garches\\\/#article\",\"isPartOf\":{\"@id\":\"https:\\\/\\\/www.asevegarches.fr\\\/blog\\\/2020\\\/04\\\/28\\\/nature-a-garches\\\/\"},\"author\":{\"name\":\"aseve\",\"@id\":\"https:\\\/\\\/www.asevegarches.fr\\\/blog\\\/#\\\/schema\\\/person\\\/428c8c0bdd5ce55a52d81a86ee606c15\"},\"headline\":\"LA NATURE \u00c0 GARCHES!!\",\"datePublished\":\"2020-04-28T17:46:25+00:00\",\"dateModified\":\"2020-04-28T19:27:46+00:00\",\"mainEntityOfPage\":{\"@id\":\"https:\\\/\\\/www.asevegarches.fr\\\/blog\\\/2020\\\/04\\\/28\\\/nature-a-garches\\\/\"},\"wordCount\":117,\"publisher\":{\"@id\":\"https:\\\/\\\/www.asevegarches.fr\\\/blog\\\/#organization\"},\"image\":{\"@id\":\"https:\\\/\\\/www.asevegarches.fr\\\/blog\\\/2020\\\/04\\\/28\\\/nature-a-garches\\\/#primaryimage\"},\"thumbnailUrl\":\"https:\\\/\\\/www.asevegarches.fr\\\/blog\\\/wp-content\\\/uploads\\\/2020\\\/04\\\/JLL3-300x201.jpg\",\"keywords\":[\"arbres\",\"nature\",\"oiseaux\",\"plantes\"],\"articleSection\":[\"Actualit\u00e9s\"],\"inLanguage\":\"fr-FR\"},{\"@type\":\"WebPage\",\"@id\":\"https:\\\/\\\/www.asevegarches.fr\\\/blog\\\/2020\\\/04\\\/28\\\/nature-a-garches\\\/\",\"url\":\"https:\\\/\\\/www.asevegarches.fr\\\/blog\\\/2020\\\/04\\\/28\\\/nature-a-garches\\\/\",\"name\":\"LA NATURE \u00c0 GARCHES!! - ASEVE GARCHES\",\"isPartOf\":{\"@id\":\"https:\\\/\\\/www.asevegarches.fr\\\/blog\\\/#website\"},\"primaryImageOfPage\":{\"@id\":\"https:\\\/\\\/www.asevegarches.fr\\\/blog\\\/2020\\\/04\\\/28\\\/nature-a-garches\\\/#primaryimage\"},\"image\":{\"@id\":\"https:\\\/\\\/www.asevegarches.fr\\\/blog\\\/2020\\\/04\\\/28\\\/nature-a-garches\\\/#primaryimage\"},\"thumbnailUrl\":\"https:\\\/\\\/www.asevegarches.fr\\\/blog\\\/wp-content\\\/uploads\\\/2020\\\/04\\\/JLL3-300x201.jpg\",\"datePublished\":\"2020-04-28T17:46:25+00:00\",\"dateModified\":\"2020-04-28T19:27:46+00:00\",\"breadcrumb\":{\"@id\":\"https:\\\/\\\/www.asevegarches.fr\\\/blog\\\/2020\\\/04\\\/28\\\/nature-a-garches\\\/#breadcrumb\"},\"inLanguage\":\"fr-FR\",\"potentialAction\":[{\"@type\":\"ReadAction\",\"target\":[\"https:\\\/\\\/www.asevegarches.fr\\\/blog\\\/2020\\\/04\\\/28\\\/nature-a-garches\\\/\"]}]},{\"@type\":\"ImageObject\",\"inLanguage\":\"fr-FR\",\"@id\":\"https:\\\/\\\/www.asevegarches.fr\\\/blog\\\/2020\\\/04\\\/28\\\/nature-a-garches\\\/#primaryimage\",\"url\":\"https:\\\/\\\/www.asevegarches.fr\\\/blog\\\/wp-content\\\/uploads\\\/2020\\\/04\\\/JLL3.jpg\",\"contentUrl\":\"https:\\\/\\\/www.asevegarches.fr\\\/blog\\\/wp-content\\\/uploads\\\/2020\\\/04\\\/JLL3.jpg\",\"width\":453,\"height\":304},{\"@type\":\"BreadcrumbList\",\"@id\":\"https:\\\/\\\/www.asevegarches.fr\\\/blog\\\/2020\\\/04\\\/28\\\/nature-a-garches\\\/#breadcrumb\",\"itemListElement\":[{\"@type\":\"ListItem\",\"position\":1,\"name\":\"Accueil\",\"item\":\"https:\\\/\\\/www.asevegarches.fr\\\/blog\\\/\"},{\"@type\":\"ListItem\",\"position\":2,\"name\":\"LA NATURE \u00c0 GARCHES!!\"}]},{\"@type\":\"WebSite\",\"@id\":\"https:\\\/\\\/www.asevegarches.fr\\\/blog\\\/#website\",\"url\":\"https:\\\/\\\/www.asevegarches.fr\\\/blog\\\/\",\"name\":\"ASEVE GARCHES\",\"description\":\"\",\"publisher\":{\"@id\":\"https:\\\/\\\/www.asevegarches.fr\\\/blog\\\/#organization\"},\"potentialAction\":[{\"@type\":\"SearchAction\",\"target\":{\"@type\":\"EntryPoint\",\"urlTemplate\":\"https:\\\/\\\/www.asevegarches.fr\\\/blog\\\/?s={search_term_string}\"},\"query-input\":{\"@type\":\"PropertyValueSpecification\",\"valueRequired\":true,\"valueName\":\"search_term_string\"}}],\"inLanguage\":\"fr-FR\"},{\"@type\":\"Organization\",\"@id\":\"https:\\\/\\\/www.asevegarches.fr\\\/blog\\\/#organization\",\"name\":\"Association de Sauvegarde des Espaces Verts et de l'Environnement\",\"alternateName\":\"ASEVE\",\"url\":\"https:\\\/\\\/www.asevegarches.fr\\\/blog\\\/\",\"logo\":{\"@type\":\"ImageObject\",\"inLanguage\":\"fr-FR\",\"@id\":\"https:\\\/\\\/www.asevegarches.fr\\\/blog\\\/#\\\/schema\\\/logo\\\/image\\\/\",\"url\":\"https:\\\/\\\/i0.wp.com\\\/www.asevegarches.fr\\\/blog\\\/wp-content\\\/uploads\\\/2022\\\/10\\\/LOGO_logo-facebook.jpg?fit=1501%2C1501\",\"contentUrl\":\"https:\\\/\\\/i0.wp.com\\\/www.asevegarches.fr\\\/blog\\\/wp-content\\\/uploads\\\/2022\\\/10\\\/LOGO_logo-facebook.jpg?fit=1501%2C1501\",\"width\":1501,\"height\":1501,\"caption\":\"Association de Sauvegarde des Espaces Verts et de l'Environnement\"},\"image\":{\"@id\":\"https:\\\/\\\/www.asevegarches.fr\\\/blog\\\/#\\\/schema\\\/logo\\\/image\\\/\"}},{\"@type\":\"Person\",\"@id\":\"https:\\\/\\\/www.asevegarches.fr\\\/blog\\\/#\\\/schema\\\/person\\\/428c8c0bdd5ce55a52d81a86ee606c15\",\"name\":\"aseve\",\"image\":{\"@type\":\"ImageObject\",\"inLanguage\":\"fr-FR\",\"@id\":\"https:\\\/\\\/secure.gravatar.com\\\/avatar\\\/ecef828e21d04ee42984b2273fa699b5c50be14dac440c25fd3edc29fb334f7b?s=96&d=mm&r=g\",\"url\":\"https:\\\/\\\/secure.gravatar.com\\\/avatar\\\/ecef828e21d04ee42984b2273fa699b5c50be14dac440c25fd3edc29fb334f7b?s=96&d=mm&r=g\",\"contentUrl\":\"https:\\\/\\\/secure.gravatar.com\\\/avatar\\\/ecef828e21d04ee42984b2273fa699b5c50be14dac440c25fd3edc29fb334f7b?s=96&d=mm&r=g\",\"caption\":\"aseve\"},\"url\":\"https:\\\/\\\/www.asevegarches.fr\\\/blog\\\/author\\\/admin\\\/\"}]}<\/script>\n<!-- \/ Yoast SEO plugin. -->","yoast_head_json":{"title":"LA NATURE \u00c0 GARCHES!! - ASEVE GARCHES","robots":{"index":"index","follow":"follow","max-snippet":"max-snippet:-1","max-image-preview":"max-image-preview:large","max-video-preview":"max-video-preview:-1"},"canonical":"https:\/\/www.asevegarches.fr\/blog\/2020\/04\/28\/nature-a-garches\/","og_locale":"fr_FR","og_type":"article","og_title":"LA NATURE \u00c0 GARCHES!! - ASEVE GARCHES","og_description":"28\/04\/2020 Les semaines de \u00ab\u00a0confinement\u00a0\u00bb, que nous subissons plus ou moins bien, peuvent nous conduire \u00e0 repenser notre mode de vie vers des plaisirs que nous offre la Nature. \u00c0 Garches et ses environs imm\u00e9diats (le Parc de Saint-Cloud, le","og_url":"https:\/\/www.asevegarches.fr\/blog\/2020\/04\/28\/nature-a-garches\/","og_site_name":"ASEVE GARCHES","article_published_time":"2020-04-28T17:46:25+00:00","article_modified_time":"2020-04-28T19:27:46+00:00","og_image":[{"url":"https:\/\/www.asevegarches.fr\/blog\/wp-content\/uploads\/2020\/04\/JLL3-300x201.jpg","type":"","width":"","height":""}],"author":"aseve","twitter_card":"summary_large_image","twitter_misc":{"\u00c9crit par":"aseve","Dur\u00e9e de lecture estim\u00e9e":"1 minute"},"schema":{"@context":"https:\/\/schema.org","@graph":[{"@type":"Article","@id":"https:\/\/www.asevegarches.fr\/blog\/2020\/04\/28\/nature-a-garches\/#article","isPartOf":{"@id":"https:\/\/www.asevegarches.fr\/blog\/2020\/04\/28\/nature-a-garches\/"},"author":{"name":"aseve","@id":"https:\/\/www.asevegarches.fr\/blog\/#\/schema\/person\/428c8c0bdd5ce55a52d81a86ee606c15"},"headline":"LA NATURE \u00c0 GARCHES!!","datePublished":"2020-04-28T17:46:25+00:00","dateModified":"2020-04-28T19:27:46+00:00","mainEntityOfPage":{"@id":"https:\/\/www.asevegarches.fr\/blog\/2020\/04\/28\/nature-a-garches\/"},"wordCount":117,"publisher":{"@id":"https:\/\/www.asevegarches.fr\/blog\/#organization"},"image":{"@id":"https:\/\/www.asevegarches.fr\/blog\/2020\/04\/28\/nature-a-garches\/#primaryimage"},"thumbnailUrl":"https:\/\/www.asevegarches.fr\/blog\/wp-content\/uploads\/2020\/04\/JLL3-300x201.jpg","keywords":["arbres","nature","oiseaux","plantes"],"articleSection":["Actualit\u00e9s"],"inLanguage":"fr-FR"},{"@type":"WebPage","@id":"https:\/\/www.asevegarches.fr\/blog\/2020\/04\/28\/nature-a-garches\/","url":"https:\/\/www.asevegarches.fr\/blog\/2020\/04\/28\/nature-a-garches\/","name":"LA NATURE \u00c0 GARCHES!! - ASEVE GARCHES","isPartOf":{"@id":"https:\/\/www.asevegarches.fr\/blog\/#website"},"primaryImageOfPage":{"@id":"https:\/\/www.asevegarches.fr\/blog\/2020\/04\/28\/nature-a-garches\/#primaryimage"},"image":{"@id":"https:\/\/www.asevegarches.fr\/blog\/2020\/04\/28\/nature-a-garches\/#primaryimage"},"thumbnailUrl":"https:\/\/www.asevegarches.fr\/blog\/wp-content\/uploads\/2020\/04\/JLL3-300x201.jpg","datePublished":"2020-04-28T17:46:25+00:00","dateModified":"2020-04-28T19:27:46+00:00","breadcrumb":{"@id":"https:\/\/www.asevegarches.fr\/blog\/2020\/04\/28\/nature-a-garches\/#breadcrumb"},"inLanguage":"fr-FR","potentialAction":[{"@type":"ReadAction","target":["https:\/\/www.asevegarches.fr\/blog\/2020\/04\/28\/nature-a-garches\/"]}]},{"@type":"ImageObject","inLanguage":"fr-FR","@id":"https:\/\/www.asevegarches.fr\/blog\/2020\/04\/28\/nature-a-garches\/#primaryimage","url":"https:\/\/www.asevegarches.fr\/blog\/wp-content\/uploads\/2020\/04\/JLL3.jpg","contentUrl":"https:\/\/www.asevegarches.fr\/blog\/wp-content\/uploads\/2020\/04\/JLL3.jpg","width":453,"height":304},{"@type":"BreadcrumbList","@id":"https:\/\/www.asevegarches.fr\/blog\/2020\/04\/28\/nature-a-garches\/#breadcrumb","itemListElement":[{"@type":"ListItem","position":1,"name":"Accueil","item":"https:\/\/www.asevegarches.fr\/blog\/"},{"@type":"ListItem","position":2,"name":"LA NATURE \u00c0 GARCHES!!"}]},{"@type":"WebSite","@id":"https:\/\/www.asevegarches.fr\/blog\/#website","url":"https:\/\/www.asevegarches.fr\/blog\/","name":"ASEVE GARCHES","description":"","publisher":{"@id":"https:\/\/www.asevegarches.fr\/blog\/#organization"},"potentialAction":[{"@type":"SearchAction","target":{"@type":"EntryPoint","urlTemplate":"https:\/\/www.asevegarches.fr\/blog\/?s={search_term_string}"},"query-input":{"@type":"PropertyValueSpecification","valueRequired":true,"valueName":"search_term_string"}}],"inLanguage":"fr-FR"},{"@type":"Organization","@id":"https:\/\/www.asevegarches.fr\/blog\/#organization","name":"Association de Sauvegarde des Espaces Verts et de l'Environnement","alternateName":"ASEVE","url":"https:\/\/www.asevegarches.fr\/blog\/","logo":{"@type":"ImageObject","inLanguage":"fr-FR","@id":"https:\/\/www.asevegarches.fr\/blog\/#\/schema\/logo\/image\/","url":"https:\/\/i0.wp.com\/www.asevegarches.fr\/blog\/wp-content\/uploads\/2022\/10\/LOGO_logo-facebook.jpg?fit=1501%2C1501","contentUrl":"https:\/\/i0.wp.com\/www.asevegarches.fr\/blog\/wp-content\/uploads\/2022\/10\/LOGO_logo-facebook.jpg?fit=1501%2C1501","width":1501,"height":1501,"caption":"Association de Sauvegarde des Espaces Verts et de l'Environnement"},"image":{"@id":"https:\/\/www.asevegarches.fr\/blog\/#\/schema\/logo\/image\/"}},{"@type":"Person","@id":"https:\/\/www.asevegarches.fr\/blog\/#\/schema\/person\/428c8c0bdd5ce55a52d81a86ee606c15","name":"aseve","image":{"@type":"ImageObject","inLanguage":"fr-FR","@id":"https:\/\/secure.gravatar.com\/avatar\/ecef828e21d04ee42984b2273fa699b5c50be14dac440c25fd3edc29fb334f7b?s=96&d=mm&r=g","url":"https:\/\/secure.gravatar.com\/avatar\/ecef828e21d04ee42984b2273fa699b5c50be14dac440c25fd3edc29fb334f7b?s=96&d=mm&r=g","contentUrl":"https:\/\/secure.gravatar.com\/avatar\/ecef828e21d04ee42984b2273fa699b5c50be14dac440c25fd3edc29fb334f7b?s=96&d=mm&r=g","caption":"aseve"},"url":"https:\/\/www.asevegarches.fr\/blog\/author\/admin\/"}]}},"jetpack_featured_media_url":"","jetpack_sharing_enabled":true,"jetpack_shortlink":"https:\/\/wp.me\/p6YGVC-Mx","jetpack-related-posts":[{"id":185,"url":"https:\/\/www.asevegarches.fr\/blog\/2015\/03\/06\/les-arbres-a-garches\/","url_meta":{"origin":3009,"position":0},"title":"Les arbres \u00e0 Garches","author":"aseve","date":"6 mars 2015","format":false,"excerpt":"Dans le cadre de la pr\u00e9paration du PLU, les associations ESPACES et ASEVE ont men\u00e9 une \u00e9tude approfondie sur les arbres de Garches qui poss\u00e8de un patrimoine vert d'une grande diversit\u00e9. La ville compte plus de deux cents arbres remarquables dont beaucoup de ch\u00eanes et de c\u00e8dres. Mais saviez-vous que\u2026","rel":"","context":"Dans &quot;Actualit\u00e9s&quot;","block_context":{"text":"Actualit\u00e9s","link":"https:\/\/www.asevegarches.fr\/blog\/category\/actualites\/"},"img":{"alt_text":"Ginkgo biloba","src":"https:\/\/i0.wp.com\/3.bp.blogspot.com\/-3sI-VoSrVws\/VOr_19UpxqI\/AAAAAAAAAg8\/nuVlFROFgzM\/s1600\/gimco%2Bbiloa.JPG?resize=350%2C200","width":350,"height":200},"classes":[]},{"id":3309,"url":"https:\/\/www.asevegarches.fr\/blog\/2023\/03\/23\/reamenagement-du-boulevard-raymond-poincare-entre-garches-et-vaucresson\/","url_meta":{"origin":3009,"position":1},"title":"R\u00e9am\u00e9nagement du boulevard Raymond Poincar\u00e9 entre Garches et Vaucresson.","author":"Contact","date":"23 mars 2023","format":false,"excerpt":"L\u2019ASEVE continue de promouvoir des espaces de mobilit\u00e9 respectueux de l\u2019environnement. Elle pr\u00f4ne notamment une voierie o\u00f9 chacun respecte l\u2019autre, automobiliste, cycliste, pi\u00e9tons.. Dans cette perspective, elle promeut \u00e0 chaque fois que possible des espaces d\u00e9di\u00e9s en fonction de l\u2019usage (trottoir, piste cyclables) et lorsque cela n\u2019est pas possible compte\u2026","rel":"","context":"Dans &quot;Actualit\u00e9s&quot;","block_context":{"text":"Actualit\u00e9s","link":"https:\/\/www.asevegarches.fr\/blog\/category\/actualites\/"},"img":{"alt_text":"","src":"https:\/\/i0.wp.com\/www.asevegarches.fr\/blog\/wp-content\/uploads\/2023\/03\/BLD-RAYMOND-POINCARE-APRES.jpg?resize=350%2C200&ssl=1","width":350,"height":200},"classes":[]},{"id":2998,"url":"https:\/\/www.asevegarches.fr\/blog\/2020\/03\/03\/reponses-3-listes-aux-10-questions-de-laseve\/","url_meta":{"origin":3009,"position":2},"title":"Les r\u00e9ponses des 3 listes aux 10 questions de l&rsquo;ASEVE","author":"aseve","date":"3 mars 2020","format":false,"excerpt":"03\/03\/2020 Les 10 demandes de l'ASEVE 1-Une collecte des d\u00e9chets plus efficace -Passage de 3 \u00e0 2 collectes des d\u00e9chets m\u00e9nagers par semaine. -Suivi de l\u2019impact de l\u2019extension des consignes de tri sur le taux de remplissage des bacs jaunes. Ajustement \u00e9ventuel du nombre de collectes ou du nombre ou\u2026","rel":"","context":"Dans &quot;Actualit\u00e9s&quot;","block_context":{"text":"Actualit\u00e9s","link":"https:\/\/www.asevegarches.fr\/blog\/category\/actualites\/"},"img":{"alt_text":"","src":"https:\/\/i0.wp.com\/www.asevegarches.fr\/blog\/wp-content\/uploads\/2020\/02\/flag-3283466_1920-300x199.jpg?resize=350%2C200&ssl=1","width":350,"height":200},"classes":[]},{"id":3584,"url":"https:\/\/www.asevegarches.fr\/blog\/2024\/12\/29\/hommage-a-jean-louis-legens\/","url_meta":{"origin":3009,"position":3},"title":"HOMMAGE \u00c0 JEAN-LOUIS LEGENS","author":"Contact","date":"29 d\u00e9cembre 2024","format":false,"excerpt":"Fervent d\u00e9fenseur de la nature, Jean-Louis LEGENS, Pr\u00e9sident de l'ASEVE de 2011 \u00e0 2021, d\u00e9c\u00e9d\u00e9 en d\u00e9but d'ann\u00e9e 2024, a \u0153uvr\u00e9 pour la pr\u00e9servation du patrimoine et a notamment particip\u00e9 \u00e0 l'\u00e9laboration du recensement des arbres remarquables de la commune de Garches. Jeanne B\u00c9CART, au nom de la municipalit\u00e9, a\u2026","rel":"","context":"Dans &quot;Non class\u00e9&quot;","block_context":{"text":"Non class\u00e9","link":"https:\/\/www.asevegarches.fr\/blog\/category\/non-classe\/"},"img":{"alt_text":"","src":"https:\/\/i0.wp.com\/www.asevegarches.fr\/blog\/wp-content\/uploads\/2024\/12\/IMG_9554-edited.jpg?resize=350%2C200&ssl=1","width":350,"height":200,"srcset":"https:\/\/i0.wp.com\/www.asevegarches.fr\/blog\/wp-content\/uploads\/2024\/12\/IMG_9554-edited.jpg?resize=350%2C200&ssl=1 1x, https:\/\/i0.wp.com\/www.asevegarches.fr\/blog\/wp-content\/uploads\/2024\/12\/IMG_9554-edited.jpg?resize=525%2C300&ssl=1 1.5x, https:\/\/i0.wp.com\/www.asevegarches.fr\/blog\/wp-content\/uploads\/2024\/12\/IMG_9554-edited.jpg?resize=700%2C400&ssl=1 2x, https:\/\/i0.wp.com\/www.asevegarches.fr\/blog\/wp-content\/uploads\/2024\/12\/IMG_9554-edited.jpg?resize=1050%2C600&ssl=1 3x"},"classes":[]},{"id":3917,"url":"https:\/\/www.asevegarches.fr\/blog\/2026\/04\/12\/la-charte-de-larbre\/","url_meta":{"origin":3009,"position":4},"title":"La Charte de l&rsquo;Arbre","author":"aseve","date":"12 avril 2026","format":false,"excerpt":"La ville de Garches a adopt\u00e9, comme d'autres communes limitrophes, une\u00a0\"Charte de l'arbre\" (approuv\u00e9e lors du Conseil municipal du 2 avril 2026). Ce document d\u00e9taille les\u00a0engagements de la commune\u00a0en faveur de son patrimoine arbor\u00e9, ainsi que les\u00a0b\u00e9n\u00e9fices environnementaux, climatiques et sociaux\u00a0associ\u00e9s. Il comprend \u00e9galement\u00a0: un\u00a0guide de gestion\u00a0(raisons d\u2019\u00e9laguer, recommandations de\u2026","rel":"","context":"Dans &quot;Actualit\u00e9s&quot;","block_context":{"text":"Actualit\u00e9s","link":"https:\/\/www.asevegarches.fr\/blog\/category\/actualites\/"},"img":{"alt_text":"","src":"https:\/\/i0.wp.com\/www.asevegarches.fr\/blog\/wp-content\/uploads\/2026\/04\/Photos-charte-arbre.jpg?resize=350%2C200&ssl=1","width":350,"height":200,"srcset":"https:\/\/i0.wp.com\/www.asevegarches.fr\/blog\/wp-content\/uploads\/2026\/04\/Photos-charte-arbre.jpg?resize=350%2C200&ssl=1 1x, https:\/\/i0.wp.com\/www.asevegarches.fr\/blog\/wp-content\/uploads\/2026\/04\/Photos-charte-arbre.jpg?resize=525%2C300&ssl=1 1.5x, https:\/\/i0.wp.com\/www.asevegarches.fr\/blog\/wp-content\/uploads\/2026\/04\/Photos-charte-arbre.jpg?resize=700%2C400&ssl=1 2x, https:\/\/i0.wp.com\/www.asevegarches.fr\/blog\/wp-content\/uploads\/2026\/04\/Photos-charte-arbre.jpg?resize=1050%2C600&ssl=1 3x, https:\/\/i0.wp.com\/www.asevegarches.fr\/blog\/wp-content\/uploads\/2026\/04\/Photos-charte-arbre.jpg?resize=1400%2C800&ssl=1 4x"},"classes":[]},{"id":192,"url":"https:\/\/www.asevegarches.fr\/blog\/2015\/03\/06\/les-arbres-de-garches-1\/","url_meta":{"origin":3009,"position":5},"title":"Conna\u00eetre le patrimoine arbor\u00e9","author":"aseve","date":"6 mars 2015","format":false,"excerpt":"Garches dispose d'un patrimoine vert d'une grande richesse et d'une grande diversit\u00e9. Dans le but de mieux le conna\u00eetre et de le prot\u00e9ger, la Mairie a confi\u00e9 \u00e0 l'ASEVE et \u00e0 l'association ESPACES la r\u00e9alisation d'une \u00e9tude sur les arbres remarquables de notre commune. Pour les identifier et les photographier,\u2026","rel":"","context":"Dans &quot;Actualit\u00e9s&quot;","block_context":{"text":"Actualit\u00e9s","link":"https:\/\/www.asevegarches.fr\/blog\/category\/actualites\/"},"img":{"alt_text":"Ch\u00eane p\u00e9doncul\u00e9","src":"https:\/\/i0.wp.com\/4.bp.blogspot.com\/-UU63dbQn6oo\/VH81Bi_u_NI\/AAAAAAAAAfk\/49mjOT62Zck\/s1600\/Quercus-Robur-L.63%2Crue-19%2Cjanvier.JPG?resize=350%2C200","width":350,"height":200},"classes":[]}],"_links":{"self":[{"href":"https:\/\/www.asevegarches.fr\/blog\/wp-json\/wp\/v2\/posts\/3009","targetHints":{"allow":["GET"]}}],"collection":[{"href":"https:\/\/www.asevegarches.fr\/blog\/wp-json\/wp\/v2\/posts"}],"about":[{"href":"https:\/\/www.asevegarches.fr\/blog\/wp-json\/wp\/v2\/types\/post"}],"author":[{"embeddable":true,"href":"https:\/\/www.asevegarches.fr\/blog\/wp-json\/wp\/v2\/users\/1"}],"replies":[{"embeddable":true,"href":"https:\/\/www.asevegarches.fr\/blog\/wp-json\/wp\/v2\/comments?post=3009"}],"version-history":[{"count":3,"href":"https:\/\/www.asevegarches.fr\/blog\/wp-json\/wp\/v2\/posts\/3009\/revisions"}],"predecessor-version":[{"id":3020,"href":"https:\/\/www.asevegarches.fr\/blog\/wp-json\/wp\/v2\/posts\/3009\/revisions\/3020"}],"wp:attachment":[{"href":"https:\/\/www.asevegarches.fr\/blog\/wp-json\/wp\/v2\/media?parent=3009"}],"wp:term":[{"taxonomy":"category","embeddable":true,"href":"https:\/\/www.asevegarches.fr\/blog\/wp-json\/wp\/v2\/categories?post=3009"},{"taxonomy":"post_tag","embeddable":true,"href":"https:\/\/www.asevegarches.fr\/blog\/wp-json\/wp\/v2\/tags?post=3009"}],"curies":[{"name":"wp","href":"https:\/\/api.w.org\/{rel}","templated":true}]}}