{"id":3002,"date":"2020-03-24T14:44:35","date_gmt":"2020-03-24T13:44:35","guid":{"rendered":"https:\/\/www.asevegarches.fr\/blog\/?p=3002"},"modified":"2020-03-24T14:52:46","modified_gmt":"2020-03-24T13:52:46","slug":"soutenons-commerces-garchois","status":"publish","type":"post","link":"https:\/\/www.asevegarches.fr\/blog\/2020\/03\/24\/soutenons-commerces-garchois\/","title":{"rendered":"SOUTENONS LES COMMERCES GARCHOIS!"},"content":{"rendered":"<p><span style=\"color: #808080;\">24\/03\/2020<\/span><\/p>\n<p><a href=\"https:\/\/www.asevegarches.fr\/blog\/wp-content\/uploads\/2020\/03\/image001.jpg\"><img loading=\"lazy\" decoding=\"async\" data-attachment-id=\"3003\" data-permalink=\"https:\/\/www.asevegarches.fr\/blog\/2020\/03\/24\/soutenons-commerces-garchois\/image001\/\" data-orig-file=\"https:\/\/www.asevegarches.fr\/blog\/wp-content\/uploads\/2020\/03\/image001.jpg\" data-orig-size=\"635,679\" data-comments-opened=\"0\" data-image-meta=\"{&quot;aperture&quot;:&quot;0&quot;,&quot;credit&quot;:&quot;&quot;,&quot;camera&quot;:&quot;&quot;,&quot;caption&quot;:&quot;&quot;,&quot;created_timestamp&quot;:&quot;0&quot;,&quot;copyright&quot;:&quot;&quot;,&quot;focal_length&quot;:&quot;0&quot;,&quot;iso&quot;:&quot;0&quot;,&quot;shutter_speed&quot;:&quot;0&quot;,&quot;title&quot;:&quot;&quot;,&quot;orientation&quot;:&quot;0&quot;}\" data-image-title=\"image001\" data-image-description=\"\" data-image-caption=\"\" data-large-file=\"https:\/\/www.asevegarches.fr\/blog\/wp-content\/uploads\/2020\/03\/image001.jpg\" class=\"size-medium wp-image-3003 alignleft\" src=\"https:\/\/www.asevegarches.fr\/blog\/wp-content\/uploads\/2020\/03\/image001-281x300.jpg\" alt=\"\" width=\"281\" height=\"300\" srcset=\"https:\/\/www.asevegarches.fr\/blog\/wp-content\/uploads\/2020\/03\/image001-281x300.jpg 281w, https:\/\/www.asevegarches.fr\/blog\/wp-content\/uploads\/2020\/03\/image001-600x642.jpg 600w, https:\/\/www.asevegarches.fr\/blog\/wp-content\/uploads\/2020\/03\/image001.jpg 635w\" sizes=\"auto, (max-width: 281px) 100vw, 281px\" \/><\/a>Les commer\u00e7ants de Garches ont cr\u00e9\u00e9 un groupe Facebook pour tenir inform\u00e9s leurs clients : actualit\u00e9s, infos, horaires d&rsquo;ouverture, livraison&#8230;<\/p>\n<p>En ces temps difficiles pour tous, c&rsquo;est important de soutenir nos commerces de proximit\u00e9.<\/p>\n<p>Rejoignez ce groupe Facebook et pensez \u00e0 invitez vos amis et voisins!<\/p>\n","protected":false},"excerpt":{"rendered":"<p>24\/03\/2020 Les commer\u00e7ants de Garches ont cr\u00e9\u00e9 un groupe Facebook pour tenir inform\u00e9s leurs clients : actualit\u00e9s, infos, horaires d&rsquo;ouverture, livraison&#8230; En ces temps difficiles pour tous, c&rsquo;est important de soutenir nos commerces de proximit\u00e9. Rejoignez ce groupe Facebook et<\/p>\n","protected":false},"author":1,"featured_media":0,"comment_status":"closed","ping_status":"open","sticky":false,"template":"","format":"standard","meta":{"_jetpack_newsletter_access":"","_jetpack_dont_email_post_to_subs":false,"_jetpack_newsletter_tier_id":0,"_jetpack_memberships_contains_paywalled_content":false,"_jetpack_memberships_contains_paid_content":false,"footnotes":""},"categories":[7],"tags":[],"class_list":["post-3002","post","type-post","status-publish","format-standard","hentry","category-actualites"],"yoast_head":"<!-- This site is optimized with the Yoast SEO plugin v27.5 - https:\/\/yoast.com\/product\/yoast-seo-wordpress\/ -->\n<title>SOUTENONS LES COMMERCES GARCHOIS! - ASEVE GARCHES<\/title>\n<meta name=\"robots\" content=\"index, follow, max-snippet:-1, max-image-preview:large, max-video-preview:-1\" \/>\n<link rel=\"canonical\" href=\"https:\/\/www.asevegarches.fr\/blog\/2020\/03\/24\/soutenons-commerces-garchois\/\" \/>\n<meta property=\"og:locale\" content=\"fr_FR\" \/>\n<meta property=\"og:type\" content=\"article\" \/>\n<meta property=\"og:title\" content=\"SOUTENONS LES COMMERCES GARCHOIS! - ASEVE GARCHES\" \/>\n<meta property=\"og:description\" content=\"24\/03\/2020 Les commer\u00e7ants de Garches ont cr\u00e9\u00e9 un groupe Facebook pour tenir inform\u00e9s leurs clients : actualit\u00e9s, infos, horaires d&rsquo;ouverture, livraison&#8230; En ces temps difficiles pour tous, c&rsquo;est important de soutenir nos commerces de proximit\u00e9. Rejoignez ce groupe Facebook et\" \/>\n<meta property=\"og:url\" content=\"https:\/\/www.asevegarches.fr\/blog\/2020\/03\/24\/soutenons-commerces-garchois\/\" \/>\n<meta property=\"og:site_name\" content=\"ASEVE GARCHES\" \/>\n<meta property=\"article:published_time\" content=\"2020-03-24T13:44:35+00:00\" \/>\n<meta property=\"article:modified_time\" content=\"2020-03-24T13:52:46+00:00\" \/>\n<meta property=\"og:image\" content=\"https:\/\/www.asevegarches.fr\/blog\/wp-content\/uploads\/2020\/03\/image001-281x300.jpg\" \/>\n<meta name=\"author\" content=\"aseve\" \/>\n<meta name=\"twitter:card\" content=\"summary_large_image\" \/>\n<meta name=\"twitter:label1\" content=\"\u00c9crit par\" \/>\n\t<meta name=\"twitter:data1\" content=\"aseve\" \/>\n<script type=\"application\/ld+json\" class=\"yoast-schema-graph\">{\"@context\":\"https:\\\/\\\/schema.org\",\"@graph\":[{\"@type\":\"Article\",\"@id\":\"https:\\\/\\\/www.asevegarches.fr\\\/blog\\\/2020\\\/03\\\/24\\\/soutenons-commerces-garchois\\\/#article\",\"isPartOf\":{\"@id\":\"https:\\\/\\\/www.asevegarches.fr\\\/blog\\\/2020\\\/03\\\/24\\\/soutenons-commerces-garchois\\\/\"},\"author\":{\"name\":\"aseve\",\"@id\":\"https:\\\/\\\/www.asevegarches.fr\\\/blog\\\/#\\\/schema\\\/person\\\/428c8c0bdd5ce55a52d81a86ee606c15\"},\"headline\":\"SOUTENONS LES COMMERCES GARCHOIS!\",\"datePublished\":\"2020-03-24T13:44:35+00:00\",\"dateModified\":\"2020-03-24T13:52:46+00:00\",\"mainEntityOfPage\":{\"@id\":\"https:\\\/\\\/www.asevegarches.fr\\\/blog\\\/2020\\\/03\\\/24\\\/soutenons-commerces-garchois\\\/\"},\"wordCount\":51,\"publisher\":{\"@id\":\"https:\\\/\\\/www.asevegarches.fr\\\/blog\\\/#organization\"},\"image\":{\"@id\":\"https:\\\/\\\/www.asevegarches.fr\\\/blog\\\/2020\\\/03\\\/24\\\/soutenons-commerces-garchois\\\/#primaryimage\"},\"thumbnailUrl\":\"https:\\\/\\\/www.asevegarches.fr\\\/blog\\\/wp-content\\\/uploads\\\/2020\\\/03\\\/image001-281x300.jpg\",\"articleSection\":[\"Actualit\u00e9s\"],\"inLanguage\":\"fr-FR\"},{\"@type\":\"WebPage\",\"@id\":\"https:\\\/\\\/www.asevegarches.fr\\\/blog\\\/2020\\\/03\\\/24\\\/soutenons-commerces-garchois\\\/\",\"url\":\"https:\\\/\\\/www.asevegarches.fr\\\/blog\\\/2020\\\/03\\\/24\\\/soutenons-commerces-garchois\\\/\",\"name\":\"SOUTENONS LES COMMERCES GARCHOIS! - ASEVE GARCHES\",\"isPartOf\":{\"@id\":\"https:\\\/\\\/www.asevegarches.fr\\\/blog\\\/#website\"},\"primaryImageOfPage\":{\"@id\":\"https:\\\/\\\/www.asevegarches.fr\\\/blog\\\/2020\\\/03\\\/24\\\/soutenons-commerces-garchois\\\/#primaryimage\"},\"image\":{\"@id\":\"https:\\\/\\\/www.asevegarches.fr\\\/blog\\\/2020\\\/03\\\/24\\\/soutenons-commerces-garchois\\\/#primaryimage\"},\"thumbnailUrl\":\"https:\\\/\\\/www.asevegarches.fr\\\/blog\\\/wp-content\\\/uploads\\\/2020\\\/03\\\/image001-281x300.jpg\",\"datePublished\":\"2020-03-24T13:44:35+00:00\",\"dateModified\":\"2020-03-24T13:52:46+00:00\",\"breadcrumb\":{\"@id\":\"https:\\\/\\\/www.asevegarches.fr\\\/blog\\\/2020\\\/03\\\/24\\\/soutenons-commerces-garchois\\\/#breadcrumb\"},\"inLanguage\":\"fr-FR\",\"potentialAction\":[{\"@type\":\"ReadAction\",\"target\":[\"https:\\\/\\\/www.asevegarches.fr\\\/blog\\\/2020\\\/03\\\/24\\\/soutenons-commerces-garchois\\\/\"]}]},{\"@type\":\"ImageObject\",\"inLanguage\":\"fr-FR\",\"@id\":\"https:\\\/\\\/www.asevegarches.fr\\\/blog\\\/2020\\\/03\\\/24\\\/soutenons-commerces-garchois\\\/#primaryimage\",\"url\":\"https:\\\/\\\/www.asevegarches.fr\\\/blog\\\/wp-content\\\/uploads\\\/2020\\\/03\\\/image001.jpg\",\"contentUrl\":\"https:\\\/\\\/www.asevegarches.fr\\\/blog\\\/wp-content\\\/uploads\\\/2020\\\/03\\\/image001.jpg\",\"width\":635,\"height\":679},{\"@type\":\"BreadcrumbList\",\"@id\":\"https:\\\/\\\/www.asevegarches.fr\\\/blog\\\/2020\\\/03\\\/24\\\/soutenons-commerces-garchois\\\/#breadcrumb\",\"itemListElement\":[{\"@type\":\"ListItem\",\"position\":1,\"name\":\"Accueil\",\"item\":\"https:\\\/\\\/www.asevegarches.fr\\\/blog\\\/\"},{\"@type\":\"ListItem\",\"position\":2,\"name\":\"SOUTENONS LES COMMERCES GARCHOIS!\"}]},{\"@type\":\"WebSite\",\"@id\":\"https:\\\/\\\/www.asevegarches.fr\\\/blog\\\/#website\",\"url\":\"https:\\\/\\\/www.asevegarches.fr\\\/blog\\\/\",\"name\":\"ASEVE GARCHES\",\"description\":\"\",\"publisher\":{\"@id\":\"https:\\\/\\\/www.asevegarches.fr\\\/blog\\\/#organization\"},\"potentialAction\":[{\"@type\":\"SearchAction\",\"target\":{\"@type\":\"EntryPoint\",\"urlTemplate\":\"https:\\\/\\\/www.asevegarches.fr\\\/blog\\\/?s={search_term_string}\"},\"query-input\":{\"@type\":\"PropertyValueSpecification\",\"valueRequired\":true,\"valueName\":\"search_term_string\"}}],\"inLanguage\":\"fr-FR\"},{\"@type\":\"Organization\",\"@id\":\"https:\\\/\\\/www.asevegarches.fr\\\/blog\\\/#organization\",\"name\":\"Association de Sauvegarde des Espaces Verts et de l'Environnement\",\"alternateName\":\"ASEVE\",\"url\":\"https:\\\/\\\/www.asevegarches.fr\\\/blog\\\/\",\"logo\":{\"@type\":\"ImageObject\",\"inLanguage\":\"fr-FR\",\"@id\":\"https:\\\/\\\/www.asevegarches.fr\\\/blog\\\/#\\\/schema\\\/logo\\\/image\\\/\",\"url\":\"https:\\\/\\\/i0.wp.com\\\/www.asevegarches.fr\\\/blog\\\/wp-content\\\/uploads\\\/2022\\\/10\\\/LOGO_logo-facebook.jpg?fit=1501%2C1501\",\"contentUrl\":\"https:\\\/\\\/i0.wp.com\\\/www.asevegarches.fr\\\/blog\\\/wp-content\\\/uploads\\\/2022\\\/10\\\/LOGO_logo-facebook.jpg?fit=1501%2C1501\",\"width\":1501,\"height\":1501,\"caption\":\"Association de Sauvegarde des Espaces Verts et de l'Environnement\"},\"image\":{\"@id\":\"https:\\\/\\\/www.asevegarches.fr\\\/blog\\\/#\\\/schema\\\/logo\\\/image\\\/\"}},{\"@type\":\"Person\",\"@id\":\"https:\\\/\\\/www.asevegarches.fr\\\/blog\\\/#\\\/schema\\\/person\\\/428c8c0bdd5ce55a52d81a86ee606c15\",\"name\":\"aseve\",\"image\":{\"@type\":\"ImageObject\",\"inLanguage\":\"fr-FR\",\"@id\":\"https:\\\/\\\/secure.gravatar.com\\\/avatar\\\/ecef828e21d04ee42984b2273fa699b5c50be14dac440c25fd3edc29fb334f7b?s=96&d=mm&r=g\",\"url\":\"https:\\\/\\\/secure.gravatar.com\\\/avatar\\\/ecef828e21d04ee42984b2273fa699b5c50be14dac440c25fd3edc29fb334f7b?s=96&d=mm&r=g\",\"contentUrl\":\"https:\\\/\\\/secure.gravatar.com\\\/avatar\\\/ecef828e21d04ee42984b2273fa699b5c50be14dac440c25fd3edc29fb334f7b?s=96&d=mm&r=g\",\"caption\":\"aseve\"},\"url\":\"https:\\\/\\\/www.asevegarches.fr\\\/blog\\\/author\\\/admin\\\/\"}]}<\/script>\n<!-- \/ Yoast SEO plugin. -->","yoast_head_json":{"title":"SOUTENONS LES COMMERCES GARCHOIS! - ASEVE GARCHES","robots":{"index":"index","follow":"follow","max-snippet":"max-snippet:-1","max-image-preview":"max-image-preview:large","max-video-preview":"max-video-preview:-1"},"canonical":"https:\/\/www.asevegarches.fr\/blog\/2020\/03\/24\/soutenons-commerces-garchois\/","og_locale":"fr_FR","og_type":"article","og_title":"SOUTENONS LES COMMERCES GARCHOIS! - ASEVE GARCHES","og_description":"24\/03\/2020 Les commer\u00e7ants de Garches ont cr\u00e9\u00e9 un groupe Facebook pour tenir inform\u00e9s leurs clients : actualit\u00e9s, infos, horaires d&rsquo;ouverture, livraison&#8230; En ces temps difficiles pour tous, c&rsquo;est important de soutenir nos commerces de proximit\u00e9. Rejoignez ce groupe Facebook et","og_url":"https:\/\/www.asevegarches.fr\/blog\/2020\/03\/24\/soutenons-commerces-garchois\/","og_site_name":"ASEVE GARCHES","article_published_time":"2020-03-24T13:44:35+00:00","article_modified_time":"2020-03-24T13:52:46+00:00","og_image":[{"url":"https:\/\/www.asevegarches.fr\/blog\/wp-content\/uploads\/2020\/03\/image001-281x300.jpg","type":"","width":"","height":""}],"author":"aseve","twitter_card":"summary_large_image","twitter_misc":{"\u00c9crit par":"aseve"},"schema":{"@context":"https:\/\/schema.org","@graph":[{"@type":"Article","@id":"https:\/\/www.asevegarches.fr\/blog\/2020\/03\/24\/soutenons-commerces-garchois\/#article","isPartOf":{"@id":"https:\/\/www.asevegarches.fr\/blog\/2020\/03\/24\/soutenons-commerces-garchois\/"},"author":{"name":"aseve","@id":"https:\/\/www.asevegarches.fr\/blog\/#\/schema\/person\/428c8c0bdd5ce55a52d81a86ee606c15"},"headline":"SOUTENONS LES COMMERCES GARCHOIS!","datePublished":"2020-03-24T13:44:35+00:00","dateModified":"2020-03-24T13:52:46+00:00","mainEntityOfPage":{"@id":"https:\/\/www.asevegarches.fr\/blog\/2020\/03\/24\/soutenons-commerces-garchois\/"},"wordCount":51,"publisher":{"@id":"https:\/\/www.asevegarches.fr\/blog\/#organization"},"image":{"@id":"https:\/\/www.asevegarches.fr\/blog\/2020\/03\/24\/soutenons-commerces-garchois\/#primaryimage"},"thumbnailUrl":"https:\/\/www.asevegarches.fr\/blog\/wp-content\/uploads\/2020\/03\/image001-281x300.jpg","articleSection":["Actualit\u00e9s"],"inLanguage":"fr-FR"},{"@type":"WebPage","@id":"https:\/\/www.asevegarches.fr\/blog\/2020\/03\/24\/soutenons-commerces-garchois\/","url":"https:\/\/www.asevegarches.fr\/blog\/2020\/03\/24\/soutenons-commerces-garchois\/","name":"SOUTENONS LES COMMERCES GARCHOIS! - ASEVE GARCHES","isPartOf":{"@id":"https:\/\/www.asevegarches.fr\/blog\/#website"},"primaryImageOfPage":{"@id":"https:\/\/www.asevegarches.fr\/blog\/2020\/03\/24\/soutenons-commerces-garchois\/#primaryimage"},"image":{"@id":"https:\/\/www.asevegarches.fr\/blog\/2020\/03\/24\/soutenons-commerces-garchois\/#primaryimage"},"thumbnailUrl":"https:\/\/www.asevegarches.fr\/blog\/wp-content\/uploads\/2020\/03\/image001-281x300.jpg","datePublished":"2020-03-24T13:44:35+00:00","dateModified":"2020-03-24T13:52:46+00:00","breadcrumb":{"@id":"https:\/\/www.asevegarches.fr\/blog\/2020\/03\/24\/soutenons-commerces-garchois\/#breadcrumb"},"inLanguage":"fr-FR","potentialAction":[{"@type":"ReadAction","target":["https:\/\/www.asevegarches.fr\/blog\/2020\/03\/24\/soutenons-commerces-garchois\/"]}]},{"@type":"ImageObject","inLanguage":"fr-FR","@id":"https:\/\/www.asevegarches.fr\/blog\/2020\/03\/24\/soutenons-commerces-garchois\/#primaryimage","url":"https:\/\/www.asevegarches.fr\/blog\/wp-content\/uploads\/2020\/03\/image001.jpg","contentUrl":"https:\/\/www.asevegarches.fr\/blog\/wp-content\/uploads\/2020\/03\/image001.jpg","width":635,"height":679},{"@type":"BreadcrumbList","@id":"https:\/\/www.asevegarches.fr\/blog\/2020\/03\/24\/soutenons-commerces-garchois\/#breadcrumb","itemListElement":[{"@type":"ListItem","position":1,"name":"Accueil","item":"https:\/\/www.asevegarches.fr\/blog\/"},{"@type":"ListItem","position":2,"name":"SOUTENONS LES COMMERCES GARCHOIS!"}]},{"@type":"WebSite","@id":"https:\/\/www.asevegarches.fr\/blog\/#website","url":"https:\/\/www.asevegarches.fr\/blog\/","name":"ASEVE GARCHES","description":"","publisher":{"@id":"https:\/\/www.asevegarches.fr\/blog\/#organization"},"potentialAction":[{"@type":"SearchAction","target":{"@type":"EntryPoint","urlTemplate":"https:\/\/www.asevegarches.fr\/blog\/?s={search_term_string}"},"query-input":{"@type":"PropertyValueSpecification","valueRequired":true,"valueName":"search_term_string"}}],"inLanguage":"fr-FR"},{"@type":"Organization","@id":"https:\/\/www.asevegarches.fr\/blog\/#organization","name":"Association de Sauvegarde des Espaces Verts et de l'Environnement","alternateName":"ASEVE","url":"https:\/\/www.asevegarches.fr\/blog\/","logo":{"@type":"ImageObject","inLanguage":"fr-FR","@id":"https:\/\/www.asevegarches.fr\/blog\/#\/schema\/logo\/image\/","url":"https:\/\/i0.wp.com\/www.asevegarches.fr\/blog\/wp-content\/uploads\/2022\/10\/LOGO_logo-facebook.jpg?fit=1501%2C1501","contentUrl":"https:\/\/i0.wp.com\/www.asevegarches.fr\/blog\/wp-content\/uploads\/2022\/10\/LOGO_logo-facebook.jpg?fit=1501%2C1501","width":1501,"height":1501,"caption":"Association de Sauvegarde des Espaces Verts et de l'Environnement"},"image":{"@id":"https:\/\/www.asevegarches.fr\/blog\/#\/schema\/logo\/image\/"}},{"@type":"Person","@id":"https:\/\/www.asevegarches.fr\/blog\/#\/schema\/person\/428c8c0bdd5ce55a52d81a86ee606c15","name":"aseve","image":{"@type":"ImageObject","inLanguage":"fr-FR","@id":"https:\/\/secure.gravatar.com\/avatar\/ecef828e21d04ee42984b2273fa699b5c50be14dac440c25fd3edc29fb334f7b?s=96&d=mm&r=g","url":"https:\/\/secure.gravatar.com\/avatar\/ecef828e21d04ee42984b2273fa699b5c50be14dac440c25fd3edc29fb334f7b?s=96&d=mm&r=g","contentUrl":"https:\/\/secure.gravatar.com\/avatar\/ecef828e21d04ee42984b2273fa699b5c50be14dac440c25fd3edc29fb334f7b?s=96&d=mm&r=g","caption":"aseve"},"url":"https:\/\/www.asevegarches.fr\/blog\/author\/admin\/"}]}},"jetpack_featured_media_url":"","jetpack_sharing_enabled":true,"jetpack_shortlink":"https:\/\/wp.me\/p6YGVC-Mq","jetpack-related-posts":[{"id":473,"url":"https:\/\/www.asevegarches.fr\/blog\/2015\/06\/17\/semaine-du-developpement-durable-9-mai-2015\/","url_meta":{"origin":3002,"position":0},"title":"Semaine du d\u00e9veloppement durable","author":"aseve","date":"17 juin 2015","format":false,"excerpt":"Rendez-vous honor\u00e9 \u00e0 Garches le 30 mai dernier o\u00f9 ont eu lieu les rencontres du d\u00e9veloppement durable. Ce fut une belle journ\u00e9e ensoleill\u00e9e. Petits et grands se sont retrouv\u00e9s autour des nombreux stands pour \u00e9voquer le d\u00e9veloppement durable : \u2022 un apiculteur et sa ruche, \u2022 les jardins familiaux du\u2026","rel":"","context":"Dans &quot;Actualit\u00e9s&quot;","block_context":{"text":"Actualit\u00e9s","link":"https:\/\/www.asevegarches.fr\/blog\/category\/actualites\/"},"img":{"alt_text":"D\u00e9veloppement durable - 1","src":"https:\/\/i0.wp.com\/2.bp.blogspot.com\/-L-CQeFwoeLg\/VXcEBJmoVOI\/AAAAAAAAAkk\/H9fCs3aZmTc\/s200\/2015%2B05%2B30%2BD%25C3%25A9veloppement%2Bdurable%2B%2B1.jpg?resize=350%2C200&ssl=1","width":350,"height":200},"classes":[]},{"id":3688,"url":"https:\/\/www.asevegarches.fr\/blog\/2025\/03\/21\/conference-jean-jouzel-13-mars-2025-du-diagnostic-a-laction\/","url_meta":{"origin":3002,"position":1},"title":"Conf\u00e9rence Jean JOUZEL &#8211; 13 mars 2025 : \u00ab\u00a0Du diagnostic \u00e0 l&rsquo;action\u00a0\u00bb","author":"Contact","date":"21 mars 2025","format":false,"excerpt":"Invit\u00e9 par\u00a0l\u2019ASEVE et le CDI,\u00a0par l\u2019interm\u00e9diaire de Patricia Savin, Garchoise,\u00a0\u00a0(Avocate, sp\u00e9cialiste dans\u00a0le\u00a0\u00a0Droit de l\u2019environnement et du D\u00e9veloppement Durable),\u00a0JEAN JOUZEL,\u00a0a captiv\u00e9 son auditoire \u00e0 l\u2019occasion\u00a0\u00a0de la conf\u00e9rence sur le r\u00e9chauffement climatique qui s\u2019est tenue au centre culturel Sidney Bechet\u00a0\u00a0en pr\u00e9sence de Jeanne B\u00e9cart, Maire de Garches. Jean Jouzel, n\u00e9 \u00e0 Janz\u00e9\u2026","rel":"","context":"Dans &quot;Actualit\u00e9s&quot;","block_context":{"text":"Actualit\u00e9s","link":"https:\/\/www.asevegarches.fr\/blog\/category\/actualites\/"},"img":{"alt_text":"","src":"https:\/\/i0.wp.com\/www.asevegarches.fr\/blog\/wp-content\/uploads\/2025\/03\/ML-DE-FACE-JB-JJ-scaled.jpg?resize=350%2C200&ssl=1","width":350,"height":200,"srcset":"https:\/\/i0.wp.com\/www.asevegarches.fr\/blog\/wp-content\/uploads\/2025\/03\/ML-DE-FACE-JB-JJ-scaled.jpg?resize=350%2C200&ssl=1 1x, https:\/\/i0.wp.com\/www.asevegarches.fr\/blog\/wp-content\/uploads\/2025\/03\/ML-DE-FACE-JB-JJ-scaled.jpg?resize=525%2C300&ssl=1 1.5x, https:\/\/i0.wp.com\/www.asevegarches.fr\/blog\/wp-content\/uploads\/2025\/03\/ML-DE-FACE-JB-JJ-scaled.jpg?resize=700%2C400&ssl=1 2x, https:\/\/i0.wp.com\/www.asevegarches.fr\/blog\/wp-content\/uploads\/2025\/03\/ML-DE-FACE-JB-JJ-scaled.jpg?resize=1050%2C600&ssl=1 3x, https:\/\/i0.wp.com\/www.asevegarches.fr\/blog\/wp-content\/uploads\/2025\/03\/ML-DE-FACE-JB-JJ-scaled.jpg?resize=1400%2C800&ssl=1 4x"},"classes":[]},{"id":3740,"url":"https:\/\/www.asevegarches.fr\/blog\/2025\/06\/13\/mers-et-oceans\/","url_meta":{"origin":3002,"position":2},"title":"MERS ET OC\u00c9ANS","author":"aseve","date":"13 juin 2025","format":false,"excerpt":"Alors qu'ils abritent des tr\u00e9sors de biodiversit\u00e9 et de pr\u00e9cieuses ressources pour les activit\u00e9s humaines, les oc\u00e9ans sont menac\u00e9s par la pollution et la surp\u00eache.\u00a0 De son c\u00f4t\u00e9, l'Union europ\u00e9enne tente de se positionner en acteur cl\u00e9, notamment en mati\u00e8re de d\u00e9carbonation du transport maritime ou de lutte contre les\u2026","rel":"","context":"Dans &quot;Actualit\u00e9s&quot;","block_context":{"text":"Actualit\u00e9s","link":"https:\/\/www.asevegarches.fr\/blog\/category\/actualites\/"},"img":{"alt_text":"","src":"https:\/\/i0.wp.com\/www.asevegarches.fr\/blog\/wp-content\/uploads\/2025\/06\/Image-oceans-02-150x150.jpg?resize=350%2C200&ssl=1","width":350,"height":200,"srcset":"https:\/\/i0.wp.com\/www.asevegarches.fr\/blog\/wp-content\/uploads\/2025\/06\/Image-oceans-02-150x150.jpg?resize=350%2C200&ssl=1 1x, https:\/\/i0.wp.com\/www.asevegarches.fr\/blog\/wp-content\/uploads\/2025\/06\/Image-oceans-02-150x150.jpg?resize=525%2C300&ssl=1 1.5x, https:\/\/i0.wp.com\/www.asevegarches.fr\/blog\/wp-content\/uploads\/2025\/06\/Image-oceans-02-150x150.jpg?resize=700%2C400&ssl=1 2x, https:\/\/i0.wp.com\/www.asevegarches.fr\/blog\/wp-content\/uploads\/2025\/06\/Image-oceans-02-150x150.jpg?resize=1050%2C600&ssl=1 3x"},"classes":[]},{"id":3487,"url":"https:\/\/www.asevegarches.fr\/blog\/2024\/07\/10\/quel-equipement-pour-faire-son-compost\/","url_meta":{"origin":3002,"position":3},"title":"QUEL \u00c9QUIPEMENT POUR FAIRE SON COMPOST ?","author":"aseve","date":"10 juillet 2024","format":false,"excerpt":"Il existe diffe\u0301rents types de syste\u0300mes pour faire du compost a\u0300 domicile avec ses de\u0301chets alimentaires et les ve\u0301ge\u0301taux coupe\u0301s du jardin. Quels sont-ils et ont-ils tous la me\u0302me efficacite\u0301 ? Cliquez ici, l\u2019ADEME vous donne toutes les solutions et la d\u00e9marche \u00e0 suivre","rel":"","context":"Dans &quot;Actualit\u00e9s&quot;","block_context":{"text":"Actualit\u00e9s","link":"https:\/\/www.asevegarches.fr\/blog\/category\/actualites\/"},"img":{"alt_text":"","src":"","width":0,"height":0},"classes":[]},{"id":3175,"url":"https:\/\/www.asevegarches.fr\/blog\/2021\/09\/14\/adieu-jean-claude-merci\/","url_meta":{"origin":3002,"position":4},"title":"Adieu Jean-Claude et Merci.","author":"Contact","date":"14 septembre 2021","format":false,"excerpt":"In Memoriam Notre ami Jean-Claude Pichot, nous a quitt\u00e9s le 27 aout 2021. Il laisse le souvenir d\u2018un homme affable, attentif aux autres et d\u2019une tr\u00e8s grande largeur d\u2019esprit. Pr\u00e9sident de l\u2019ASEVE pendant 17 ans \u00e0 partir de 1997, il fut un excellent animateur \u00e0 l\u2019\u00e9coute de tous, sachant pratiquer\u2026","rel":"","context":"Dans &quot;Actualit\u00e9s&quot;","block_context":{"text":"Actualit\u00e9s","link":"https:\/\/www.asevegarches.fr\/blog\/category\/actualites\/"},"img":{"alt_text":"","src":"https:\/\/i0.wp.com\/www.asevegarches.fr\/blog\/wp-content\/uploads\/2021\/09\/jean-claude-pichot-300x225.jpg?resize=350%2C200&ssl=1","width":350,"height":200},"classes":[]},{"id":487,"url":"https:\/\/www.asevegarches.fr\/blog\/2015\/06\/20\/atekiers-scolaires-et-animations-pour-les-jeunes-15042015\/","url_meta":{"origin":3002,"position":5},"title":"Ateliers scolaires et animations","author":"aseve","date":"20 juin 2015","format":false,"excerpt":"L'ASEVE reste fid\u00e8le \u00e0 son engagement de sensibilisation \u00e0 l'environnement en organisant des\u00a0ateliers-animations pour les enfants\u00a0des \u00e9coles de Garches dans le Domaine de Saint-Cloud, \u00e0 la sente Debat et au Domaine des 4 Vents. Sa d\u00e9marche p\u00e9dagogique est men\u00e9e en \u00e9troite collaboration avec les professeurs des \u00e9coles et se compose\u2026","rel":"","context":"Dans &quot;Actualit\u00e9s&quot;","block_context":{"text":"Actualit\u00e9s","link":"https:\/\/www.asevegarches.fr\/blog\/category\/actualites\/"},"img":{"alt_text":"Sortie scolaire","src":"https:\/\/i0.wp.com\/www.asevegarches.fr\/blog\/wp-content\/uploads\/2015\/06\/4.Animation.4VENTS-300x247.jpg?resize=350%2C200&ssl=1","width":350,"height":200},"classes":[]}],"_links":{"self":[{"href":"https:\/\/www.asevegarches.fr\/blog\/wp-json\/wp\/v2\/posts\/3002","targetHints":{"allow":["GET"]}}],"collection":[{"href":"https:\/\/www.asevegarches.fr\/blog\/wp-json\/wp\/v2\/posts"}],"about":[{"href":"https:\/\/www.asevegarches.fr\/blog\/wp-json\/wp\/v2\/types\/post"}],"author":[{"embeddable":true,"href":"https:\/\/www.asevegarches.fr\/blog\/wp-json\/wp\/v2\/users\/1"}],"replies":[{"embeddable":true,"href":"https:\/\/www.asevegarches.fr\/blog\/wp-json\/wp\/v2\/comments?post=3002"}],"version-history":[{"count":4,"href":"https:\/\/www.asevegarches.fr\/blog\/wp-json\/wp\/v2\/posts\/3002\/revisions"}],"predecessor-version":[{"id":3007,"href":"https:\/\/www.asevegarches.fr\/blog\/wp-json\/wp\/v2\/posts\/3002\/revisions\/3007"}],"wp:attachment":[{"href":"https:\/\/www.asevegarches.fr\/blog\/wp-json\/wp\/v2\/media?parent=3002"}],"wp:term":[{"taxonomy":"category","embeddable":true,"href":"https:\/\/www.asevegarches.fr\/blog\/wp-json\/wp\/v2\/categories?post=3002"},{"taxonomy":"post_tag","embeddable":true,"href":"https:\/\/www.asevegarches.fr\/blog\/wp-json\/wp\/v2\/tags?post=3002"}],"curies":[{"name":"wp","href":"https:\/\/api.w.org\/{rel}","templated":true}]}}