{"id":268,"date":"2015-03-18T10:47:12","date_gmt":"2015-03-18T09:47:12","guid":{"rendered":"https:\/\/www.asevegarches.fr\/blog\/?p=268"},"modified":"2015-09-25T17:08:31","modified_gmt":"2015-09-25T16:08:31","slug":"hippodrome-de-saint-cloud-liens","status":"publish","type":"post","link":"https:\/\/www.asevegarches.fr\/blog\/2015\/03\/18\/hippodrome-de-saint-cloud-liens\/","title":{"rendered":"Hippodrome de Saint-Cloud (Presse)"},"content":{"rendered":"<div><span style=\"font-family: Arial; font-size: small;\">Saint-Cloud Conf\u00e9rences de presse Hippodrome\u00a0<\/span><span style=\"font-family: Arial; font-size: small;\"><a href=\"http:\/\/www.saintcloud.fr\/actualite\">http:\/\/www.saintcloud.fr\/actualite<\/a><\/span><\/div>\n<div><span style=\"font-family: Arial; font-size: small;\">Suresnes <\/span><span style=\"font-family: Arial; font-size: small;\"><a href=\"http:\/\/www.suresnes.fr\/Actualites\/Preservons-l-hippodrome-de-Saint-Cloud\">http:\/\/www.suresnes.fr\/Actualites\/Preservons-l-hippodrome-de-Saint-Cloud<\/a><\/span><\/div>\n<div><span style=\"font-family: Arial; font-size: small;\">Rueil <\/span><span style=\"font-family: Arial; font-size: small;\"><a href=\"http:\/\/www.mairie-rueilmalmaison.fr\/petitionhippodrome\">http:\/\/www.mairie-rueilmalmaison.fr\/petitionhippodrome<\/a><\/span><\/div>\n<div>\n<div><span style=\"font-family: Arial; font-size: small;\">Garches <\/span><span style=\"font-family: Arial; font-size: small;\"><a href=\"http:\/\/www.ville-garches.fr\/templates\/mdg_2k6_home\/rubriqcinq.swf\">http:\/\/www.ville-garches.fr\/templates\/mdg_2k6_home\/rubriqcinq.swf<\/a><\/span><\/div>\n<\/div>\n<div><\/div>\n<div>\n<h3><span style=\"font-family: Arial; font-size: small;\"><span style=\"font-family: Times New Roman; font-size: medium;\"><strong>\u00a0<\/strong><\/span><\/span>p\u00e9tition <span style=\"font-family: Arial; font-size: small;\"><span style=\"font-family: Times New Roman; font-size: medium;\"><strong>en ligne<\/strong><\/span><\/span><\/h3>\n<p>(lanc\u00e9e par la Ville de Saint-Cloud et relay\u00e9 par le site de Rueil &amp; Suresnes &amp; Garches) sur le site mes opinions<\/p>\n<\/div>\n<div><span style=\"font-family: Arial; font-size: small;\">\u00a0<a href=\"http:\/\/www.mesopinions.com\/petition\/politique\/preservons-hippodrome-saint-cloud-construction-imposee\/13926\">http:\/\/www.mesopinions.com\/petition\/politique\/preservons-hippodrome-saint-cloud-construction-imposee\/13926<\/a><\/span><\/div>\n<div><\/div>\n<div>\n<h3><strong>Petit d\u00e9grossissage:<\/strong><\/h3>\n<p><span style=\"font-family: Arial; font-size: small;\"><strong>1- <\/strong><\/span><span style=\"font-size: small;\"><span style=\"font-family: Arial;\"><strong>Op<\/strong><\/span><span style=\"font-family: Arial;\"><strong>\u00e9ration d&rsquo;int\u00e9r\u00eat national<br \/>\n<\/strong><\/span><\/span><a href=\"http:\/\/fr.wikipedia.org\/wiki\/Op%C3%A9ration_d%27int%C3%A9r%C3%AAt_national\"><span style=\"font-family: Arial; font-size: small;\">http:\/\/fr.wikipedia.org\/wiki\/Op%C3%A9ration_d%27int%C3%A9r%C3%AAt_national<\/span><\/a><br \/>\n<span style=\"font-family: Arial;\"><span style=\"font-size: small;\">Les op\u00e9rations d&rsquo;int\u00e9r\u00eat national sont soumises \u00e0 l&rsquo;article L121-2 du code de l&rsquo;urbanisme<sup id=\"cite_ref-code_de_l.27urbanisme_1-0\"><a href=\"http:\/\/fr.wikipedia.org\/wiki\/Op\u00e9ration_d'int\u00e9r\u00eat_national#cite_note-code_de_l.27urbanisme-1\">1<\/a><\/sup>. Un d\u00e9cret en Conseil d&rsquo;\u00c9tat peut cr\u00e9er ou supprimer une OIN.<br \/>\nDans une op\u00e9ration d&rsquo;int\u00e9r\u00eat national, <span style=\"color: #ff0000;\">c&rsquo;est l&rsquo;<\/span><\/span><\/span><a title=\"\u00c9tat (France)\" href=\"http:\/\/fr.wikipedia.org\/wiki\/\u00c9tat_(France)\"><span style=\"color: #ff0000; font-family: Arial; font-size: small;\">\u00c9tat<\/span><\/a><span style=\"color: #ff0000; font-family: Arial; font-size: small;\"> et non la <\/span><a title=\"Commune (France)\" href=\"http:\/\/fr.wikipedia.org\/wiki\/Commune_(France)\"><span style=\"color: #ff0000; font-family: Arial; font-size: small;\">commune<\/span><\/a><span style=\"color: #ff0000; font-family: Arial; font-size: small;\"> qui d\u00e9livre les autorisations d&rsquo;occupation des sols et en particulier les <\/span><a title=\"Permis de construire\" href=\"http:\/\/fr.wikipedia.org\/wiki\/Permis_de_construire\"><span style=\"color: #ff0000; font-family: Arial; font-size: small;\">permis de construire<\/span><\/a><span style=\"font-family: Arial; font-size: small;\">.<br \/>\nDe m\u00eame, c&rsquo;est le pr\u00e9fet et non la commune qui d\u00e9cide de la cr\u00e9ation d&rsquo;une <\/span><a title=\"Zone d'am\u00e9nagement concert\u00e9\" href=\"http:\/\/fr.wikipedia.org\/wiki\/Zone_d'am\u00e9nagement_concert\u00e9\"><span style=\"font-family: Arial; font-size: small;\">zone d&rsquo;am\u00e9nagement concert\u00e9<\/span><\/a><span style=\"font-family: Arial; font-size: small;\"> (ZAC) \u00e0 l&rsquo;int\u00e9rieur d&rsquo;une OIN.<br \/>\nLa <\/span><a title=\"Loi portant engagement national pour le logement\" href=\"http:\/\/fr.wikipedia.org\/wiki\/Loi_portant_engagement_national_pour_le_logement\"><span style=\"font-family: Arial; font-size: small;\">loi portant engagement national pour le logement<\/span><\/a><span style=\"font-family: Arial; font-size: small;\">, dite <\/span><a title=\"Jean-Louis Borloo\" href=\"http:\/\/fr.wikipedia.org\/wiki\/Jean-Louis_Borloo\"><span style=\"font-family: Arial; font-size: small;\">Borloo<\/span><\/a><span style=\"font-family: Arial;\"><span style=\"font-size: small;\">, adopt\u00e9e en juillet 2006, vise \u00e0 conf\u00e9rer le caract\u00e8re d&rsquo;\u00ab\u00a0int\u00e9r\u00eat national\u00a0\u00bb \u00e0 des op\u00e9rations de logements sociaux sur <span style=\"color: #ff0000;\"><strong>des terrains appartenant \u00e0 l&rsquo;\u00c9tat ou \u00e0 ses <\/strong><\/span><\/span><\/span><a title=\"\u00c9tablissement public (France)\" href=\"http:\/\/fr.wikipedia.org\/wiki\/\u00c9tablissement_public_(France)\"><span style=\"color: #ff0000; font-family: Arial; font-size: small;\"><strong>\u00e9tablissements publics<\/strong><\/span><\/a><span style=\"color: #ff0000; font-family: Arial; font-size: small;\"><strong>.<\/strong><\/span><\/p>\n<\/div>\n<div>\n<div><\/div>\n<div><span style=\"font-family: Arial;\"><span style=\"font-size: small;\">2- <strong>Loi portant engagement national pour le logement<\/strong>:<br \/>\n<strong><a href=\"http:\/\/www.legifrance.gouv.fr\/affichTexte.do?cidTexte=JORFTEXT000000238980\">http:\/\/www.legifrance.gouv.fr\/affichTexte.do?cidTexte=JORFTEXT000000238980<\/a><\/strong><\/span><\/span><\/div>\n<div>\n<p><span style=\"font-family: Arial;\"><span style=\"font-size: small;\"><strong>3- La carte des projets<\/strong> (le JDD 11 octobre 2014)<br \/>\nVoici en avant-premi\u00e8re la liste des vingt secteurs d\u00e9sign\u00e9s en Ile-de-France comme \u00ab\u00a0sites \u00e0 fort potentiel de cr\u00e9ation de logements\u00a0\u00bb.<br \/>\nManuel Valls avait charg\u00e9 cet \u00e9t\u00e9 sa ministre au Logement, Sylvia Pinel (PRG), de concocter un \u00ab\u00a0v\u00e9ritable plan de mobilisation pour le logement en Ile-de-France (visant \u00e0) relancer rapidement et massivement la construction\u00a0\u00bb. Ses services devaient s\u2019atteler \u00e0 rep\u00e9rer \u00ab\u00a0une vingtaine de sites susceptibles de concentrer l\u2019attention des pouvoirs publics pour am\u00e9nager le plus rapidement possible des quartiers d\u2019avenir\u00a0\u00bb. Une liste de vingt secteurs a donc \u00e9t\u00e9 \u00e9tablie, que le <i>JDD<\/i> s\u2019est procur\u00e9e.<br \/>\n<\/span><a href=\"http:\/\/www.lejdd.fr\/JDD-Paris\/Logement-20-sites-retenus-pour-construire-en-Ile-de-France-693528\"><span style=\"font-size: small;\">http:\/\/www.lejdd.fr\/JDD-Paris\/Logement-20-sites-retenus-pour-construire-en-Ile-de-France-693528<\/span><\/a><\/span><\/p>\n<h4>Presse &amp; divers<\/h4>\n<p><a href=\"https:\/\/www.asevegarches.fr\/blog\/wp-content\/uploads\/2015\/03\/projet-hippodrome.docx\">projet hippodrome<\/a><\/p>\n<p><a href=\"https:\/\/www.asevegarches.fr\/blog\/wp-content\/uploads\/2015\/03\/tract-hippodrome-c92.pdf\">tract-hippodrome-c92<\/a><\/p>\n<div><span style=\"font-family: Arial; font-size: small;\"><a href=\"http:\/\/www.leparisien.fr\/reactions\/psg-foot-paris-saint-germain\/l-hippodrome-de-saint-cloud-interesse-le-psg-19-05-2013-2815973.php\">http:\/\/www.leparisien.fr\/reactions\/psg-foot-paris-saint-germain\/l-hippodrome-de-saint-cloud-interesse-le-psg-19-05-2013-2815973.php<\/a><\/span><\/div>\n<div><\/div>\n<p><span style=\"font-family: Arial; font-size: small;\"><a href=\"http:\/\/www.leparisien.fr\/espace-premium\/hauts-de-seine-92\/la-vente-de-l-hippodrome-laisse-perplexe-20-05-2013-2817343.php\">http:\/\/www.leparisien.fr\/espace-premium\/hauts-de-seine-92\/la-vente-de-l-hippodrome-laisse-perplexe-20-05-2013-2817343.php<\/a><\/span><\/p>\n<\/div>\n<\/div>\n<div><\/div>\n<div><\/div>\n","protected":false},"excerpt":{"rendered":"<p>Saint-Cloud Conf\u00e9rences de presse Hippodrome\u00a0http:\/\/www.saintcloud.fr\/actualite Suresnes http:\/\/www.suresnes.fr\/Actualites\/Preservons-l-hippodrome-de-Saint-Cloud Rueil http:\/\/www.mairie-rueilmalmaison.fr\/petitionhippodrome Garches http:\/\/www.ville-garches.fr\/templates\/mdg_2k6_home\/rubriqcinq.swf \u00a0p\u00e9tition en ligne (lanc\u00e9e par la Ville de Saint-Cloud et relay\u00e9 par le site de Rueil &amp; Suresnes &amp; Garches) sur le site mes opinions \u00a0http:\/\/www.mesopinions.com\/petition\/politique\/preservons-hippodrome-saint-cloud-construction-imposee\/13926 Petit d\u00e9grossissage: 1-<\/p>\n","protected":false},"author":1,"featured_media":0,"comment_status":"closed","ping_status":"open","sticky":false,"template":"","format":"standard","meta":{"_jetpack_newsletter_access":"","_jetpack_dont_email_post_to_subs":false,"_jetpack_newsletter_tier_id":0,"_jetpack_memberships_contains_paywalled_content":false,"_jetpack_memberships_contains_paid_content":false,"footnotes":""},"categories":[7,16],"tags":[18],"class_list":["post-268","post","type-post","status-publish","format-standard","hentry","category-actualites","category-environnement-2","tag-hippodrome"],"yoast_head":"<!-- This site is optimized with the Yoast SEO plugin v27.5 - https:\/\/yoast.com\/product\/yoast-seo-wordpress\/ -->\n<title>Hippodrome de Saint-Cloud (Presse) - ASEVE GARCHES<\/title>\n<meta name=\"robots\" content=\"index, follow, max-snippet:-1, max-image-preview:large, max-video-preview:-1\" \/>\n<link rel=\"canonical\" href=\"https:\/\/www.asevegarches.fr\/blog\/2015\/03\/18\/hippodrome-de-saint-cloud-liens\/\" \/>\n<meta property=\"og:locale\" content=\"fr_FR\" \/>\n<meta property=\"og:type\" content=\"article\" \/>\n<meta property=\"og:title\" content=\"Hippodrome de Saint-Cloud (Presse) - ASEVE GARCHES\" \/>\n<meta property=\"og:description\" content=\"Saint-Cloud Conf\u00e9rences de presse Hippodrome\u00a0http:\/\/www.saintcloud.fr\/actualite Suresnes http:\/\/www.suresnes.fr\/Actualites\/Preservons-l-hippodrome-de-Saint-Cloud Rueil http:\/\/www.mairie-rueilmalmaison.fr\/petitionhippodrome Garches http:\/\/www.ville-garches.fr\/templates\/mdg_2k6_home\/rubriqcinq.swf \u00a0p\u00e9tition en ligne (lanc\u00e9e par la Ville de Saint-Cloud et relay\u00e9 par le site de Rueil &amp; Suresnes &amp; Garches) sur le site mes opinions \u00a0http:\/\/www.mesopinions.com\/petition\/politique\/preservons-hippodrome-saint-cloud-construction-imposee\/13926 Petit d\u00e9grossissage: 1-\" \/>\n<meta property=\"og:url\" content=\"https:\/\/www.asevegarches.fr\/blog\/2015\/03\/18\/hippodrome-de-saint-cloud-liens\/\" \/>\n<meta property=\"og:site_name\" content=\"ASEVE GARCHES\" \/>\n<meta property=\"article:published_time\" content=\"2015-03-18T09:47:12+00:00\" \/>\n<meta property=\"article:modified_time\" content=\"2015-09-25T16:08:31+00:00\" \/>\n<meta name=\"author\" content=\"aseve\" \/>\n<meta name=\"twitter:card\" content=\"summary_large_image\" \/>\n<meta name=\"twitter:label1\" content=\"\u00c9crit par\" \/>\n\t<meta name=\"twitter:data1\" content=\"aseve\" \/>\n\t<meta name=\"twitter:label2\" content=\"Dur\u00e9e de lecture estim\u00e9e\" \/>\n\t<meta name=\"twitter:data2\" content=\"2 minutes\" \/>\n<script type=\"application\/ld+json\" class=\"yoast-schema-graph\">{\"@context\":\"https:\\\/\\\/schema.org\",\"@graph\":[{\"@type\":\"Article\",\"@id\":\"https:\\\/\\\/www.asevegarches.fr\\\/blog\\\/2015\\\/03\\\/18\\\/hippodrome-de-saint-cloud-liens\\\/#article\",\"isPartOf\":{\"@id\":\"https:\\\/\\\/www.asevegarches.fr\\\/blog\\\/2015\\\/03\\\/18\\\/hippodrome-de-saint-cloud-liens\\\/\"},\"author\":{\"name\":\"aseve\",\"@id\":\"https:\\\/\\\/www.asevegarches.fr\\\/blog\\\/#\\\/schema\\\/person\\\/428c8c0bdd5ce55a52d81a86ee606c15\"},\"headline\":\"Hippodrome de Saint-Cloud (Presse)\",\"datePublished\":\"2015-03-18T09:47:12+00:00\",\"dateModified\":\"2015-09-25T16:08:31+00:00\",\"mainEntityOfPage\":{\"@id\":\"https:\\\/\\\/www.asevegarches.fr\\\/blog\\\/2015\\\/03\\\/18\\\/hippodrome-de-saint-cloud-liens\\\/\"},\"wordCount\":391,\"publisher\":{\"@id\":\"https:\\\/\\\/www.asevegarches.fr\\\/blog\\\/#organization\"},\"keywords\":[\"hippodrome\"],\"articleSection\":[\"Actualit\u00e9s\",\"Environnement\"],\"inLanguage\":\"fr-FR\"},{\"@type\":\"WebPage\",\"@id\":\"https:\\\/\\\/www.asevegarches.fr\\\/blog\\\/2015\\\/03\\\/18\\\/hippodrome-de-saint-cloud-liens\\\/\",\"url\":\"https:\\\/\\\/www.asevegarches.fr\\\/blog\\\/2015\\\/03\\\/18\\\/hippodrome-de-saint-cloud-liens\\\/\",\"name\":\"Hippodrome de Saint-Cloud (Presse) - ASEVE GARCHES\",\"isPartOf\":{\"@id\":\"https:\\\/\\\/www.asevegarches.fr\\\/blog\\\/#website\"},\"datePublished\":\"2015-03-18T09:47:12+00:00\",\"dateModified\":\"2015-09-25T16:08:31+00:00\",\"breadcrumb\":{\"@id\":\"https:\\\/\\\/www.asevegarches.fr\\\/blog\\\/2015\\\/03\\\/18\\\/hippodrome-de-saint-cloud-liens\\\/#breadcrumb\"},\"inLanguage\":\"fr-FR\",\"potentialAction\":[{\"@type\":\"ReadAction\",\"target\":[\"https:\\\/\\\/www.asevegarches.fr\\\/blog\\\/2015\\\/03\\\/18\\\/hippodrome-de-saint-cloud-liens\\\/\"]}]},{\"@type\":\"BreadcrumbList\",\"@id\":\"https:\\\/\\\/www.asevegarches.fr\\\/blog\\\/2015\\\/03\\\/18\\\/hippodrome-de-saint-cloud-liens\\\/#breadcrumb\",\"itemListElement\":[{\"@type\":\"ListItem\",\"position\":1,\"name\":\"Accueil\",\"item\":\"https:\\\/\\\/www.asevegarches.fr\\\/blog\\\/\"},{\"@type\":\"ListItem\",\"position\":2,\"name\":\"Hippodrome de Saint-Cloud (Presse)\"}]},{\"@type\":\"WebSite\",\"@id\":\"https:\\\/\\\/www.asevegarches.fr\\\/blog\\\/#website\",\"url\":\"https:\\\/\\\/www.asevegarches.fr\\\/blog\\\/\",\"name\":\"ASEVE GARCHES\",\"description\":\"\",\"publisher\":{\"@id\":\"https:\\\/\\\/www.asevegarches.fr\\\/blog\\\/#organization\"},\"potentialAction\":[{\"@type\":\"SearchAction\",\"target\":{\"@type\":\"EntryPoint\",\"urlTemplate\":\"https:\\\/\\\/www.asevegarches.fr\\\/blog\\\/?s={search_term_string}\"},\"query-input\":{\"@type\":\"PropertyValueSpecification\",\"valueRequired\":true,\"valueName\":\"search_term_string\"}}],\"inLanguage\":\"fr-FR\"},{\"@type\":\"Organization\",\"@id\":\"https:\\\/\\\/www.asevegarches.fr\\\/blog\\\/#organization\",\"name\":\"Association de Sauvegarde des Espaces Verts et de l'Environnement\",\"alternateName\":\"ASEVE\",\"url\":\"https:\\\/\\\/www.asevegarches.fr\\\/blog\\\/\",\"logo\":{\"@type\":\"ImageObject\",\"inLanguage\":\"fr-FR\",\"@id\":\"https:\\\/\\\/www.asevegarches.fr\\\/blog\\\/#\\\/schema\\\/logo\\\/image\\\/\",\"url\":\"https:\\\/\\\/i0.wp.com\\\/www.asevegarches.fr\\\/blog\\\/wp-content\\\/uploads\\\/2022\\\/10\\\/LOGO_logo-facebook.jpg?fit=1501%2C1501\",\"contentUrl\":\"https:\\\/\\\/i0.wp.com\\\/www.asevegarches.fr\\\/blog\\\/wp-content\\\/uploads\\\/2022\\\/10\\\/LOGO_logo-facebook.jpg?fit=1501%2C1501\",\"width\":1501,\"height\":1501,\"caption\":\"Association de Sauvegarde des Espaces Verts et de l'Environnement\"},\"image\":{\"@id\":\"https:\\\/\\\/www.asevegarches.fr\\\/blog\\\/#\\\/schema\\\/logo\\\/image\\\/\"}},{\"@type\":\"Person\",\"@id\":\"https:\\\/\\\/www.asevegarches.fr\\\/blog\\\/#\\\/schema\\\/person\\\/428c8c0bdd5ce55a52d81a86ee606c15\",\"name\":\"aseve\",\"image\":{\"@type\":\"ImageObject\",\"inLanguage\":\"fr-FR\",\"@id\":\"https:\\\/\\\/secure.gravatar.com\\\/avatar\\\/ecef828e21d04ee42984b2273fa699b5c50be14dac440c25fd3edc29fb334f7b?s=96&d=mm&r=g\",\"url\":\"https:\\\/\\\/secure.gravatar.com\\\/avatar\\\/ecef828e21d04ee42984b2273fa699b5c50be14dac440c25fd3edc29fb334f7b?s=96&d=mm&r=g\",\"contentUrl\":\"https:\\\/\\\/secure.gravatar.com\\\/avatar\\\/ecef828e21d04ee42984b2273fa699b5c50be14dac440c25fd3edc29fb334f7b?s=96&d=mm&r=g\",\"caption\":\"aseve\"},\"url\":\"https:\\\/\\\/www.asevegarches.fr\\\/blog\\\/author\\\/admin\\\/\"}]}<\/script>\n<!-- \/ Yoast SEO plugin. -->","yoast_head_json":{"title":"Hippodrome de Saint-Cloud (Presse) - ASEVE GARCHES","robots":{"index":"index","follow":"follow","max-snippet":"max-snippet:-1","max-image-preview":"max-image-preview:large","max-video-preview":"max-video-preview:-1"},"canonical":"https:\/\/www.asevegarches.fr\/blog\/2015\/03\/18\/hippodrome-de-saint-cloud-liens\/","og_locale":"fr_FR","og_type":"article","og_title":"Hippodrome de Saint-Cloud (Presse) - ASEVE GARCHES","og_description":"Saint-Cloud Conf\u00e9rences de presse Hippodrome\u00a0http:\/\/www.saintcloud.fr\/actualite Suresnes http:\/\/www.suresnes.fr\/Actualites\/Preservons-l-hippodrome-de-Saint-Cloud Rueil http:\/\/www.mairie-rueilmalmaison.fr\/petitionhippodrome Garches http:\/\/www.ville-garches.fr\/templates\/mdg_2k6_home\/rubriqcinq.swf \u00a0p\u00e9tition en ligne (lanc\u00e9e par la Ville de Saint-Cloud et relay\u00e9 par le site de Rueil &amp; Suresnes &amp; Garches) sur le site mes opinions \u00a0http:\/\/www.mesopinions.com\/petition\/politique\/preservons-hippodrome-saint-cloud-construction-imposee\/13926 Petit d\u00e9grossissage: 1-","og_url":"https:\/\/www.asevegarches.fr\/blog\/2015\/03\/18\/hippodrome-de-saint-cloud-liens\/","og_site_name":"ASEVE GARCHES","article_published_time":"2015-03-18T09:47:12+00:00","article_modified_time":"2015-09-25T16:08:31+00:00","author":"aseve","twitter_card":"summary_large_image","twitter_misc":{"\u00c9crit par":"aseve","Dur\u00e9e de lecture estim\u00e9e":"2 minutes"},"schema":{"@context":"https:\/\/schema.org","@graph":[{"@type":"Article","@id":"https:\/\/www.asevegarches.fr\/blog\/2015\/03\/18\/hippodrome-de-saint-cloud-liens\/#article","isPartOf":{"@id":"https:\/\/www.asevegarches.fr\/blog\/2015\/03\/18\/hippodrome-de-saint-cloud-liens\/"},"author":{"name":"aseve","@id":"https:\/\/www.asevegarches.fr\/blog\/#\/schema\/person\/428c8c0bdd5ce55a52d81a86ee606c15"},"headline":"Hippodrome de Saint-Cloud (Presse)","datePublished":"2015-03-18T09:47:12+00:00","dateModified":"2015-09-25T16:08:31+00:00","mainEntityOfPage":{"@id":"https:\/\/www.asevegarches.fr\/blog\/2015\/03\/18\/hippodrome-de-saint-cloud-liens\/"},"wordCount":391,"publisher":{"@id":"https:\/\/www.asevegarches.fr\/blog\/#organization"},"keywords":["hippodrome"],"articleSection":["Actualit\u00e9s","Environnement"],"inLanguage":"fr-FR"},{"@type":"WebPage","@id":"https:\/\/www.asevegarches.fr\/blog\/2015\/03\/18\/hippodrome-de-saint-cloud-liens\/","url":"https:\/\/www.asevegarches.fr\/blog\/2015\/03\/18\/hippodrome-de-saint-cloud-liens\/","name":"Hippodrome de Saint-Cloud (Presse) - ASEVE GARCHES","isPartOf":{"@id":"https:\/\/www.asevegarches.fr\/blog\/#website"},"datePublished":"2015-03-18T09:47:12+00:00","dateModified":"2015-09-25T16:08:31+00:00","breadcrumb":{"@id":"https:\/\/www.asevegarches.fr\/blog\/2015\/03\/18\/hippodrome-de-saint-cloud-liens\/#breadcrumb"},"inLanguage":"fr-FR","potentialAction":[{"@type":"ReadAction","target":["https:\/\/www.asevegarches.fr\/blog\/2015\/03\/18\/hippodrome-de-saint-cloud-liens\/"]}]},{"@type":"BreadcrumbList","@id":"https:\/\/www.asevegarches.fr\/blog\/2015\/03\/18\/hippodrome-de-saint-cloud-liens\/#breadcrumb","itemListElement":[{"@type":"ListItem","position":1,"name":"Accueil","item":"https:\/\/www.asevegarches.fr\/blog\/"},{"@type":"ListItem","position":2,"name":"Hippodrome de Saint-Cloud (Presse)"}]},{"@type":"WebSite","@id":"https:\/\/www.asevegarches.fr\/blog\/#website","url":"https:\/\/www.asevegarches.fr\/blog\/","name":"ASEVE GARCHES","description":"","publisher":{"@id":"https:\/\/www.asevegarches.fr\/blog\/#organization"},"potentialAction":[{"@type":"SearchAction","target":{"@type":"EntryPoint","urlTemplate":"https:\/\/www.asevegarches.fr\/blog\/?s={search_term_string}"},"query-input":{"@type":"PropertyValueSpecification","valueRequired":true,"valueName":"search_term_string"}}],"inLanguage":"fr-FR"},{"@type":"Organization","@id":"https:\/\/www.asevegarches.fr\/blog\/#organization","name":"Association de Sauvegarde des Espaces Verts et de l'Environnement","alternateName":"ASEVE","url":"https:\/\/www.asevegarches.fr\/blog\/","logo":{"@type":"ImageObject","inLanguage":"fr-FR","@id":"https:\/\/www.asevegarches.fr\/blog\/#\/schema\/logo\/image\/","url":"https:\/\/i0.wp.com\/www.asevegarches.fr\/blog\/wp-content\/uploads\/2022\/10\/LOGO_logo-facebook.jpg?fit=1501%2C1501","contentUrl":"https:\/\/i0.wp.com\/www.asevegarches.fr\/blog\/wp-content\/uploads\/2022\/10\/LOGO_logo-facebook.jpg?fit=1501%2C1501","width":1501,"height":1501,"caption":"Association de Sauvegarde des Espaces Verts et de l'Environnement"},"image":{"@id":"https:\/\/www.asevegarches.fr\/blog\/#\/schema\/logo\/image\/"}},{"@type":"Person","@id":"https:\/\/www.asevegarches.fr\/blog\/#\/schema\/person\/428c8c0bdd5ce55a52d81a86ee606c15","name":"aseve","image":{"@type":"ImageObject","inLanguage":"fr-FR","@id":"https:\/\/secure.gravatar.com\/avatar\/ecef828e21d04ee42984b2273fa699b5c50be14dac440c25fd3edc29fb334f7b?s=96&d=mm&r=g","url":"https:\/\/secure.gravatar.com\/avatar\/ecef828e21d04ee42984b2273fa699b5c50be14dac440c25fd3edc29fb334f7b?s=96&d=mm&r=g","contentUrl":"https:\/\/secure.gravatar.com\/avatar\/ecef828e21d04ee42984b2273fa699b5c50be14dac440c25fd3edc29fb334f7b?s=96&d=mm&r=g","caption":"aseve"},"url":"https:\/\/www.asevegarches.fr\/blog\/author\/admin\/"}]}},"jetpack_featured_media_url":"","jetpack_sharing_enabled":true,"jetpack_shortlink":"https:\/\/wp.me\/p6YGVC-4k","jetpack-related-posts":[{"id":1064,"url":"https:\/\/www.asevegarches.fr\/blog\/2015\/09\/25\/hippodrome-de-saint-cloud-abandon-du-projet\/","url_meta":{"origin":268,"position":0},"title":"Hippodrome de Saint-Cloud : abandon du projet","author":"aseve","date":"25 septembre 2015","format":false,"excerpt":"25\/09\/2015 Les 6 000 logements ne seront pas construits. Un courrier du Ministre du logement, Madame Sylvia Pinel, envoy\u00e9 aux \u00e9lus locaux informe que \"cette hypoth\u00e8se est d\u00e9finitivement \u00e9cart\u00e9e compte tenu de l'opposition exprim\u00e9e et de l'impact environnemental qu'aurait eu un tel projet\". Une belle victoire ! La mobilisation des\u2026","rel":"","context":"Dans &quot;Actualit\u00e9s&quot;","block_context":{"text":"Actualit\u00e9s","link":"https:\/\/www.asevegarches.fr\/blog\/category\/actualites\/"},"img":{"alt_text":"Hippo St Cloud","src":"https:\/\/i0.wp.com\/www.asevegarches.fr\/blog\/wp-content\/uploads\/2015\/09\/Hippo-St-Cloud.png?resize=350%2C200&ssl=1","width":350,"height":200},"classes":[]},{"id":621,"url":"https:\/\/www.asevegarches.fr\/blog\/2015\/08\/07\/projet-de-6000-logements-sur-lhippodrome-de-saint-cloud\/","url_meta":{"origin":268,"position":1},"title":"Projet sur l&rsquo;hippodrome de Saint-Cloud","author":"aseve","date":"7 ao\u00fbt 2015","format":false,"excerpt":"07\/08\/2015 La mobilisation, notamment de l'ASEVE, a port\u00e9 ses fruits. M. BERDOATI, maire de Saint-Cloud, nous communique : \"Juin dernier, une r\u00e9union a eu lieu \u00e0 la Pr\u00e9fecture des Hauts-de-Seine, sous la forme d\u2019un atelier du Grand Paris, en pr\u00e9sence du Pr\u00e9fet, du Pr\u00e9sident de l\u2019Agence fonci\u00e8re et technique de\u2026","rel":"","context":"Dans &quot;Actualit\u00e9s&quot;","block_context":{"text":"Actualit\u00e9s","link":"https:\/\/www.asevegarches.fr\/blog\/category\/actualites\/"},"img":{"alt_text":"","src":"https:\/\/i0.wp.com\/www.asevegarches.fr\/blog\/wp-content\/uploads\/2015\/08\/photo-hippodrome-300x225.jpg?resize=350%2C200&ssl=1","width":350,"height":200},"classes":[]},{"id":2034,"url":"https:\/\/www.asevegarches.fr\/blog\/2016\/02\/05\/decouvrez-le-golf-de-saint-cloud\/","url_meta":{"origin":268,"position":2},"title":"D\u00e9couvrez le golf de Saint-Cloud","author":"aseve","date":"5 f\u00e9vrier 2016","format":false,"excerpt":"Une occasion unique s'offre \u00e0 vous de d\u00e9couvrir le Golf de Saint-Cloud et son c\u00e9l\u00e8bre club house. Rendez-vous : lundi 14 mars \u00e0 15 h devant l'entr\u00e9e au 60 rue du 19 Janvier \u00e0 Garches Inscription obligatoire par t\u00e9l\u00e9phone au 01 47 01 01 85 ou par mail : golf@golfsaintcloud.com\u2026","rel":"","context":"Dans &quot;Actualit\u00e9s&quot;","block_context":{"text":"Actualit\u00e9s","link":"https:\/\/www.asevegarches.fr\/blog\/category\/actualites\/"},"img":{"alt_text":"photo golf","src":"https:\/\/i0.wp.com\/www.asevegarches.fr\/blog\/wp-content\/uploads\/2016\/02\/photo-golf-300x201.jpg?resize=350%2C200&ssl=1","width":350,"height":200},"classes":[]},{"id":2635,"url":"https:\/\/www.asevegarches.fr\/blog\/2018\/07\/13\/nouveau-concessionnaire-pavillon-piqueur\/","url_meta":{"origin":268,"position":3},"title":"UN NOUVEAU CONCESSIONNAIRE POUR LE PAVILLON DU PIQUEUR","author":"aseve","date":"13 juillet 2018","format":false,"excerpt":"13\/07\/2018 Le Centre des monuments nationaux a retenu le projet pr\u00e9sent\u00e9 par Espaces pour la concession du Pavillon du Piqueur situ\u00e9 dans le domaine national de Saint-Cloud. Espaces, association d\u2019insertion par l\u2019\u00e9cologie urbaine, a \u00e9t\u00e9 retenue par le Centre des monuments nationaux comme nouveau concessionnaire du Pavillon du Piqueur et\u2026","rel":"","context":"Dans &quot;Actualit\u00e9s&quot;","block_context":{"text":"Actualit\u00e9s","link":"https:\/\/www.asevegarches.fr\/blog\/category\/actualites\/"},"img":{"alt_text":"","src":"","width":0,"height":0},"classes":[]},{"id":2191,"url":"https:\/\/www.asevegarches.fr\/blog\/2016\/04\/26\/poumon-vert-louest-parisien-golf-saint-cloud\/","url_meta":{"origin":268,"position":4},"title":"Un \u00ab\u00a0Poumon vert\u00a0\u00bb pour l&rsquo;ouest parisien ! Le golf de Saint-Cloud","author":"aseve","date":"26 avril 2016","format":false,"excerpt":"Lundi 14 mars 2016 : journ\u00e9e d\u00e9couverte du Golf de Saint-Cloud pour les habitants de Garches. Le Golf de Saint-Cloud a organis\u00e9 une journ\u00e9e \"Porte ouverte\" pour les habitants de Garches. Pr\u00e8s de 200 Garchois se sont retrouv\u00e9s au Golf de Saint-Cloud le lundi 14 mars dernier. Apr\u00e8s une rapide\u2026","rel":"","context":"Dans &quot;Actualit\u00e9s&quot;","block_context":{"text":"Actualit\u00e9s","link":"https:\/\/www.asevegarches.fr\/blog\/category\/actualites\/"},"img":{"alt_text":"photo (1)","src":"https:\/\/i0.wp.com\/www.asevegarches.fr\/blog\/wp-content\/uploads\/2016\/04\/photo-1-300x225.jpg?resize=350%2C200&ssl=1","width":350,"height":200},"classes":[]},{"id":2659,"url":"https:\/\/www.asevegarches.fr\/blog\/2019\/10\/03\/protegeons-notre-environnement\/","url_meta":{"origin":268,"position":5},"title":"PROT\u00c9GEONS NOTRE ENVIRONNEMENT","author":"aseve","date":"3 octobre 2019","format":false,"excerpt":"03\/10\/2019 NETTOYONS LA NATURE AU PARC DE SAINT-CLOUD Le 29 septembre 2019, malgr\u00e9 une m\u00e9t\u00e9o peu favorable, l\u2019ASEVE a accueilli les participants motiv\u00e9s pour nettoyer le Parc de Saint-Cloud avec la collaboration de l\u2019association Espaces et du Domaine. Les chevaux et les cal\u00e8ches d\u2019Espaces se sont charg\u00e9s de la collecte\u2026","rel":"","context":"Dans &quot;Actualit\u00e9s&quot;","block_context":{"text":"Actualit\u00e9s","link":"https:\/\/www.asevegarches.fr\/blog\/category\/actualites\/"},"img":{"alt_text":"","src":"https:\/\/i0.wp.com\/www.asevegarches.fr\/blog\/wp-content\/uploads\/2019\/10\/NETTOYONS-LA-NATURE-300x229.jpg?resize=350%2C200&ssl=1","width":350,"height":200},"classes":[]}],"_links":{"self":[{"href":"https:\/\/www.asevegarches.fr\/blog\/wp-json\/wp\/v2\/posts\/268","targetHints":{"allow":["GET"]}}],"collection":[{"href":"https:\/\/www.asevegarches.fr\/blog\/wp-json\/wp\/v2\/posts"}],"about":[{"href":"https:\/\/www.asevegarches.fr\/blog\/wp-json\/wp\/v2\/types\/post"}],"author":[{"embeddable":true,"href":"https:\/\/www.asevegarches.fr\/blog\/wp-json\/wp\/v2\/users\/1"}],"replies":[{"embeddable":true,"href":"https:\/\/www.asevegarches.fr\/blog\/wp-json\/wp\/v2\/comments?post=268"}],"version-history":[{"count":14,"href":"https:\/\/www.asevegarches.fr\/blog\/wp-json\/wp\/v2\/posts\/268\/revisions"}],"predecessor-version":[{"id":1270,"href":"https:\/\/www.asevegarches.fr\/blog\/wp-json\/wp\/v2\/posts\/268\/revisions\/1270"}],"wp:attachment":[{"href":"https:\/\/www.asevegarches.fr\/blog\/wp-json\/wp\/v2\/media?parent=268"}],"wp:term":[{"taxonomy":"category","embeddable":true,"href":"https:\/\/www.asevegarches.fr\/blog\/wp-json\/wp\/v2\/categories?post=268"},{"taxonomy":"post_tag","embeddable":true,"href":"https:\/\/www.asevegarches.fr\/blog\/wp-json\/wp\/v2\/tags?post=268"}],"curies":[{"name":"wp","href":"https:\/\/api.w.org\/{rel}","templated":true}]}}